{"id":10000399,"date":"2019-02-01T15:55:53","date_gmt":"2019-02-01T15:55:53","guid":{"rendered":"https:\/\/delightfull.eu\/inspirations\/?p=10000399"},"modified":"2019-02-01T15:58:33","modified_gmt":"2019-02-01T15:58:33","slug":"ana-roque-interiors-a-marca-portuguesa-que-deve-conhecer","status":"publish","type":"post","link":"https:\/\/delightfull.eu\/inspirations\/2019\/02\/01\/ana-roque-interiors-a-marca-portuguesa-que-deve-conhecer\/","title":{"rendered":"Ana Roque Interiors, A Marca Portuguesa Que Deve Conhecer"},"content":{"rendered":"\n<h2 class=\"wp-block-heading\">Quando pensamos em design de interiores, esta \u00e9 a marca que fica na mente!<\/h2>\n\n\n\n<p>Boa sexta-feira a todos os nossos leitores! Ap\u00f3s uma semana de trabalho, resolvemos fechar com chave de ouro e apresent\u00e1mos-lhe a marca <em><strong>Ana Roque Interiors<\/strong><\/em>, a <em><\/em> que merece a sua aten\u00e7\u00e3o. Curioso para saber mais sobre esta tem\u00e1tica? Ent\u00e3o fique desse lado!<\/p>\n\n\n\n<hr class=\"wp-block-separator\">\n\n\n\n<p>Saiba Mais Aqui: <\/p>\n\n\n\n<hr class=\"wp-block-separator\">\n\n\n\n\n\n<p>Para uma introdu\u00e7\u00e3o muito breve sobre o que \u00e9 a marca e o que representa, resolvemos citar aqui o que Ana Roque tem escrito no seu site:<\/p>\n\n\n\n<a class=\"bannerDinamicAction\" href=\"https:\/\/www.delightfull.eu\/en\/heritage\/table\/amy?utm_source=delightfull-inspirations&amp;utm_medium=ArticleBanner&amp;utm_campaign=DynamicBanners&amp;utm_term=313&amp;utm_content=amy_tablelamp\" target=\"_blank\" data-imageid=\"313\">\n    <img class=\"img-responsive\" src=\"https:\/\/modernfloorlamps.net\/wp-content\/uploads\/2019\/02\/banner-amy-table-.gif\" alt=\"product,black,amy,amytable,tablelamp\"><\/a>\n\n\n\n\n\n<blockquote class=\"wp-block-quote\"><p><em>A <\/em><strong><em>Ana Roque Interiors<\/em><\/strong><em> \u00e9 uma  criada em 1996 por Ana Roque, reconhecida designer de interiores com larga experi\u00eancia no desenvolvimento de mobili\u00e1rio e ilumina\u00e7\u00e3o para parceiros internacionais em v\u00e1rios pa\u00edses, como: Angola, Espanha, Fran\u00e7a, Marrocos, Qatar, EUA, Sri Lanka e Ar\u00e1bia Saudita. <\/em><\/p><\/blockquote>\n\n\n\n\n\n<p>\u00c9 na capital portuguesa que podemos encontrar a sede desta empresa, mais concretamente no cora\u00e7\u00e3o de Lisboa, e este espa\u00e7o inclui os departamentos financeiro, comercial e criativo, al\u00e9m de uma meeting room, uma <em><\/em>, um showroom de mais de 800m2, e um armaz\u00e9m onde \u00e9 organizada a distribui\u00e7\u00e3o nacional e internacional da marca.<\/p>\n\n\n\n\n\n<p>As pe\u00e7as s\u00e3o em grande parte apreciadas pelo seu <em>design \u00fanico<\/em> e alta qualidade, gra\u00e7as a uma equipa de especialistas que seguem os passos da arte do <em><\/em>.<\/p>\n\n\n\n\n\n<blockquote class=\"wp-block-quote\"><p><em>A singularidade \u00e9\u00a0tamb\u00e9m resultado de uma cuidadosa sele\u00e7\u00e3o das mat\u00e9rias-primas utilizadas como vidro, a\u00e7o inoxid\u00e1vel, lat\u00e3o, madeira, entre outros. \u00c9 esta variedade que permite que esta  d\u00ea vida \u00e0s cria\u00e7\u00f5es mais vers\u00e1teis e sofisticadas. <\/em><\/p><\/blockquote>\n\n\n\n<figure class=\"wp-block-image is-resized\"><a href=\"http:\/\/bit.ly\/2S20ObG\" target=\"_blank\" rel=\"noreferrer noopener\"><img decoding=\"async\" src=\"https:\/\/delightfull.eu\/inspirations\/wp-content\/uploads\/2019\/02\/Ana-Roque-Interiors-A-Marca-Portuguesa-Que-Deve-Conhecer-4-1024x681.jpg\" alt=\"Ana Roque Interiors, A Marca Portuguesa Que Deve Conhecer 4\" class=\"wp-image-10000417\" width=\"800\" srcset=\"https:\/\/delightfull.eu\/inspirations\/wp-content\/uploads\/2019\/02\/Ana-Roque-Interiors-A-Marca-Portuguesa-Que-Deve-Conhecer-4-1024x681.jpg 1024w, https:\/\/delightfull.eu\/inspirations\/wp-content\/uploads\/2019\/02\/Ana-Roque-Interiors-A-Marca-Portuguesa-Que-Deve-Conhecer-4-300x200.jpg 300w, https:\/\/delightfull.eu\/inspirations\/wp-content\/uploads\/2019\/02\/Ana-Roque-Interiors-A-Marca-Portuguesa-Que-Deve-Conhecer-4-770x512.jpg 770w, https:\/\/delightfull.eu\/inspirations\/wp-content\/uploads\/2019\/02\/Ana-Roque-Interiors-A-Marca-Portuguesa-Que-Deve-Conhecer-4-370x247.jpg 370w, https:\/\/delightfull.eu\/inspirations\/wp-content\/uploads\/2019\/02\/Ana-Roque-Interiors-A-Marca-Portuguesa-Que-Deve-Conhecer-4-293x195.jpg 293w, https:\/\/delightfull.eu\/inspirations\/wp-content\/uploads\/2019\/02\/Ana-Roque-Interiors-A-Marca-Portuguesa-Que-Deve-Conhecer-4.jpg 1350w\" sizes=\"(max-width: 1024px) 100vw, 1024px\"><\/a><\/figure>\n\n\n\n<p>Para al\u00e9m da qualidade de produtos, <em><strong>Ana Roque Interiors<\/strong><\/em> \u00e9 uma marca que se mant\u00e9m fiel \u00e0s principais tend\u00eancias da <em><\/em>. Outro ponto a seu favor \u00e9 a constante cria\u00e7\u00e3o de novos conceitos de design que permitem \u00e0 marca individualizar e personalizar os projetos de acordo com as prefer\u00eancias e necessidades do cliente, com um n\u00edvel est\u00e9tico de excel\u00eancia e car\u00e1ter global.<\/p>\n\n\n\n<figure class=\"wp-block-image is-resized\"><a href=\"http:\/\/bit.ly\/2S20ObG\" target=\"_blank\" rel=\"noreferrer noopener\"><img decoding=\"async\" src=\"https:\/\/delightfull.eu\/inspirations\/wp-content\/uploads\/2019\/02\/Ana-Roque-Interiors-A-Marca-Portuguesa-Que-Deve-Conhecer-10-1024x693.jpg\" alt=\"Ana Roque Interiors, A Marca Portuguesa Que Deve Conhecer 10\" class=\"wp-image-10000419\" width=\"800\" srcset=\"https:\/\/delightfull.eu\/inspirations\/wp-content\/uploads\/2019\/02\/Ana-Roque-Interiors-A-Marca-Portuguesa-Que-Deve-Conhecer-10-1024x693.jpg 1024w, https:\/\/delightfull.eu\/inspirations\/wp-content\/uploads\/2019\/02\/Ana-Roque-Interiors-A-Marca-Portuguesa-Que-Deve-Conhecer-10-300x203.jpg 300w, https:\/\/delightfull.eu\/inspirations\/wp-content\/uploads\/2019\/02\/Ana-Roque-Interiors-A-Marca-Portuguesa-Que-Deve-Conhecer-10-770x521.jpg 770w, https:\/\/delightfull.eu\/inspirations\/wp-content\/uploads\/2019\/02\/Ana-Roque-Interiors-A-Marca-Portuguesa-Que-Deve-Conhecer-10-293x198.jpg 293w, https:\/\/delightfull.eu\/inspirations\/wp-content\/uploads\/2019\/02\/Ana-Roque-Interiors-A-Marca-Portuguesa-Que-Deve-Conhecer-10.jpg 1309w\" sizes=\"(max-width: 1024px) 100vw, 1024px\"><\/a><\/figure>\n\n\n\n<p>Sendo esta uma marca que vai de encontro \u00e0s pe\u00e7as que a DelightFULL produz, aqui se encontram algumas sugest\u00f5es de como conjugar as mesmas em ambientes proporcionados pela marca de <em><\/em> de Ana Roque.<\/p>\n\n\n\n<h4 class=\"wp-block-heading\">Que tal Meola, o <em>candeeiro de mesa<\/em> perfeito para o seu escrit\u00f3rio? N\u00e3o pense 2x, n\u00e3o se vai arrepender!<\/h4>\n\n\n\n\n\n<div class=\"wp-block-image\"><figure class=\"aligncenter\"><a href=\"http:\/\/bit.ly\/2S56ba3\" target=\"_blank\" rel=\"noreferrer noopener\"><img loading=\"lazy\" decoding=\"async\" width=\"200\" height=\"40\" src=\"https:\/\/delightfull.eu\/inspirations\/wp-content\/uploads\/2019\/02\/Bot%C3%A3o-Buy-Now.png\" alt=\"\" class=\"wp-image-10000423\"><\/a><\/figure><\/div>\n\n\n\n<h4 class=\"wp-block-heading\">Ou ent\u00e3o Pastorius para o seu quarto, o candeeiro de parede mais vers\u00e1til e que ocupa menos espa\u00e7o.<\/h4>\n\n\n\n<figure class=\"wp-block-image\"><a href=\"http:\/\/bit.ly\/2RZcZ93\" target=\"_blank\" rel=\"noreferrer noopener\"><img loading=\"lazy\" decoding=\"async\" width=\"800\" height=\"600\" src=\"https:\/\/delightfull.eu\/inspirations\/wp-content\/uploads\/2019\/02\/Ana-Roque-Interiors-A-Marca-Portuguesa-Que-Deve-Conhecer-2.png\" alt=\"Ana Roque Interiors, A Marca Portuguesa Que Deve Conhecer 2\" class=\"wp-image-10000421\" srcset=\"https:\/\/delightfull.eu\/inspirations\/wp-content\/uploads\/2019\/02\/Ana-Roque-Interiors-A-Marca-Portuguesa-Que-Deve-Conhecer-2.png 800w, https:\/\/delightfull.eu\/inspirations\/wp-content\/uploads\/2019\/02\/Ana-Roque-Interiors-A-Marca-Portuguesa-Que-Deve-Conhecer-2-300x225.png 300w, https:\/\/delightfull.eu\/inspirations\/wp-content\/uploads\/2019\/02\/Ana-Roque-Interiors-A-Marca-Portuguesa-Que-Deve-Conhecer-2-770x578.png 770w, https:\/\/delightfull.eu\/inspirations\/wp-content\/uploads\/2019\/02\/Ana-Roque-Interiors-A-Marca-Portuguesa-Que-Deve-Conhecer-2-293x220.png 293w\" sizes=\"(max-width: 800px) 100vw, 800px\"><\/a><\/figure>\n\n\n\n\n\n<h4 class=\"wp-block-heading\">Se quer iluminar a sua sala de estar, aqui tem Hendrix, perfeito n\u00e3o?<\/h4>\n\n\n\n<figure class=\"wp-block-image\"><a href=\"http:\/\/bit.ly\/2S1m5lD\" target=\"_blank\" rel=\"noreferrer noopener\"><img loading=\"lazy\" decoding=\"async\" width=\"800\" height=\"600\" src=\"https:\/\/delightfull.eu\/inspirations\/wp-content\/uploads\/2019\/02\/Ana-Roque-Interiors-A-Marca-Portuguesa-Que-Deve-Conhecer-3.png\" alt=\"Ana Roque Interiors, A Marca Portuguesa Que Deve Conhecer 3\" class=\"wp-image-10000422\" srcset=\"https:\/\/delightfull.eu\/inspirations\/wp-content\/uploads\/2019\/02\/Ana-Roque-Interiors-A-Marca-Portuguesa-Que-Deve-Conhecer-3.png 800w, https:\/\/delightfull.eu\/inspirations\/wp-content\/uploads\/2019\/02\/Ana-Roque-Interiors-A-Marca-Portuguesa-Que-Deve-Conhecer-3-300x225.png 300w, https:\/\/delightfull.eu\/inspirations\/wp-content\/uploads\/2019\/02\/Ana-Roque-Interiors-A-Marca-Portuguesa-Que-Deve-Conhecer-3-770x578.png 770w, https:\/\/delightfull.eu\/inspirations\/wp-content\/uploads\/2019\/02\/Ana-Roque-Interiors-A-Marca-Portuguesa-Que-Deve-Conhecer-3-293x220.png 293w\" sizes=\"(max-width: 800px) 100vw, 800px\"><\/a><\/figure>\n\n\n\n<div class=\"wp-block-image\"><figure class=\"aligncenter\"><a href=\"http:\/\/bit.ly\/2RZ93oR\" target=\"_blank\" rel=\"noreferrer noopener\"><img loading=\"lazy\" decoding=\"async\" width=\"200\" height=\"40\" src=\"https:\/\/delightfull.eu\/inspirations\/wp-content\/uploads\/2019\/02\/Bot%C3%A3o-Buy-Now.png\" alt=\"\" class=\"wp-image-10000423\"><\/a><\/figure><\/div>\n\n\n\n<hr class=\"wp-block-separator\">\n\n\n\n<p>Saiba Mais Aqui: <a href=\"http:\/\/bit.ly\/2S6ctpJ\" target=\"_blank\" rel=\"noreferrer noopener\" aria-label=\"AS 10 TEND\u00caNCIAS DE DECORA\u00c7\u00c3O PARA A PRIMAVERA DE 2019 (opens in a new tab)\">AS 10 TEND\u00caNCIAS DE DECORA\u00c7\u00c3O PARA A PRIMAVERA DE 2019<\/a><\/p>\n\n\n\n<hr class=\"wp-block-separator\">\n\n\n\n<p>Visite a nossa p\u00e1gina no\u00a0<a rel=\"noreferrer noopener\" href=\"http:\/\/bit.ly\/2Q1Iazu\" target=\"_blank\">Pinterest<\/a>\u00a0para que lhe possamos oferecer mais inspira\u00e7\u00e3o. Aqui encontrar\u00e1 tudo o que precisa para os seus projetos de interiores e encontrar op\u00e7\u00f5es funcionais, elegantes e consider\u00e1veis de ilumina\u00e7\u00e3o e mobili\u00e1rio. Certifique-se que faz o\u00a0<a rel=\"noreferrer noopener\" href=\"http:\/\/www.delightfull.eu\/landing-page\/ebooks\/?utm_source=aalves&amp;utm_medium=BlogUnique&amp;utm_campaign=LinksTexto\" target=\"_blank\">download<\/a>\u00a0do nosso mais recente E-book: \u2018<a rel=\"noreferrer noopener\" href=\"http:\/\/bit.ly\/2U8zKUq\" target=\"_blank\">10 Years of a Delightful Story!<\/a>\u2018<\/p>\n\n\n\n<a class=\"bannerDinamicAction\" href=\":\/\/\" target=\"_blank\" data-imageid=\"0\">\n    <img class=\"img-responsive\" src=\"\" alt=\"\"><\/a>\n","protected":false},"excerpt":{"rendered":"<p>Quando pensamos em design de interiores, esta \u00e9 a marca que fica na mente! Boa sexta-feira a todos os nossos leitores! Ap\u00f3s uma semana de trabalho, resolvemos fechar com chave de ouro e apresent\u00e1mos-lhe a marca Ana Roque Interiors, a que merece a sua aten\u00e7\u00e3o. Curioso para saber mais sobre esta tem\u00e1tica? Ent\u00e3o fique desse lado! Saiba Mais Aqui: Para uma introdu\u00e7\u00e3o muito breve sobre o que \u00e9 a marca e o que representa, resolvemos citar aqui o que Ana [&hellip;]<\/p>\n","protected":false},"author":20,"featured_media":10000426,"comment_status":"open","ping_status":"open","sticky":false,"template":"","format":"standard","meta":{"footnotes":"","_links_to":"","_links_to_target":""},"categories":[2776,3920,3915],"tags":[4366,4370,3980,4367,4368,4365,4191,4369],"_links":{"self":[{"href":"https:\/\/delightfull.eu\/inspirations\/wp-json\/wp\/v2\/posts\/10000399"}],"collection":[{"href":"https:\/\/delightfull.eu\/inspirations\/wp-json\/wp\/v2\/posts"}],"about":[{"href":"https:\/\/delightfull.eu\/inspirations\/wp-json\/wp\/v2\/types\/post"}],"author":[{"embeddable":true,"href":"https:\/\/delightfull.eu\/inspirations\/wp-json\/wp\/v2\/users\/20"}],"replies":[{"embeddable":true,"href":"https:\/\/delightfull.eu\/inspirations\/wp-json\/wp\/v2\/comments?post=10000399"}],"version-history":[{"count":9,"href":"https:\/\/delightfull.eu\/inspirations\/wp-json\/wp\/v2\/posts\/10000399\/revisions"}],"predecessor-version":[{"id":10000430,"href":"https:\/\/delightfull.eu\/inspirations\/wp-json\/wp\/v2\/posts\/10000399\/revisions\/10000430"}],"wp:featuredmedia":[{"embeddable":true,"href":"https:\/\/delightfull.eu\/inspirations\/wp-json\/wp\/v2\/media\/10000426"}],"wp:attachment":[{"href":"https:\/\/delightfull.eu\/inspirations\/wp-json\/wp\/v2\/media?parent=10000399"}],"wp:term":[{"taxonomy":"category","embeddable":true,"href":"https:\/\/delightfull.eu\/inspirations\/wp-json\/wp\/v2\/categories?post=10000399"},{"taxonomy":"post_tag","embeddable":true,"href":"https:\/\/delightfull.eu\/inspirations\/wp-json\/wp\/v2\/tags?post=10000399"}],"curies":[{"name":"wp","href":"https:\/\/api.w.org\/{rel}","templated":true}]}}