{"id":10000468,"date":"2019-02-05T10:43:54","date_gmt":"2019-02-05T10:43:54","guid":{"rendered":"https:\/\/delightfull.eu\/inspirations\/?p=10000468"},"modified":"2019-02-05T10:43:56","modified_gmt":"2019-02-05T10:43:56","slug":"lamparas-rojas-para-el-dia-de-san-valentin","status":"publish","type":"post","link":"https:\/\/delightfull.eu\/inspirations\/2019\/02\/05\/lamparas-rojas-para-el-dia-de-san-valentin\/","title":{"rendered":"\u00a1 L\u00e1mparas Rojas Para El D\u00eda De San Valentin!"},"content":{"rendered":"\n<p>\u00a1Cuando el D\u00eda de San Valent\u00edn se aproxima y las mejores<em><strong> <a href=\"https:\/\/delightfull.eu\/inspirations\/2019\/01\/03\/clasicos-delightfull-las-mas-iconicas-lamparas-piso\/?utm_source=iteixeira&amp;utm_medium=Inspirations&amp;utm_campaign=Linkstexto\" target=\"_blank\" rel=\"noreferrer noopener\" aria-label=\" (opens in a new tab)\">L\u00e1mparas Rojas<\/a> <\/strong><\/em>est\u00e1n aqu\u00ed para completar tu casa!<\/p>\n\n\n\n<hr class=\"wp-block-separator\">\n\n\n\n<p><em><strong>DESCUBRE M\u00c1S:<\/strong><\/em> <a rel=\"noreferrer noopener\" aria-label=\"L\u00e1mparas Industriales Qu\u00e9 Van Iluminar Toda Tu Casa (opens in a new tab)\" href=\"https:\/\/delightfull.eu\/inspirations\/2019\/01\/31\/lamparas-industriales-que-van-iluminar-toda-tu-casa\/?utm_source=iteixeira&amp;utm_medium=Inspirations&amp;utm_campaign=Seealso\" target=\"_blank\">L\u00e1mparas Industriales Qu\u00e9 Van Iluminar Toda Tu Casa<\/a><\/p>\n\n\n\n<hr class=\"wp-block-separator\">\n\n\n\n<p><\/p>\n\n\n\n<figure class=\"wp-block-image\"><a href=\"https:\/\/delightfull.eu\/inspirations\/2019\/01\/03\/clasicos-delightfull-las-mas-iconicas-lamparas-piso\/?utm_source=iteixeira&amp;utm_medium=Inspirations&amp;utm_campaign=Imagem\" target=\"_blank\" rel=\"noreferrer noopener\"><img loading=\"lazy\" decoding=\"async\" width=\"800\" height=\"900\" src=\"https:\/\/delightfull.eu\/inspirations\/wp-content\/uploads\/2019\/02\/%C2%A1-L%C3%A1mparas-Rojas-Para-El-D%C3%ADa-De-San-Valentin-2.png\" alt=\"\u00a1 L\u00e1mparas Rojas Para El D\u00eda De San Valentin! (2)\" class=\"wp-image-10000471\" srcset=\"https:\/\/delightfull.eu\/inspirations\/wp-content\/uploads\/2019\/02\/\u00a1-L\u00e1mparas-Rojas-Para-El-D\u00eda-De-San-Valentin-2.png 800w, https:\/\/delightfull.eu\/inspirations\/wp-content\/uploads\/2019\/02\/\u00a1-L\u00e1mparas-Rojas-Para-El-D\u00eda-De-San-Valentin-2-267x300.png 267w, https:\/\/delightfull.eu\/inspirations\/wp-content\/uploads\/2019\/02\/\u00a1-L\u00e1mparas-Rojas-Para-El-D\u00eda-De-San-Valentin-2-770x866.png 770w, https:\/\/delightfull.eu\/inspirations\/wp-content\/uploads\/2019\/02\/\u00a1-L\u00e1mparas-Rojas-Para-El-D\u00eda-De-San-Valentin-2-293x330.png 293w\" sizes=\"(max-width: 800px) 100vw, 800px\"><\/a><\/figure>\n\n\n\n<p>Vamos celebrar el amor con l\u00e1s mejores <a rel=\"noreferrer noopener\" aria-label=\"L\u00e1mparas Rojas (opens in a new tab)\" href=\"https:\/\/delightfull.eu\/inspirations\/2019\/01\/03\/clasicos-delightfull-las-mas-iconicas-lamparas-piso\/?utm_source=iteixeira&amp;utm_medium=Inspirations&amp;utm_campaign=Linkstexto\" target=\"_blank\">L\u00e1mparas Rojas<\/a>, entre ellas est\u00e1n Diana y Sinatra. \u00bf Empezamos?<\/p>\n\n\n\n<a class=\"bannerDinamicAction\" href=\"https:\/\/www.delightfull.eu\/en\/heritage\/table\/amy?utm_source=delightfull-inspirations&amp;utm_medium=ArticleBanner&amp;utm_campaign=DynamicBanners&amp;utm_term=313&amp;utm_content=amy_tablelamp\" target=\"_blank\" data-imageid=\"313\">\n    <img class=\"img-responsive\" src=\"https:\/\/modernfloorlamps.net\/wp-content\/uploads\/2019\/02\/banner-amy-table-.gif\" alt=\"product,black,amy,amytable,tablelamp\"><\/a>\n\n\n\n<p><\/p>\n\n\n\n<figure class=\"wp-block-image\"><a href=\"https:\/\/www.delightfull.eu\/en\/heritage\/suspension\/diana?utm_source=iteixeira&amp;utm_medium=Inspirations&amp;utm_campaign=PecaDL\" target=\"_blank\" rel=\"noreferrer noopener\"><img loading=\"lazy\" decoding=\"async\" width=\"800\" height=\"900\" src=\"https:\/\/delightfull.eu\/inspirations\/wp-content\/uploads\/2019\/02\/%C2%A1-L%C3%A1mparas-Rojas-Para-El-D%C3%ADa-De-San-Valentin-3.png\" alt=\"\u00a1 L\u00e1mparas Rojas Para El D\u00eda De San Valentin! (3)\" class=\"wp-image-10000472\" srcset=\"https:\/\/delightfull.eu\/inspirations\/wp-content\/uploads\/2019\/02\/\u00a1-L\u00e1mparas-Rojas-Para-El-D\u00eda-De-San-Valentin-3.png 800w, https:\/\/delightfull.eu\/inspirations\/wp-content\/uploads\/2019\/02\/\u00a1-L\u00e1mparas-Rojas-Para-El-D\u00eda-De-San-Valentin-3-267x300.png 267w, https:\/\/delightfull.eu\/inspirations\/wp-content\/uploads\/2019\/02\/\u00a1-L\u00e1mparas-Rojas-Para-El-D\u00eda-De-San-Valentin-3-770x866.png 770w, https:\/\/delightfull.eu\/inspirations\/wp-content\/uploads\/2019\/02\/\u00a1-L\u00e1mparas-Rojas-Para-El-D\u00eda-De-San-Valentin-3-293x330.png 293w\" sizes=\"(max-width: 800px) 100vw, 800px\"><\/a><\/figure>\n\n\n\n<div class=\"wp-block-image\"><figure class=\"aligncenter\"><a href=\"https:\/\/www.delightfull.eu\/en\/heritage\/suspension\/diana?utm_source=iteixeira&amp;utm_medium=Inspirations&amp;utm_campaign=Buynow\" target=\"_blank\" rel=\"noreferrer noopener\"><img loading=\"lazy\" decoding=\"async\" width=\"665\" height=\"60\" src=\"https:\/\/delightfull.eu\/inspirations\/wp-content\/uploads\/2019\/02\/BOT%C3%83O-BUY-NOW-7.png\" alt=\"\" class=\"wp-image-10000461\" srcset=\"https:\/\/delightfull.eu\/inspirations\/wp-content\/uploads\/2019\/02\/BOT\u00c3O-BUY-NOW-7.png 665w, https:\/\/delightfull.eu\/inspirations\/wp-content\/uploads\/2019\/02\/BOT\u00c3O-BUY-NOW-7-300x27.png 300w, https:\/\/delightfull.eu\/inspirations\/wp-content\/uploads\/2019\/02\/BOT\u00c3O-BUY-NOW-7-293x26.png 293w\" sizes=\"(max-width: 665px) 100vw, 665px\"><\/a><\/figure><\/div>\n\n\n\n<p style=\"text-align:center\"><em><a href=\"https:\/\/www.delightfull.eu\/en\/heritage\/suspension\/diana?utm_source=iteixeira&amp;utm_medium=Inspirations&amp;utm_campaign=PecaDL\" target=\"_blank\" rel=\"noreferrer noopener\" aria-label=\"Diana L\u00e1mpara de Techo (opens in a new tab)\">Diana L\u00e1mpara de Techo<\/a><\/em><\/p>\n\n\n\n<p><a href=\"https:\/\/www.delightfull.eu\/en\/heritage\/suspension\/diana?utm_source=iteixeira&amp;utm_medium=Inspirations&amp;utm_campaign=PecaDL\" target=\"_blank\" rel=\"noreferrer noopener\" aria-label=\"Diana (opens in a new tab)\">Diana<\/a> \u00e9s \u00fanica, \u00fanica en su design, en su color, en su manera de se adaptar en cualquier parte de tu casa. Esta es una l\u00e1mpara que nos inspira por todas las raz\u00f3nes. <\/p>\n\n\n\n<figure class=\"wp-block-image\"><a href=\"https:\/\/www.delightfull.eu\/en\/heritage\/suspension\/diana?utm_source=iteixeira&amp;utm_medium=Inspirations&amp;utm_campaign=PecaDL\" target=\"_blank\" rel=\"noreferrer noopener\"><img loading=\"lazy\" decoding=\"async\" width=\"800\" height=\"900\" src=\"https:\/\/delightfull.eu\/inspirations\/wp-content\/uploads\/2019\/02\/%C2%A1-L%C3%A1mparas-Rojas-Para-El-D%C3%ADa-De-San-Valentin-4.png\" alt=\"\u00a1 L\u00e1mparas Rojas Para El D\u00eda De San Valentin! (4)\" class=\"wp-image-10000473\" srcset=\"https:\/\/delightfull.eu\/inspirations\/wp-content\/uploads\/2019\/02\/\u00a1-L\u00e1mparas-Rojas-Para-El-D\u00eda-De-San-Valentin-4.png 800w, https:\/\/delightfull.eu\/inspirations\/wp-content\/uploads\/2019\/02\/\u00a1-L\u00e1mparas-Rojas-Para-El-D\u00eda-De-San-Valentin-4-267x300.png 267w, https:\/\/delightfull.eu\/inspirations\/wp-content\/uploads\/2019\/02\/\u00a1-L\u00e1mparas-Rojas-Para-El-D\u00eda-De-San-Valentin-4-770x866.png 770w, https:\/\/delightfull.eu\/inspirations\/wp-content\/uploads\/2019\/02\/\u00a1-L\u00e1mparas-Rojas-Para-El-D\u00eda-De-San-Valentin-4-293x330.png 293w\" sizes=\"(max-width: 800px) 100vw, 800px\"><\/a><\/figure>\n\n\n\n<div class=\"wp-block-image\"><figure class=\"aligncenter\"><a href=\"https:\/\/www.delightfull.eu\/en\/heritage\/suspension\/diana?utm_source=iteixeira&amp;utm_medium=Inspirations&amp;utm_campaign=Buynow\" target=\"_blank\" rel=\"noreferrer noopener\"><img loading=\"lazy\" decoding=\"async\" width=\"665\" height=\"60\" src=\"https:\/\/delightfull.eu\/inspirations\/wp-content\/uploads\/2019\/02\/BOT%C3%83O-BUY-NOW-7.png\" alt=\"\" class=\"wp-image-10000461\" srcset=\"https:\/\/delightfull.eu\/inspirations\/wp-content\/uploads\/2019\/02\/BOT\u00c3O-BUY-NOW-7.png 665w, https:\/\/delightfull.eu\/inspirations\/wp-content\/uploads\/2019\/02\/BOT\u00c3O-BUY-NOW-7-300x27.png 300w, https:\/\/delightfull.eu\/inspirations\/wp-content\/uploads\/2019\/02\/BOT\u00c3O-BUY-NOW-7-293x26.png 293w\" sizes=\"(max-width: 665px) 100vw, 665px\"><\/a><\/figure><\/div>\n\n\n\n<p>Hecho a mano en lat\u00f3n y aluminio. Ha sido construido en lat\u00f3n, con un acabado negro niquelado, mientras que la pantalla cuenta con un color rojo mate en el exterior. <\/p>\n\n\n\n<p><\/p>\n\n\n\n<figure class=\"wp-block-image\"><a href=\"https:\/\/www.delightfull.eu\/en\/heritage\/suspension\/sinatra?utm_source=iteixeira&amp;utm_medium=Inspirations&amp;utm_campaign=PecaDL\" target=\"_blank\" rel=\"noreferrer noopener\"><img loading=\"lazy\" decoding=\"async\" width=\"800\" height=\"900\" src=\"https:\/\/delightfull.eu\/inspirations\/wp-content\/uploads\/2019\/02\/%C2%A1-L%C3%A1mparas-Rojas-Para-El-D%C3%ADa-De-San-Valentin-5.png\" alt=\"\u00a1 L\u00e1mparas Rojas Para El D\u00eda De San Valentin! (5)\" class=\"wp-image-10000474\" srcset=\"https:\/\/delightfull.eu\/inspirations\/wp-content\/uploads\/2019\/02\/\u00a1-L\u00e1mparas-Rojas-Para-El-D\u00eda-De-San-Valentin-5.png 800w, https:\/\/delightfull.eu\/inspirations\/wp-content\/uploads\/2019\/02\/\u00a1-L\u00e1mparas-Rojas-Para-El-D\u00eda-De-San-Valentin-5-267x300.png 267w, https:\/\/delightfull.eu\/inspirations\/wp-content\/uploads\/2019\/02\/\u00a1-L\u00e1mparas-Rojas-Para-El-D\u00eda-De-San-Valentin-5-770x866.png 770w, https:\/\/delightfull.eu\/inspirations\/wp-content\/uploads\/2019\/02\/\u00a1-L\u00e1mparas-Rojas-Para-El-D\u00eda-De-San-Valentin-5-293x330.png 293w\" sizes=\"(max-width: 800px) 100vw, 800px\"><\/a><\/figure>\n\n\n\n<div class=\"wp-block-image\"><figure class=\"aligncenter\"><a href=\"https:\/\/www.delightfull.eu\/en\/heritage\/suspension\/sinatra?utm_source=iteixeira&amp;utm_medium=Inspirations&amp;utm_campaign=Buynow\" target=\"_blank\" rel=\"noreferrer noopener\"><img loading=\"lazy\" decoding=\"async\" width=\"665\" height=\"60\" src=\"https:\/\/delightfull.eu\/inspirations\/wp-content\/uploads\/2019\/02\/BOT%C3%83O-BUY-NOW-7.png\" alt=\"\" class=\"wp-image-10000461\" srcset=\"https:\/\/delightfull.eu\/inspirations\/wp-content\/uploads\/2019\/02\/BOT\u00c3O-BUY-NOW-7.png 665w, https:\/\/delightfull.eu\/inspirations\/wp-content\/uploads\/2019\/02\/BOT\u00c3O-BUY-NOW-7-300x27.png 300w, https:\/\/delightfull.eu\/inspirations\/wp-content\/uploads\/2019\/02\/BOT\u00c3O-BUY-NOW-7-293x26.png 293w\" sizes=\"(max-width: 665px) 100vw, 665px\"><\/a><\/figure><\/div>\n\n\n\n<p>Ahora tenemos <em><a href=\"https:\/\/www.delightfull.eu\/en\/heritage\/suspension\/sinatra?utm_source=iteixeira&amp;utm_medium=Inspirations&amp;utm_campaign=PecaDL\" target=\"_blank\" rel=\"noreferrer noopener\" aria-label=\"Sinatra L\u00e1mpara de Techo (opens in a new tab)\">Sinatra L\u00e1mpara de Techo<\/a><\/em>, pero tambi\u00e9n de piso. Toda la fam\u00edlia Sinatra tienes detalles c\u00f3mo su clase, son l\u00e1mparas elegantes y llenas de m\u00fasica jazz. Tienen la capacidad de ofrecer a cualquier espacio la mejor iluminaci\u00f3n. <\/p>\n\n\n\n<p><\/p>\n\n\n\n<figure class=\"wp-block-image\"><a href=\"https:\/\/www.delightfull.eu\/en\/heritage\/suspension\/sinatra?utm_source=iteixeira&amp;utm_medium=Inspirations&amp;utm_campaign=PecaDL\" target=\"_blank\" rel=\"noreferrer noopener\"><img loading=\"lazy\" decoding=\"async\" width=\"800\" height=\"900\" src=\"https:\/\/delightfull.eu\/inspirations\/wp-content\/uploads\/2019\/02\/%C2%A1-L%C3%A1mparas-Rojas-Para-El-D%C3%ADa-De-San-Valentin-6.png\" alt=\"\u00a1 L\u00e1mparas Rojas Para El D\u00eda De San Valentin! (6)\" class=\"wp-image-10000475\" srcset=\"https:\/\/delightfull.eu\/inspirations\/wp-content\/uploads\/2019\/02\/\u00a1-L\u00e1mparas-Rojas-Para-El-D\u00eda-De-San-Valentin-6.png 800w, https:\/\/delightfull.eu\/inspirations\/wp-content\/uploads\/2019\/02\/\u00a1-L\u00e1mparas-Rojas-Para-El-D\u00eda-De-San-Valentin-6-267x300.png 267w, https:\/\/delightfull.eu\/inspirations\/wp-content\/uploads\/2019\/02\/\u00a1-L\u00e1mparas-Rojas-Para-El-D\u00eda-De-San-Valentin-6-770x866.png 770w, https:\/\/delightfull.eu\/inspirations\/wp-content\/uploads\/2019\/02\/\u00a1-L\u00e1mparas-Rojas-Para-El-D\u00eda-De-San-Valentin-6-293x330.png 293w\" sizes=\"(max-width: 800px) 100vw, 800px\"><\/a><\/figure>\n\n\n\n<figure class=\"wp-block-image\"><a href=\"https:\/\/www.delightfull.eu\/en\/heritage\/suspension\/sinatra?utm_source=iteixeira&amp;utm_medium=Inspirations&amp;utm_campaign=Buynow\" target=\"_blank\" rel=\"noreferrer noopener\"><img loading=\"lazy\" decoding=\"async\" width=\"665\" height=\"60\" src=\"https:\/\/delightfull.eu\/inspirations\/wp-content\/uploads\/2019\/02\/BOT%C3%83O-BUY-NOW-7.png\" alt=\"\" class=\"wp-image-10000461\" srcset=\"https:\/\/delightfull.eu\/inspirations\/wp-content\/uploads\/2019\/02\/BOT\u00c3O-BUY-NOW-7.png 665w, https:\/\/delightfull.eu\/inspirations\/wp-content\/uploads\/2019\/02\/BOT\u00c3O-BUY-NOW-7-300x27.png 300w, https:\/\/delightfull.eu\/inspirations\/wp-content\/uploads\/2019\/02\/BOT\u00c3O-BUY-NOW-7-293x26.png 293w\" sizes=\"(max-width: 665px) 100vw, 665px\"><\/a><\/figure>\n\n\n\n<p>Todas estas <a href=\"https:\/\/delightfull.eu\/inspirations\/2019\/01\/03\/clasicos-delightfull-las-mas-iconicas-lamparas-piso\/?utm_source=iteixeira&amp;utm_medium=Inspirations&amp;utm_campaign=Linkstexto\" target=\"_blank\" rel=\"noreferrer noopener\" aria-label=\"L\u00e1mparas Rojas (opens in a new tab)\">L\u00e1mparas Rojas<\/a> pueden transmitir un ambiente de amor y felicidad, pues ese es el significado del color rojo. Amor, amigos, voluntad de ser feliz. <\/p>\n\n\n\n<p><\/p>\n\n\n\n<figure class=\"wp-block-image\"><a href=\"https:\/\/www.delightfull.eu\/en\/heritage\/floor\/diana?utm_source=iteixeira&amp;utm_medium=Inspirations&amp;utm_campaign=PecaDL\" target=\"_blank\" rel=\"noreferrer noopener\"><img loading=\"lazy\" decoding=\"async\" width=\"800\" height=\"900\" src=\"https:\/\/delightfull.eu\/inspirations\/wp-content\/uploads\/2019\/02\/%C2%A1-L%C3%A1mparas-Rojas-Para-El-D%C3%ADa-De-San-Valentin-7.png\" alt=\"\u00a1 L\u00e1mparas Rojas Para El D\u00eda De San Valentin! (7)\" class=\"wp-image-10000476\" srcset=\"https:\/\/delightfull.eu\/inspirations\/wp-content\/uploads\/2019\/02\/\u00a1-L\u00e1mparas-Rojas-Para-El-D\u00eda-De-San-Valentin-7.png 800w, https:\/\/delightfull.eu\/inspirations\/wp-content\/uploads\/2019\/02\/\u00a1-L\u00e1mparas-Rojas-Para-El-D\u00eda-De-San-Valentin-7-267x300.png 267w, https:\/\/delightfull.eu\/inspirations\/wp-content\/uploads\/2019\/02\/\u00a1-L\u00e1mparas-Rojas-Para-El-D\u00eda-De-San-Valentin-7-770x866.png 770w, https:\/\/delightfull.eu\/inspirations\/wp-content\/uploads\/2019\/02\/\u00a1-L\u00e1mparas-Rojas-Para-El-D\u00eda-De-San-Valentin-7-293x330.png 293w\" sizes=\"(max-width: 800px) 100vw, 800px\"><\/a><\/figure>\n\n\n\n<figure class=\"wp-block-image\"><a href=\"https:\/\/www.delightfull.eu\/en\/heritage\/floor\/diana?utm_source=iteixeira&amp;utm_medium=Inspirations&amp;utm_campaign=Buynow\" target=\"_blank\" rel=\"noreferrer noopener\"><img loading=\"lazy\" decoding=\"async\" width=\"665\" height=\"60\" src=\"https:\/\/delightfull.eu\/inspirations\/wp-content\/uploads\/2019\/02\/BOT%C3%83O-BUY-NOW-7.png\" alt=\"\" class=\"wp-image-10000461\" srcset=\"https:\/\/delightfull.eu\/inspirations\/wp-content\/uploads\/2019\/02\/BOT\u00c3O-BUY-NOW-7.png 665w, https:\/\/delightfull.eu\/inspirations\/wp-content\/uploads\/2019\/02\/BOT\u00c3O-BUY-NOW-7-300x27.png 300w, https:\/\/delightfull.eu\/inspirations\/wp-content\/uploads\/2019\/02\/BOT\u00c3O-BUY-NOW-7-293x26.png 293w\" sizes=\"(max-width: 665px) 100vw, 665px\"><\/a><\/figure>\n\n\n\n<p>Terminamos con otros dos elementos de la fam\u00edlia Diana, la l\u00e1mpara de piso y de mesa. La l\u00e1mpara de piso tiene la capacidad de iluminar una sala de estar y solo tiene una l\u00e1mpara, puedes imaginar. <\/p>\n\n\n\n<a class=\"bannerDinamicAction\" href=\"https:\/\/www.delightfull.eu\/en\/heritage\/table\/?utm_source=delightfull-inspirations&amp;utm_medium=ArticleBanner&amp;utm_campaign=DynamicBanners&amp;utm_term=195&amp;utm_content=DianatablelampDelightfull\" target=\"_blank\" data-imageid=\"195\">\n    <img class=\"img-responsive\" src=\"https:\/\/modernfloorlamps.net\/wp-content\/uploads\/2018\/07\/dl-banner-diana-table-hor1.gif\" alt=\"DianatablelampDelightfullgif\"><\/a>\n\n\n\n<figure class=\"wp-block-image\"><a href=\"https:\/\/www.delightfull.eu\/en\/heritage\/table\/diana?utm_source=iteixeira&amp;utm_medium=Inspirations&amp;utm_campaign=PecaDL\" target=\"_blank\" rel=\"noreferrer noopener\"><img loading=\"lazy\" decoding=\"async\" width=\"800\" height=\"900\" src=\"https:\/\/delightfull.eu\/inspirations\/wp-content\/uploads\/2019\/02\/%C2%A1-L%C3%A1mparas-Rojas-Para-El-D%C3%ADa-De-San-Valentin-8.png\" alt=\"\u00a1 L\u00e1mparas Rojas Para El D\u00eda De San Valentin! (8)\" class=\"wp-image-10000477\" srcset=\"https:\/\/delightfull.eu\/inspirations\/wp-content\/uploads\/2019\/02\/\u00a1-L\u00e1mparas-Rojas-Para-El-D\u00eda-De-San-Valentin-8.png 800w, https:\/\/delightfull.eu\/inspirations\/wp-content\/uploads\/2019\/02\/\u00a1-L\u00e1mparas-Rojas-Para-El-D\u00eda-De-San-Valentin-8-267x300.png 267w, https:\/\/delightfull.eu\/inspirations\/wp-content\/uploads\/2019\/02\/\u00a1-L\u00e1mparas-Rojas-Para-El-D\u00eda-De-San-Valentin-8-770x866.png 770w, https:\/\/delightfull.eu\/inspirations\/wp-content\/uploads\/2019\/02\/\u00a1-L\u00e1mparas-Rojas-Para-El-D\u00eda-De-San-Valentin-8-293x330.png 293w\" sizes=\"(max-width: 800px) 100vw, 800px\"><\/a><\/figure>\n\n\n\n<figure class=\"wp-block-image\"><a href=\"https:\/\/www.delightfull.eu\/en\/heritage\/table\/diana?utm_source=iteixeira&amp;utm_medium=Inspirations&amp;utm_campaign=Buynow\" target=\"_blank\" rel=\"noreferrer noopener\"><img loading=\"lazy\" decoding=\"async\" width=\"665\" height=\"60\" src=\"https:\/\/delightfull.eu\/inspirations\/wp-content\/uploads\/2019\/02\/BOT%C3%83O-BUY-NOW-7.png\" alt=\"\" class=\"wp-image-10000461\" srcset=\"https:\/\/delightfull.eu\/inspirations\/wp-content\/uploads\/2019\/02\/BOT\u00c3O-BUY-NOW-7.png 665w, https:\/\/delightfull.eu\/inspirations\/wp-content\/uploads\/2019\/02\/BOT\u00c3O-BUY-NOW-7-300x27.png 300w, https:\/\/delightfull.eu\/inspirations\/wp-content\/uploads\/2019\/02\/BOT\u00c3O-BUY-NOW-7-293x26.png 293w\" sizes=\"(max-width: 665px) 100vw, 665px\"><\/a><\/figure>\n\n\n\n<p>Nuestra <a href=\"https:\/\/www.delightfull.eu\/en\/heritage\/table\/diana?utm_source=iteixeira&amp;utm_medium=Inspirations&amp;utm_campaign=PecaDL\" target=\"_blank\" rel=\"noreferrer noopener\" aria-label=\"Diana (opens in a new tab)\">Diana<\/a>, l\u00e1mpara de mesa es la perfecta opci\u00f3n para completar el interiorismo de tu habitaci\u00f3n, por ejemplo. Si est\u00e1s precisando de una buena l\u00e1mpara para tu lectura por la noche, aqu\u00ed tienes la soluci\u00f3n.<\/p>\n\n\n\n<hr class=\"wp-block-separator\">\n\n\n\n<p><em><strong>PUEDES VER M\u00c1S AQU\u00cd<\/strong><\/em>: <a rel=\"noreferrer noopener\" aria-label=\"D\u00eda de San Valent\u00edn, Lo Qu\u00e9 Puedes Preparar Para Tu Amor (opens in a new tab)\" href=\"https:\/\/delightfull.eu\/inspirations\/2019\/01\/29\/dia-san-valentin-que-puedes-preparar-para-amor\/?utm_source=iteixeira&amp;utm_medium=Inspirations&amp;utm_campaign=Seealso\" target=\"_blank\">D\u00eda de San Valent\u00edn, Lo Qu\u00e9 Puedes Preparar Para Tu Amor<\/a><\/p>\n\n\n\n<hr class=\"wp-block-separator\">\n\n\n\n<p style=\"text-align:center\">Puedes visitar nuestras im\u00e1genes que est\u00e1n en\u00a0<a rel=\"noreferrer noopener\" href=\"https:\/\/www.pinterest.pt\/delightfulll\/unique-blog\/#utm_source=abernardo&amp;utm_medium=BlogI&amp;utm_campaign=LinksTexto\" target=\"_blank\">Pinterest<\/a>, as\u00ed puedes ver m\u00e1s inspiraciones. Tambi\u00e9n puedes obtener m\u00e1s ideas para tus proyectos de trabajo y encontrar una variedad de l\u00e1mparas llenas de estilo. Asegura tu download de nuestro\u00a0 \u2018<a href=\"http:\/\/www.delightfull.eu\/landing-page\/ebooks\/?utm_source=abernardo&amp;utm_medium=BlogUnique&amp;utm_campaign=LinksTexto\">Interior Design Tips for a Well-Lit Home<\/a>\u2018 eBook!<\/p>\n\n\n\n<a class=\"bannerDinamicAction\" href=\"https:\/\/www.delightfull.eu\/en\/catalogue?utm_source=delightfull-inspirations&amp;utm_medium=dynamicbanner-articlebanner&amp;utm_campaign=catalogue&amp;utm_term=1673&amp;utm_content=catalogue\" target=\"_blank\" data-imageid=\"1673\">\n    <img class=\"img-responsive\" src=\"https:\/\/www.delightfull.eu\/banners_impact\/articlebanner\/Banner%20Gif%20Catalogue.gif\" alt=\"catalogue\"><\/a>\n","protected":false},"excerpt":{"rendered":"<p>\u00a1Cuando el D\u00eda de San Valent\u00edn se aproxima y las mejores L\u00e1mparas Rojas est\u00e1n aqu\u00ed para completar tu casa! DESCUBRE M\u00c1S: L\u00e1mparas Industriales Qu\u00e9 Van Iluminar Toda Tu Casa Vamos celebrar el amor con l\u00e1s mejores L\u00e1mparas Rojas, entre ellas est\u00e1n Diana y Sinatra. \u00bf Empezamos? Diana L\u00e1mpara de Techo Diana \u00e9s \u00fanica, \u00fanica en su design, en su color, en su manera de se adaptar en cualquier parte de tu casa. Esta es una l\u00e1mpara que nos inspira por [&hellip;]<\/p>\n","protected":false},"author":20,"featured_media":10000478,"comment_status":"open","ping_status":"open","sticky":false,"template":"","format":"standard","meta":{"footnotes":"","_links_to":"","_links_to_target":""},"categories":[3919],"tags":[4380,4379,4094,4093,4378],"_links":{"self":[{"href":"https:\/\/delightfull.eu\/inspirations\/wp-json\/wp\/v2\/posts\/10000468"}],"collection":[{"href":"https:\/\/delightfull.eu\/inspirations\/wp-json\/wp\/v2\/posts"}],"about":[{"href":"https:\/\/delightfull.eu\/inspirations\/wp-json\/wp\/v2\/types\/post"}],"author":[{"embeddable":true,"href":"https:\/\/delightfull.eu\/inspirations\/wp-json\/wp\/v2\/users\/20"}],"replies":[{"embeddable":true,"href":"https:\/\/delightfull.eu\/inspirations\/wp-json\/wp\/v2\/comments?post=10000468"}],"version-history":[{"count":8,"href":"https:\/\/delightfull.eu\/inspirations\/wp-json\/wp\/v2\/posts\/10000468\/revisions"}],"predecessor-version":[{"id":10000486,"href":"https:\/\/delightfull.eu\/inspirations\/wp-json\/wp\/v2\/posts\/10000468\/revisions\/10000486"}],"wp:featuredmedia":[{"embeddable":true,"href":"https:\/\/delightfull.eu\/inspirations\/wp-json\/wp\/v2\/media\/10000478"}],"wp:attachment":[{"href":"https:\/\/delightfull.eu\/inspirations\/wp-json\/wp\/v2\/media?parent=10000468"}],"wp:term":[{"taxonomy":"category","embeddable":true,"href":"https:\/\/delightfull.eu\/inspirations\/wp-json\/wp\/v2\/categories?post=10000468"},{"taxonomy":"post_tag","embeddable":true,"href":"https:\/\/delightfull.eu\/inspirations\/wp-json\/wp\/v2\/tags?post=10000468"}],"curies":[{"name":"wp","href":"https:\/\/api.w.org\/{rel}","templated":true}]}}