{"id":10000519,"date":"2019-02-05T17:29:51","date_gmt":"2019-02-05T17:29:51","guid":{"rendered":"https:\/\/delightfull.eu\/inspirations\/?p=10000519"},"modified":"2019-02-06T14:43:12","modified_gmt":"2019-02-06T14:43:12","slug":"decouvrez-ces-designers-francaises-qui-ont-a-influence-le-monde","status":"publish","type":"post","link":"https:\/\/delightfull.eu\/inspirations\/2019\/02\/05\/decouvrez-ces-designers-francaises-qui-ont-a-influence-le-monde\/","title":{"rendered":"D\u00e9couvrez Ces Designers Fran\u00e7aises Qui Ont \u00c0 Influenc\u00e9 Le Monde!"},"content":{"rendered":"\n<p class=\"has-medium-font-size\">Les Meilleurs Designers Fran\u00e7aises Modernes!<\/p>\n\n\n\n<p>Reconnue pour avoir la meilleure architecture du monde, <strong>l\u2019architecture parisienne<\/strong> reste une source d\u2019inspiration. La ville la plus visit\u00e9e au monde poss\u00e8de de magnifiques b\u00e2timents \u00e0 <strong>l\u2019architecture moderne<\/strong>, tous con\u00e7us par les plus grands architectes de la plus belle des mani\u00e8res et avec les <strong>meilleurs mat\u00e9riaux.<\/strong><\/p>\n\n\n\n<p><strong>Lire Aussi: <a href=\"https:\/\/www.delightfull.eu\/inspirations\/interiors-decor\/delightfull-tour-arriere-scene-maison-objet\/?utm_source=bmorais&amp;utm_medium=BlogInspirations&amp;utm_campaign=SeeAlso&amp;utm_content=France\" target=\"_blank\" rel=\"noreferrer noopener\">DelightFULL On Tour: Arri\u00e8re-Sc\u00e8ne de Maison Et Objet<\/a><\/strong><\/p>\n\n\n\n<p class=\"has-medium-font-size\"><strong>Jean Nouvel<\/strong><br><\/p>\n\n\n\n<figure class=\"wp-block-image is-resized\"><a href=\"https:\/\/www.delightfull.eu\/fr?utm_source=bmorais&amp;utm_medium=BlogInspirations&amp;utm_campaign=DL&amp;utm_content=France\" target=\"_blank\" rel=\"noreferrer noopener\"><img decoding=\"async\" src=\"https:\/\/delightfull.eu\/inspirations\/wp-content\/uploads\/2019\/02\/D%C3%A9couvrez-Ces-Designers-Francaises-Qui-Ont-%C3%80-Influenc%C3%A9-Le-Monde-1-1-1024x683.jpg\" alt=\"meilleurs designers fran\u00e7aises\" class=\"wp-image-10000536\" width=\"800\" srcset=\"https:\/\/delightfull.eu\/inspirations\/wp-content\/uploads\/2019\/02\/D\u00e9couvrez-Ces-Designers-Francaises-Qui-Ont-\u00c0-Influenc\u00e9-Le-Monde-1-1-1024x683.jpg 1024w, https:\/\/delightfull.eu\/inspirations\/wp-content\/uploads\/2019\/02\/D\u00e9couvrez-Ces-Designers-Francaises-Qui-Ont-\u00c0-Influenc\u00e9-Le-Monde-1-1-300x200.jpg 300w, https:\/\/delightfull.eu\/inspirations\/wp-content\/uploads\/2019\/02\/D\u00e9couvrez-Ces-Designers-Francaises-Qui-Ont-\u00c0-Influenc\u00e9-Le-Monde-1-1-770x513.jpg 770w, https:\/\/delightfull.eu\/inspirations\/wp-content\/uploads\/2019\/02\/D\u00e9couvrez-Ces-Designers-Francaises-Qui-Ont-\u00c0-Influenc\u00e9-Le-Monde-1-1-370x247.jpg 370w, https:\/\/delightfull.eu\/inspirations\/wp-content\/uploads\/2019\/02\/D\u00e9couvrez-Ces-Designers-Francaises-Qui-Ont-\u00c0-Influenc\u00e9-Le-Monde-1-1-1155x770.jpg 1155w, https:\/\/delightfull.eu\/inspirations\/wp-content\/uploads\/2019\/02\/D\u00e9couvrez-Ces-Designers-Francaises-Qui-Ont-\u00c0-Influenc\u00e9-Le-Monde-1-1-293x195.jpg 293w, https:\/\/delightfull.eu\/inspirations\/wp-content\/uploads\/2019\/02\/D\u00e9couvrez-Ces-Designers-Francaises-Qui-Ont-\u00c0-Influenc\u00e9-Le-Monde-1-1-1400x933.jpg 1400w, https:\/\/delightfull.eu\/inspirations\/wp-content\/uploads\/2019\/02\/D\u00e9couvrez-Ces-Designers-Francaises-Qui-Ont-\u00c0-Influenc\u00e9-Le-Monde-1-1.jpg 2001w\" sizes=\"(max-width: 1024px) 100vw, 1024px\"><\/a><\/figure>\n\n\n\n<figure class=\"wp-block-image is-resized\"><a href=\"https:\/\/www.delightfull.eu\/fr?utm_source=bmorais&amp;utm_medium=BlogInspirations&amp;utm_campaign=DL&amp;utm_content=France\" target=\"_blank\" rel=\"noreferrer noopener\"><img decoding=\"async\" src=\"https:\/\/delightfull.eu\/inspirations\/wp-content\/uploads\/2019\/02\/D%C3%A9couvrez-Ces-Designers-Francaises-Qui-Ont-%C3%80-Influenc%C3%A9-Le-Monde-2-1024x663.jpg\" alt=\"meilleurs designers fran\u00e7aises\" class=\"wp-image-10000537\" width=\"800\" srcset=\"https:\/\/delightfull.eu\/inspirations\/wp-content\/uploads\/2019\/02\/D\u00e9couvrez-Ces-Designers-Francaises-Qui-Ont-\u00c0-Influenc\u00e9-Le-Monde-2-1024x663.jpg 1024w, https:\/\/delightfull.eu\/inspirations\/wp-content\/uploads\/2019\/02\/D\u00e9couvrez-Ces-Designers-Francaises-Qui-Ont-\u00c0-Influenc\u00e9-Le-Monde-2-300x194.jpg 300w, https:\/\/delightfull.eu\/inspirations\/wp-content\/uploads\/2019\/02\/D\u00e9couvrez-Ces-Designers-Francaises-Qui-Ont-\u00c0-Influenc\u00e9-Le-Monde-2-770x498.jpg 770w, https:\/\/delightfull.eu\/inspirations\/wp-content\/uploads\/2019\/02\/D\u00e9couvrez-Ces-Designers-Francaises-Qui-Ont-\u00c0-Influenc\u00e9-Le-Monde-2-293x190.jpg 293w, https:\/\/delightfull.eu\/inspirations\/wp-content\/uploads\/2019\/02\/D\u00e9couvrez-Ces-Designers-Francaises-Qui-Ont-\u00c0-Influenc\u00e9-Le-Monde-2-1400x906.jpg 1400w, https:\/\/delightfull.eu\/inspirations\/wp-content\/uploads\/2019\/02\/D\u00e9couvrez-Ces-Designers-Francaises-Qui-Ont-\u00c0-Influenc\u00e9-Le-Monde-2.jpg 1650w\" sizes=\"(max-width: 1024px) 100vw, 1024px\"><\/a><\/figure>\n\n\n\n<p>Jean Nouvel est n\u00e9 en 1945 et est un <strong>architecte fran\u00e7ais<\/strong>. Au cours de sa carri\u00e8re, il a obtenu de nombreuses <strong>distinctions prestigieuses<\/strong>, notamment le prix Aga Khan d\u2019architecture, le prix Wolf des arts en 2005 et le prix Pritzker en 2008. Plusieurs mus\u00e9es et centres d\u2019architecture ont pr\u00e9sent\u00e9 des r\u00e9trospectives de son travail. . Il a notamment con\u00e7u la Philharmonie de Paris, la Doha Tower au Qatar et un projet au 100 Eleventh Avenue \u00e0 Manhattan.<\/p>\n\n\n\n<table class=\"wp-block-table\"><tbody><tr><td>\n<a class=\"bannerDinamicAction\" href=\":\/\/\" target=\"_blank\" data-imageid=\"0\">\n    <img class=\"img-responsive\" src=\"\" alt=\"\"><\/a><br>\n<\/td><\/tr><\/tbody><\/table>\n\n\n\n<p class=\"has-medium-font-size\"><strong>Benny Benlolo<\/strong><br><\/p>\n\n\n\n<figure class=\"wp-block-image is-resized\"><a href=\"https:\/\/www.delightfull.eu\/fr?utm_source=bmorais&amp;utm_medium=BlogInspirations&amp;utm_campaign=DL&amp;utm_content=France\" target=\"_blank\" rel=\"noreferrer noopener\"><img decoding=\"async\" src=\"https:\/\/delightfull.eu\/inspirations\/wp-content\/uploads\/2019\/02\/D%C3%A9couvrez-Ces-Designers-Francaises-Qui-Ont-%C3%80-Influenc%C3%A9-Le-Monde-3-681x1024.jpg\" alt=\"meilleurs designers fran\u00e7aises\" class=\"wp-image-10000540\" width=\"800\" srcset=\"https:\/\/delightfull.eu\/inspirations\/wp-content\/uploads\/2019\/02\/D\u00e9couvrez-Ces-Designers-Francaises-Qui-Ont-\u00c0-Influenc\u00e9-Le-Monde-3-681x1024.jpg 681w, https:\/\/delightfull.eu\/inspirations\/wp-content\/uploads\/2019\/02\/D\u00e9couvrez-Ces-Designers-Francaises-Qui-Ont-\u00c0-Influenc\u00e9-Le-Monde-3-200x300.jpg 200w, https:\/\/delightfull.eu\/inspirations\/wp-content\/uploads\/2019\/02\/D\u00e9couvrez-Ces-Designers-Francaises-Qui-Ont-\u00c0-Influenc\u00e9-Le-Monde-3-293x441.jpg 293w, https:\/\/delightfull.eu\/inspirations\/wp-content\/uploads\/2019\/02\/D\u00e9couvrez-Ces-Designers-Francaises-Qui-Ont-\u00c0-Influenc\u00e9-Le-Monde-3.jpg 683w\" sizes=\"(max-width: 681px) 100vw, 681px\"><\/a><\/figure>\n\n\n\n<figure class=\"wp-block-image is-resized\"><a href=\"https:\/\/www.delightfull.eu\/fr?utm_source=bmorais&amp;utm_medium=BlogInspirations&amp;utm_campaign=DL&amp;utm_content=France\" target=\"_blank\" rel=\"noreferrer noopener\"><img decoding=\"async\" src=\"https:\/\/delightfull.eu\/inspirations\/wp-content\/uploads\/2019\/02\/D%C3%A9couvrez-Ces-Designers-Francaises-Qui-Ont-%C3%80-Influenc%C3%A9-Le-Monde-4.jpg\" alt=\"meilleurs designers fran\u00e7aises\" class=\"wp-image-10000542\" width=\"800\" srcset=\"https:\/\/delightfull.eu\/inspirations\/wp-content\/uploads\/2019\/02\/D\u00e9couvrez-Ces-Designers-Francaises-Qui-Ont-\u00c0-Influenc\u00e9-Le-Monde-4.jpg 800w, https:\/\/delightfull.eu\/inspirations\/wp-content\/uploads\/2019\/02\/D\u00e9couvrez-Ces-Designers-Francaises-Qui-Ont-\u00c0-Influenc\u00e9-Le-Monde-4-300x119.jpg 300w, https:\/\/delightfull.eu\/inspirations\/wp-content\/uploads\/2019\/02\/D\u00e9couvrez-Ces-Designers-Francaises-Qui-Ont-\u00c0-Influenc\u00e9-Le-Monde-4-770x305.jpg 770w, https:\/\/delightfull.eu\/inspirations\/wp-content\/uploads\/2019\/02\/D\u00e9couvrez-Ces-Designers-Francaises-Qui-Ont-\u00c0-Influenc\u00e9-Le-Monde-4-293x116.jpg 293w\" sizes=\"(max-width: 800px) 100vw, 800px\"><\/a><\/figure>\n\n\n\n<p>Sa ville natale de Paris, Benny Benlolo et aborde son travail en tant qu\u2019<strong>architecte d\u2019int\u00e9rieur<\/strong> en laissant libre cours \u00e0 ses id\u00e9es et en combinant sa connaissance de l\u2019environnement b\u00e2ti avec son savoir-faire artistique. Il laisse libre cours \u00e0 son esprit cr\u00e9atif et trouve sa forme dans ses projets. Le Pavillon Monceau Hotel est l\u2019un des <strong>espaces publics<\/strong> con\u00e7us par Benlolo.<\/p>\n\n\n\n<table class=\"wp-block-table\"><tbody><tr><td><a class=\"bannerDinamicAction\" href=\":\/\/\" target=\"_blank\" data-imageid=\"0\">\n    <img class=\"img-responsive\" src=\"\" alt=\"\"><\/a><\/td><\/tr><\/tbody><\/table>\n\n\n\n<p class=\"has-medium-font-size\"><strong>Fr\u00e9d\u00e9ric Druot<\/strong><br><\/p>\n\n\n\n<figure class=\"wp-block-image is-resized\"><a href=\"https:\/\/www.delightfull.eu\/fr?utm_source=bmorais&amp;utm_medium=BlogInspirations&amp;utm_campaign=DL&amp;utm_content=France\" target=\"_blank\" rel=\"noreferrer noopener\"><img decoding=\"async\" src=\"https:\/\/delightfull.eu\/inspirations\/wp-content\/uploads\/2019\/02\/D%C3%A9couvrez-Ces-Designers-Francaises-Qui-Ont-%C3%80-Influenc%C3%A9-Le-Monde-5.jpg\" alt=\"meilleurs designers fran\u00e7aises\" class=\"wp-image-10000543\" width=\"800\" srcset=\"https:\/\/delightfull.eu\/inspirations\/wp-content\/uploads\/2019\/02\/D\u00e9couvrez-Ces-Designers-Francaises-Qui-Ont-\u00c0-Influenc\u00e9-Le-Monde-5.jpg 624w, https:\/\/delightfull.eu\/inspirations\/wp-content\/uploads\/2019\/02\/D\u00e9couvrez-Ces-Designers-Francaises-Qui-Ont-\u00c0-Influenc\u00e9-Le-Monde-5-300x182.jpg 300w, https:\/\/delightfull.eu\/inspirations\/wp-content\/uploads\/2019\/02\/D\u00e9couvrez-Ces-Designers-Francaises-Qui-Ont-\u00c0-Influenc\u00e9-Le-Monde-5-293x178.jpg 293w\" sizes=\"(max-width: 624px) 100vw, 624px\"><\/a><\/figure>\n\n\n\n<figure class=\"wp-block-image is-resized\"><a href=\"https:\/\/www.delightfull.eu\/fr?utm_source=bmorais&amp;utm_medium=BlogInspirations&amp;utm_campaign=DL&amp;utm_content=France\" target=\"_blank\" rel=\"noreferrer noopener\"><img decoding=\"async\" src=\"https:\/\/delightfull.eu\/inspirations\/wp-content\/uploads\/2019\/02\/D%C3%A9couvrez-Ces-Designers-Francaises-Qui-Ont-%C3%80-Influenc%C3%A9-Le-Monde-6.jpg\" alt=\"meilleurs designers fran\u00e7aises\" class=\"wp-image-10000544\" width=\"800\" srcset=\"https:\/\/delightfull.eu\/inspirations\/wp-content\/uploads\/2019\/02\/D\u00e9couvrez-Ces-Designers-Francaises-Qui-Ont-\u00c0-Influenc\u00e9-Le-Monde-6.jpg 922w, https:\/\/delightfull.eu\/inspirations\/wp-content\/uploads\/2019\/02\/D\u00e9couvrez-Ces-Designers-Francaises-Qui-Ont-\u00c0-Influenc\u00e9-Le-Monde-6-277x300.jpg 277w, https:\/\/delightfull.eu\/inspirations\/wp-content\/uploads\/2019\/02\/D\u00e9couvrez-Ces-Designers-Francaises-Qui-Ont-\u00c0-Influenc\u00e9-Le-Monde-6-770x835.jpg 770w, https:\/\/delightfull.eu\/inspirations\/wp-content\/uploads\/2019\/02\/D\u00e9couvrez-Ces-Designers-Francaises-Qui-Ont-\u00c0-Influenc\u00e9-Le-Monde-6-293x318.jpg 293w\" sizes=\"(max-width: 922px) 100vw, 922px\"><\/a><figcaption><br><\/figcaption><\/figure>\n\n\n\n<p>Les recherches de Fr\u00e9d\u00e9ric Druot portent sur le contexte, l\u2019\u00e9chelle et la rentabilit\u00e9 des b\u00e2timents neufs et \/ ou de la transformation de b\u00e2timents existants. Ses travaux couvrent un large \u00e9ventail de domaines et de sujets, qu\u2019il s\u2019agisse de <strong>b\u00e2timents culturels<\/strong>, de <strong>bureaux <\/strong>ou de <strong>logements<\/strong>. \u00c0 la fin des ann\u00e9es 90, le minist\u00e8re de la Culture et de la Communication a d\u00e9cid\u00e9 de regrouper tous ses bureaux dans des b\u00e2timents adjacents situ\u00e9s dans un <strong>quartier historique de Paris<\/strong>.<\/p>\n\n\n\n<p class=\"has-medium-font-size\"><strong>Jean-Paul Viguier<\/strong><br><\/p>\n\n\n\n<figure class=\"wp-block-image is-resized\"><a href=\"https:\/\/www.delightfull.eu\/fr?utm_source=bmorais&amp;utm_medium=BlogInspirations&amp;utm_campaign=DL&amp;utm_content=France\" target=\"_blank\" rel=\"noreferrer noopener\"><img decoding=\"async\" src=\"https:\/\/delightfull.eu\/inspirations\/wp-content\/uploads\/2019\/02\/D%C3%A9couvrez-Ces-Designers-Francaises-Qui-Ont-%C3%80-Influenc%C3%A9-Le-Monde-7.jpg\" alt=\"meilleurs designers fran\u00e7aises\" class=\"wp-image-10000545\" width=\"800\" srcset=\"https:\/\/delightfull.eu\/inspirations\/wp-content\/uploads\/2019\/02\/D\u00e9couvrez-Ces-Designers-Francaises-Qui-Ont-\u00c0-Influenc\u00e9-Le-Monde-7.jpg 640w, https:\/\/delightfull.eu\/inspirations\/wp-content\/uploads\/2019\/02\/D\u00e9couvrez-Ces-Designers-Francaises-Qui-Ont-\u00c0-Influenc\u00e9-Le-Monde-7-300x185.jpg 300w, https:\/\/delightfull.eu\/inspirations\/wp-content\/uploads\/2019\/02\/D\u00e9couvrez-Ces-Designers-Francaises-Qui-Ont-\u00c0-Influenc\u00e9-Le-Monde-7-293x180.jpg 293w\" sizes=\"(max-width: 640px) 100vw, 640px\"><\/a><\/figure>\n\n\n\n<figure class=\"wp-block-image\"><a href=\"https:\/\/www.delightfull.eu\/fr?utm_source=bmorais&amp;utm_medium=BlogInspirations&amp;utm_campaign=DL&amp;utm_content=France\" target=\"_blank\" rel=\"noreferrer noopener\"><img loading=\"lazy\" decoding=\"async\" width=\"1024\" height=\"655\" src=\"https:\/\/delightfull.eu\/inspirations\/wp-content\/uploads\/2019\/02\/D%C3%A9couvrez-Ces-Designers-Francaises-Qui-Ont-%C3%80-Influenc%C3%A9-Le-Monde-8-1024x655.jpg\" alt=\"meilleurs designers fran\u00e7aises\" class=\"wp-image-10000546\" srcset=\"https:\/\/delightfull.eu\/inspirations\/wp-content\/uploads\/2019\/02\/D\u00e9couvrez-Ces-Designers-Francaises-Qui-Ont-\u00c0-Influenc\u00e9-Le-Monde-8-1024x655.jpg 1024w, https:\/\/delightfull.eu\/inspirations\/wp-content\/uploads\/2019\/02\/D\u00e9couvrez-Ces-Designers-Francaises-Qui-Ont-\u00c0-Influenc\u00e9-Le-Monde-8-300x192.jpg 300w, https:\/\/delightfull.eu\/inspirations\/wp-content\/uploads\/2019\/02\/D\u00e9couvrez-Ces-Designers-Francaises-Qui-Ont-\u00c0-Influenc\u00e9-Le-Monde-8-770x492.jpg 770w, https:\/\/delightfull.eu\/inspirations\/wp-content\/uploads\/2019\/02\/D\u00e9couvrez-Ces-Designers-Francaises-Qui-Ont-\u00c0-Influenc\u00e9-Le-Monde-8-293x187.jpg 293w, https:\/\/delightfull.eu\/inspirations\/wp-content\/uploads\/2019\/02\/D\u00e9couvrez-Ces-Designers-Francaises-Qui-Ont-\u00c0-Influenc\u00e9-Le-Monde-8.jpg 1400w\" sizes=\"(max-width: 1024px) 100vw, 1024px\"><\/a><\/figure>\n\n\n\n<p>Jean-Paul Viguier et Associ\u00e9s, Architecture et Urbanisme est un cabinet <strong>d\u2019architecture<\/strong>, <strong>d\u2019urbanisme<\/strong>, <strong>d\u2019am\u00e9nagement int\u00e9rieur <\/strong>et de paysage de renomm\u00e9e internationale dirig\u00e9 par Jean-Paul Viguier et 12 associ\u00e9s. L\u2019un des projets les plus importants r\u00e9alis\u00e9s par eux est le projet de la Banque de France Paris La Courneuve, qui refl\u00e8te \u00e9galement l\u2019une des pr\u00e9occupations majeures de Jean-Paul Viguier et Associ\u00e9s: la relation entre patrimoine et <strong>architecture contemporaine<\/strong>.<\/p>\n\n\n\n<p><strong>Lisez plus ici:\u00a0<a href=\"https:\/\/www.delightfull.eu\/inspirations\/styles\/les-meilleurs-designers-francais-presents-maison-obejt\/?utm_source=bmorais&amp;utm_medium=BlogInspirations&amp;utm_campaign=SeeAlso&amp;utm_content=France\" target=\"_blank\" rel=\"noreferrer noopener\">Les Meilleurs Designers Fran\u00e7ais Pr\u00e9sents En Maison et Obejt 19!<\/a><\/strong><\/p>\n\n\n\n<hr class=\"wp-block-separator\">\n\n\n\n<p>Vous pouvez visiter nos conseils\u00a0<a href=\"https:\/\/www.pinterest.pt\/delightfulll\/unique-blog\/?utm_source=bmorais&amp;utm_medium=Inspirations&amp;utm_content=French\" target=\"_blank\" rel=\"noreferrer noopener\">Pinterest<\/a>\u00a0afin d\u2019obtenir plus d\u2019inspirations.\u00a0Plus d\u2019id\u00e9es pour vos projets et trouver l\u2019\u00e9clairage fonctionnel, \u00e9l\u00e9gant et appr\u00e9ciable et les choix de meubles.\u00a0Assurez-vous de t\u00e9l\u00e9charger notre livre \u00e9lectronique\u00a0<a href=\"https:\/\/www.delightfull.eu\/en\/catalogue?utm_source=bmorais&amp;utm_medium=Inspirations&amp;utm_campaign=catalogue&amp;utm_content=French\" target=\"_blank\" rel=\"noreferrer noopener\">\u00abConseils de d\u00e9coration int\u00e9rieure pour un foyer bien \u00e9clair\u00e9\u00bb!<\/a><\/p>\n\n\n\n<table class=\"wp-block-table\"><tbody><tr><td><a class=\"bannerDinamicAction\" href=\"https:\/\/www.delightfull.eu\/en\/all-products?utm_source=delightfull-inspirations&amp;utm_medium=ArticleBanner&amp;utm_campaign=DynamicBanners&amp;utm_term=310&amp;utm_content=heritage_collection\" target=\"_blank\" data-imageid=\"310\">\n    <img class=\"img-responsive\" src=\"https:\/\/www.delightfull.eu\/blog\/wp-content\/uploads\/2018\/03\/Banner-HERITAGE-2.jpg\" alt=\"heritage,collection\"><\/a><\/td><\/tr><\/tbody><\/table>\n","protected":false},"excerpt":{"rendered":"<p>Les Meilleurs Designers Fran\u00e7aises Modernes! Reconnue pour avoir la meilleure architecture du monde, l\u2019architecture parisienne reste une source d\u2019inspiration. La ville la plus visit\u00e9e au monde poss\u00e8de de magnifiques b\u00e2timents \u00e0 l\u2019architecture moderne, tous con\u00e7us par les plus grands architectes de la plus belle des mani\u00e8res et avec les meilleurs mat\u00e9riaux. Lire Aussi: DelightFULL On Tour: Arri\u00e8re-Sc\u00e8ne de Maison Et Objet Jean Nouvel Jean Nouvel est n\u00e9 en 1945 et est un architecte fran\u00e7ais. Au cours de sa carri\u00e8re, il [&hellip;]<\/p>\n","protected":false},"author":20,"featured_media":10000554,"comment_status":"open","ping_status":"open","sticky":false,"template":"","format":"standard","meta":{"footnotes":"","_links_to":"","_links_to_target":""},"categories":[4155,3420,3916,4,3915],"tags":[4398,4397,4402,730,4401,4400,4399],"_links":{"self":[{"href":"https:\/\/delightfull.eu\/inspirations\/wp-json\/wp\/v2\/posts\/10000519"}],"collection":[{"href":"https:\/\/delightfull.eu\/inspirations\/wp-json\/wp\/v2\/posts"}],"about":[{"href":"https:\/\/delightfull.eu\/inspirations\/wp-json\/wp\/v2\/types\/post"}],"author":[{"embeddable":true,"href":"https:\/\/delightfull.eu\/inspirations\/wp-json\/wp\/v2\/users\/20"}],"replies":[{"embeddable":true,"href":"https:\/\/delightfull.eu\/inspirations\/wp-json\/wp\/v2\/comments?post=10000519"}],"version-history":[{"count":6,"href":"https:\/\/delightfull.eu\/inspirations\/wp-json\/wp\/v2\/posts\/10000519\/revisions"}],"predecessor-version":[{"id":10000553,"href":"https:\/\/delightfull.eu\/inspirations\/wp-json\/wp\/v2\/posts\/10000519\/revisions\/10000553"}],"wp:featuredmedia":[{"embeddable":true,"href":"https:\/\/delightfull.eu\/inspirations\/wp-json\/wp\/v2\/media\/10000554"}],"wp:attachment":[{"href":"https:\/\/delightfull.eu\/inspirations\/wp-json\/wp\/v2\/media?parent=10000519"}],"wp:term":[{"taxonomy":"category","embeddable":true,"href":"https:\/\/delightfull.eu\/inspirations\/wp-json\/wp\/v2\/categories?post=10000519"},{"taxonomy":"post_tag","embeddable":true,"href":"https:\/\/delightfull.eu\/inspirations\/wp-json\/wp\/v2\/tags?post=10000519"}],"curies":[{"name":"wp","href":"https:\/\/api.w.org\/{rel}","templated":true}]}}