{"id":10000710,"date":"2019-02-07T16:49:38","date_gmt":"2019-02-07T16:49:38","guid":{"rendered":"https:\/\/delightfull.eu\/inspirations\/?p=10000710"},"modified":"2019-02-07T16:52:31","modified_gmt":"2019-02-07T16:52:31","slug":"o-porque-das-marcas-delightfull-e-inlighted-funcionarem-bem-juntas","status":"publish","type":"post","link":"https:\/\/delightfull.eu\/inspirations\/2019\/02\/07\/o-porque-das-marcas-delightfull-e-inlighted-funcionarem-bem-juntas\/","title":{"rendered":"O Porqu\u00ea Das Marcas DelightFULL E Inlighted Funcionarem Bem Juntas"},"content":{"rendered":"\n<h2 class=\"wp-block-heading\">A verdade \u00e9 que nunca trabalharam juntas\u2026 Mas podiam!<\/h2>\n\n\n\n<p>Se nunca ouviu  falar da <em>Inlighted<\/em>, ent\u00e3o digamos que anda a perder algo muito bom no mundo da arquitetura e design. Hoje resolvemos trazer-lhe este tema e esta marca em espec\u00edfio, para mostrar como as pe\u00e7as da<strong><em> <\/em><\/strong><em>DelightFULL<\/em> funcionariam bem nos seus projetos. Continue desse lado a acompanhar esta nossa descoberta de <strong><em>DelightFULL E Inlighted<\/em><\/strong>!<\/p>\n\n\n\n<hr class=\"wp-block-separator\">\n\n\n\n<p>Inspire-se Aqui:  <br><\/p>\n\n\n\n<hr class=\"wp-block-separator\">\n\n\n\n\n\n<p>A verdade \u00e9 que, apesar da DelightFULL ser uma marca mais dedicada ao <em>mid-century modern<\/em>, \u00e9 tamb\u00e9m uma marca vers\u00e1til e que se adequa a todos os estilos que possa imaginar. Em particular, ao estilo fresh, moderno e arquitet\u00f3nico dos projetos que a Inlighted apresenta.<\/p>\n\n\n\n<a class=\"bannerDinamicAction\" href=\":\/\/\" target=\"_blank\" data-imageid=\"0\">\n    <img class=\"img-responsive\" src=\"\" alt=\"\"><\/a>\n\n\n\n\n\n<p>Mas se ainda n\u00e3o sabe o que \u00e9 a <em>Inlighted<\/em> , n\u00f3s vamos deixar que eles expliquem.<\/p>\n\n\n\n\n\n<blockquote class=\"wp-block-quote\">\n<p><em>Somos uma empresa especializada em produ\u00e7\u00e3o de imagens 3D de qualidade fotogr\u00e1fica, filme e fotografia de arquitetura, destinada a arquitetos, designers e ao mercado imobili\u00e1rio em geral. <\/em><\/p>\n<p><\/p>\n<\/blockquote>\n\n\n\n\n\n<p>De acordo com o que t\u00eam escrito no seu website, s\u00e3o uma marca que foi adquirindo experi\u00eancia desde 2007, n\u00e3o s\u00f3 para o mercado nacional, como internacional. Hoje em dia considera-se que s\u00e3o uma refer\u00eancia na concretiza\u00e7\u00e3o de ideias e ambi\u00e7\u00f5es que materializam em projetos de elevada qualidade e quais d\u00e3o vida.<\/p>\n\n\n\n\n\n<blockquote class=\"wp-block-quote\"><p><em>O profissionalismo e o respeito pelo cliente s\u00e3o valores que se refletem no nosso portfolio, ambicionando sempre a aposta no sucesso da concretiza\u00e7\u00e3o dos projetos pretendidos. <\/em><\/p><\/blockquote>\n\n\n\n\n\n<p>Os seus valores cruzam-se com os da DelightFULL, e por esse mesmo motivo, decidimos sugerir algumas pe\u00e7as que combinariam na perfei\u00e7\u00e3o com os seus <em>projetos minimalistas<\/em>. Preparado para uma r\u00fabrica <em>get the look<\/em> aqui no blog?<\/p>\n\n\n\n\n\n\n\n<p>Comecemos com Scofield. Um <em>candeeiro de p\u00e9<\/em> que aparece muito pouco por estes lados, mas que continua a ser um dos nossos favoritos. Scofield \u00e9 uma pe\u00e7a \u00fanica, pois cont\u00e9m cinco fontes de luz cromada. Cada luz e suporte giram separadamente, permitindo diferentes focos de luz.<\/p>\n\n\n\n\n\n<p>A candeeiro <em>mid-century modern<\/em> tem abajures redondos em alum\u00ednio, que podem suportar diferentes atividades e criar um design mais industrial na sala. Com acabamentos em branco fosco e niquelado, a elegante pe\u00e7a de design pode ser personalizada com qualquer cor RAL \u00e0 sua escolha, adicionando uma atmosfera mais personalizada e acolhedora ao seu moderno <em>design de interiores<\/em>.<\/p>\n\n\n\n\n\n<div class=\"wp-block-image\"><figure class=\"aligncenter\"><a href=\"http:\/\/bit.ly\/2DmJQdE\" target=\"_blank\" rel=\"noreferrer noopener\"><img loading=\"lazy\" decoding=\"async\" width=\"194\" height=\"35\" src=\"https:\/\/delightfull.eu\/inspirations\/wp-content\/uploads\/2019\/02\/get-price-02.png\" alt=\"\" class=\"wp-image-10000670\"><\/a><\/figure><\/div>\n\n\n\n<p>Para um <em>look escandinavo<\/em>, apresentamos aqui Ike, o <em>candeeiro de suspens\u00e3o<\/em> mais minimalista que alguma vez viu. Esta pe\u00e7a pode ser feita em diferentes formas e dimens\u00f5es, permitindo-lhe um ambiente de ilumina\u00e7\u00e3o personalizado. Feito \u00e0 m\u00e3o em lat\u00e3o e alum\u00ednio, o acabamento em preto brilhante e o toque de cobre proporcionam a apar\u00eancia perfeita.<\/p>\n\n\n\n<figure class=\"wp-block-image\"><a href=\"http:\/\/bit.ly\/2RFbPLQ\" target=\"_blank\" rel=\"noreferrer noopener\"><img loading=\"lazy\" decoding=\"async\" width=\"881\" height=\"1024\" src=\"https:\/\/delightfull.eu\/inspirations\/wp-content\/uploads\/2019\/02\/O-Porqu%C3%AA-Das-Marcas-Inlighted-E-DelightFULL-Funcionarem-Bem-Juntas-11-1-881x1024.jpg\" alt=\"O Porqu\u00ea Das Marcas Inlighted E DelightFULL Funcionarem Bem Juntas 11\" class=\"wp-image-10000726\" srcset=\"https:\/\/delightfull.eu\/inspirations\/wp-content\/uploads\/2019\/02\/O-Porqu\u00ea-Das-Marcas-Inlighted-E-DelightFULL-Funcionarem-Bem-Juntas-11-1-881x1024.jpg 881w, https:\/\/delightfull.eu\/inspirations\/wp-content\/uploads\/2019\/02\/O-Porqu\u00ea-Das-Marcas-Inlighted-E-DelightFULL-Funcionarem-Bem-Juntas-11-1-258x300.jpg 258w, https:\/\/delightfull.eu\/inspirations\/wp-content\/uploads\/2019\/02\/O-Porqu\u00ea-Das-Marcas-Inlighted-E-DelightFULL-Funcionarem-Bem-Juntas-11-1-770x895.jpg 770w, https:\/\/delightfull.eu\/inspirations\/wp-content\/uploads\/2019\/02\/O-Porqu\u00ea-Das-Marcas-Inlighted-E-DelightFULL-Funcionarem-Bem-Juntas-11-1-293x341.jpg 293w, https:\/\/delightfull.eu\/inspirations\/wp-content\/uploads\/2019\/02\/O-Porqu\u00ea-Das-Marcas-Inlighted-E-DelightFULL-Funcionarem-Bem-Juntas-11-1.jpg 1151w\" sizes=\"(max-width: 881px) 100vw, 881px\"><\/a><\/figure>\n\n\n\n<p>Ideal para cozinhas industriais, salas de jantar, restaurantes e bares, este candeeiro suspenso em cobre tamb\u00e9m parece ser perfeito para casas de banho com uma decora\u00e7\u00e3o moderna minimalista. Portanto, este Ike encaixa-se praticamente em todos os estilos, devido \u00e0 sua forma elegante e design, mais uma vez, minimalista.<\/p>\n\n\n\n\n\n\n\n<p>Se pretende ir mais longe e misturar tons dourados com o seu projeto, que tal Brubeck? Luxo e <em>art deco<\/em> s\u00e3o sin\u00f3nimo desta pe\u00e7a de ilumina\u00e7\u00e3o de parede chamada Brubeck. Inspirado pelo instrumento musical intemporal que \u00e9 o \u00f3rg\u00e3o, e tamb\u00e9m um dos principais expoentes do jazz, Dave Brubeck, este luxuoso candeeiro \u00e9 uma pe\u00e7a de destaque por si s\u00f3.<\/p>\n\n\n\n<figure class=\"wp-block-image\"><a href=\"http:\/\/bit.ly\/2PYx8LB\" target=\"_blank\" rel=\"noreferrer noopener\"><img loading=\"lazy\" decoding=\"async\" width=\"649\" height=\"1024\" src=\"https:\/\/delightfull.eu\/inspirations\/wp-content\/uploads\/2019\/02\/O-Porqu%C3%AA-Das-Marcas-Inlighted-E-DelightFULL-Funcionarem-Bem-Juntas-12-649x1024.jpg\" alt=\"O Porqu\u00ea Das Marcas Inlighted E DelightFULL Funcionarem Bem Juntas 12\" class=\"wp-image-10000728\" srcset=\"https:\/\/delightfull.eu\/inspirations\/wp-content\/uploads\/2019\/02\/O-Porqu\u00ea-Das-Marcas-Inlighted-E-DelightFULL-Funcionarem-Bem-Juntas-12-649x1024.jpg 649w, https:\/\/delightfull.eu\/inspirations\/wp-content\/uploads\/2019\/02\/O-Porqu\u00ea-Das-Marcas-Inlighted-E-DelightFULL-Funcionarem-Bem-Juntas-12-190x300.jpg 190w, https:\/\/delightfull.eu\/inspirations\/wp-content\/uploads\/2019\/02\/O-Porqu\u00ea-Das-Marcas-Inlighted-E-DelightFULL-Funcionarem-Bem-Juntas-12-770x1216.jpg 770w, https:\/\/delightfull.eu\/inspirations\/wp-content\/uploads\/2019\/02\/O-Porqu\u00ea-Das-Marcas-Inlighted-E-DelightFULL-Funcionarem-Bem-Juntas-12-293x463.jpg 293w, https:\/\/delightfull.eu\/inspirations\/wp-content\/uploads\/2019\/02\/O-Porqu\u00ea-Das-Marcas-Inlighted-E-DelightFULL-Funcionarem-Bem-Juntas-12-1400x2210.jpg 1400w, https:\/\/delightfull.eu\/inspirations\/wp-content\/uploads\/2019\/02\/O-Porqu\u00ea-Das-Marcas-Inlighted-E-DelightFULL-Funcionarem-Bem-Juntas-12.jpg 1496w\" sizes=\"(max-width: 649px) 100vw, 649px\"><\/a><\/figure>\n\n\n\n<p>Para um toque final, possui um acabamento banhado a ouro muito <em>art deco<\/em>. Apenas 4 l\u00e2mpadas G9 s\u00e3o necess\u00e1rias para este moderno modelo a fim de iluminar a sua casa, tornando-o o candidato perfeito para uma sala de jantar maxi ou minimalista, ou at\u00e9 mesmo um projeto de decora\u00e7\u00e3o de entrada.<\/p>\n\n\n\n<p>Como pode ver, as op\u00e7\u00f5es s\u00e3o infinitas, \u00e9 s\u00f3 escolher o seu favorito!<\/p>\n\n\n\n<hr class=\"wp-block-separator\">\n\n\n\n<p>Inspire-se Aqui: <\/p>\n\n\n\n<hr class=\"wp-block-separator\">\n\n\n\n<p>Visite a nossa p\u00e1gina no\u00a0<a rel=\"noreferrer noopener\" href=\"http:\/\/bit.ly\/2Q1Iazu\" target=\"_blank\">Pinterest<\/a>\u00a0para que lhe possamos oferecer mais inspira\u00e7\u00e3o. Aqui encontrar\u00e1 tudo o que precisa para os seus projetos de interiores e encontrar op\u00e7\u00f5es funcionais, elegantes e consider\u00e1veis de ilumina\u00e7\u00e3o e mobili\u00e1rio. Certifique-se que faz o\u00a0<a rel=\"noreferrer noopener\" href=\"http:\/\/www.delightfull.eu\/landing-page\/ebooks\/?utm_source=aalves&amp;utm_medium=BlogUnique&amp;utm_campaign=LinksTexto\" target=\"_blank\">download<\/a>\u00a0do nosso mais recente E-book: \u2018<a rel=\"noreferrer noopener\" href=\"http:\/\/bit.ly\/2U8zKUq\" target=\"_blank\">10 Years of a Delightful Story!<\/a>\u2018<\/p>\n\n\n\n<a class=\"bannerDinamicAction\" href=\"https:\/\/www.delightfull.eu\/en\/heritage\/suspension\/carter-pendant?utm_source=delightfull-inspirations&amp;utm_medium=dynamicbanner-articlebanner&amp;utm_campaign=newproducts&amp;utm_term=1954&amp;utm_content=carterpendantdl\" target=\"_blank\" data-imageid=\"1954\">\n    <img class=\"img-responsive\" src=\"https:\/\/www.delightfull.eu\/banners_impact\/articlebanner\/Article%20Banner%20-%20Carte%20Pendant%20DL.gif\" alt=\"DL New Product\"><\/a>\n","protected":false},"excerpt":{"rendered":"<p>A verdade \u00e9 que nunca trabalharam juntas\u2026 Mas podiam! Se nunca ouviu falar da Inlighted, ent\u00e3o digamos que anda a perder algo muito bom no mundo da arquitetura e design. Hoje resolvemos trazer-lhe este tema e esta marca em espec\u00edfio, para mostrar como as pe\u00e7as da DelightFULL funcionariam bem nos seus projetos. Continue desse lado a acompanhar esta nossa descoberta de DelightFULL E Inlighted! Inspire-se Aqui: A verdade \u00e9 que, apesar da DelightFULL ser uma marca mais dedicada ao mid-century [&hellip;]<\/p>\n","protected":false},"author":20,"featured_media":10000745,"comment_status":"open","ping_status":"open","sticky":false,"template":"","format":"standard","meta":{"footnotes":"","_links_to":"","_links_to_target":""},"categories":[3,3920,3915],"tags":[1965,3978,4443,3980,4447,4445,128,4444],"_links":{"self":[{"href":"https:\/\/delightfull.eu\/inspirations\/wp-json\/wp\/v2\/posts\/10000710"}],"collection":[{"href":"https:\/\/delightfull.eu\/inspirations\/wp-json\/wp\/v2\/posts"}],"about":[{"href":"https:\/\/delightfull.eu\/inspirations\/wp-json\/wp\/v2\/types\/post"}],"author":[{"embeddable":true,"href":"https:\/\/delightfull.eu\/inspirations\/wp-json\/wp\/v2\/users\/20"}],"replies":[{"embeddable":true,"href":"https:\/\/delightfull.eu\/inspirations\/wp-json\/wp\/v2\/comments?post=10000710"}],"version-history":[{"count":10,"href":"https:\/\/delightfull.eu\/inspirations\/wp-json\/wp\/v2\/posts\/10000710\/revisions"}],"predecessor-version":[{"id":10000747,"href":"https:\/\/delightfull.eu\/inspirations\/wp-json\/wp\/v2\/posts\/10000710\/revisions\/10000747"}],"wp:featuredmedia":[{"embeddable":true,"href":"https:\/\/delightfull.eu\/inspirations\/wp-json\/wp\/v2\/media\/10000745"}],"wp:attachment":[{"href":"https:\/\/delightfull.eu\/inspirations\/wp-json\/wp\/v2\/media?parent=10000710"}],"wp:term":[{"taxonomy":"category","embeddable":true,"href":"https:\/\/delightfull.eu\/inspirations\/wp-json\/wp\/v2\/categories?post=10000710"},{"taxonomy":"post_tag","embeddable":true,"href":"https:\/\/delightfull.eu\/inspirations\/wp-json\/wp\/v2\/tags?post=10000710"}],"curies":[{"name":"wp","href":"https:\/\/api.w.org\/{rel}","templated":true}]}}