{"id":10001128,"date":"2019-02-21T16:55:54","date_gmt":"2019-02-21T16:55:54","guid":{"rendered":"https:\/\/delightfull.eu\/inspirations\/?p=10001128"},"modified":"2019-02-21T16:59:56","modified_gmt":"2019-02-21T16:59:56","slug":"ideas-de-como-decorar-a-casa-com-tons-pastel","status":"publish","type":"post","link":"https:\/\/delightfull.eu\/inspirations\/2019\/02\/21\/ideas-de-como-decorar-a-casa-com-tons-pastel\/","title":{"rendered":"Ideas De Como Decorar a Casa Com Tons Pastel"},"content":{"rendered":"\n<h2 class=\"wp-block-heading\">Os tons mais claros est\u00e3o em alta este ano e voc\u00ea n\u00e3o vai querer perder estas dicas!<\/h2>\n\n\n\n<p><strong><em>Tons pastel<\/em><\/strong> s\u00e3o perfeitos para aqueles que querem dar um ar mais colorido ao ambiente com equil\u00edbrio, sem perder a ess\u00eancia clean e leve da decora\u00e7\u00e3o. Com diferentes op\u00e7\u00f5es de aplica\u00e7\u00e3o, os <strong><em>tons pastel<\/em><\/strong> encantam os ambientes pelas sensa\u00e7\u00f5es de tranquilidade e harmonia que transmitem.<\/p>\n\n\n\n<hr class=\"wp-block-separator\">\n\n\n\n<p>Pode Ler Sobre: <\/p>\n\n\n\n<hr class=\"wp-block-separator\">\n\n\n\n<h4 class=\"wp-block-heading\">Pinte as paredes nestes tons<\/h4>\n\n\n\n\n\n<p>Os <strong><em>tons pastel<\/em><\/strong> s\u00e3o sem d\u00favida a <em><\/em>. \u00c9 hora de acolher a felicidade que dar\u00e1 \u00e0 decora\u00e7\u00e3o da sua casa esta gama de cores t\u00e3o luminosa. E porque n\u00e3o come\u00e7ar pelas paredes de uma forma subtil? Pode brincar com estes tons de forma a criar harmonia no seu espa\u00e7o sem mudar a sua mob\u00edlia, por exemplo.<\/p>\n\n\n\n<a class=\"bannerDinamicAction\" href=\"https:\/\/delightfull.eu\/en\/heritage\/suspension?utm_source=delightfull-inspirations&amp;utm_medium=dynamicbanner-articlebanner&amp;utm_campaign=product&amp;utm_term=1943&amp;utm_content=suspensioncategory\" target=\"_blank\" data-imageid=\"1943\">\n    <img class=\"img-responsive\" src=\"https:\/\/www.delightfull.eu\/banners_impact\/articlebanner\/DL%20-suspension-lamps.jpg\" alt=\"Suspension Category\"><\/a>\n\n\n\n<h4 class=\"wp-block-heading\">Escolha roupa de cama mais clara em contraste com os restantes elementos<\/h4>\n\n\n\n\n\n<p><em><\/em> bege\u2026 You do you! O importante \u00e9 mesmo optar por escolher almofadas e uma colcha que sejam nestes tons mais claros. Deve-se procurar que o nosso quarto seja acolhedor para quem dele desfrutam diariamente, neste caso para si, o que o ajudar\u00e1 a andar mais calmo e relaxado nos momentos que passa nesta divis\u00e3o e fora.<\/p>\n\n\n\n<h4 class=\"wp-block-heading\">Tons Fortes vs Tons Pastel<\/h4>\n\n\n\n\n\n<p>A verdade \u00e9 que n\u00e3o estamos aqui s\u00f3 a torcer pelos tons mais claros, mas tamb\u00e9m para lhe mostrar como se conjugam de forma perfeita com os tons mais escuros. Deixe a sua mobilia escura brilhar, e escolha apenas uns apontamentos em pastel. Vai ver que se v\u00e3o destacar muito mais!<\/p>\n\n\n\n<h4 class=\"wp-block-heading\">Combinar o rosa com o azul<\/h4>\n\n\n\n\n\n<p>O <em><\/em> \u00e9 muito simples de combinar. A inoc\u00eancia que desperta nos dar\u00e1 uma agrad\u00e1vel sensa\u00e7\u00e3o de paz e felicidade. N\u00e3o prefere ver a vida de cor de rosa? Por outro lado temos o azul. O <em><\/em>, esse que muitas vezes chamamos de azul beb\u00e9, \u00e9 uma <em><\/em> ideal para dar calma e harmonia \u00e0 sua casa. Porqu\u00ea fazer escolhas dific\u00e9is quando podemos combinar ambas as cores?<\/p>\n\n\n\n<h4 class=\"wp-block-heading\">Preto, branco e rosa pastel<\/h4>\n\n\n\n\n\n<p>Por incr\u00edvel que pare\u00e7a, s\u00e3o a combina\u00e7\u00e3o perfeita. Quando a um quarto preto e branco, adiciona uns apontamentos de cor, seja ela rosa ou azul, ou qualquer outra cor, far\u00e1 com que todos os elementos coloridos saltem mais \u00e0 vista. Esta \u00e9 a forma mais subtil de adicionar cor neste espa\u00e7o, sem tirar a tranquilidade e a neutralidade ao quarto.<\/p>\n\n\n\n<h4 class=\"wp-block-heading\">Verde pastel tamb\u00e9m pode iluminar o seu lar<\/h4>\n\n\n\n<figure class=\"wp-block-image is-resized\"><a href=\"http:\/\/bit.ly\/2E6scLA\" target=\"_blank\" rel=\"noreferrer noopener\"><img decoding=\"async\" src=\"https:\/\/delightfull.eu\/inspirations\/wp-content\/uploads\/2019\/02\/Ideas-De-Como-Decorar-a-Casa-Com-Tons-Pastel-6.jpg\" alt=\"Ideas De Como Decorar a Casa Com Tons Pastel 6\" class=\"wp-image-10001134\" width=\"800\" srcset=\"https:\/\/delightfull.eu\/inspirations\/wp-content\/uploads\/2019\/02\/Ideas-De-Como-Decorar-a-Casa-Com-Tons-Pastel-6.jpg 940w, https:\/\/delightfull.eu\/inspirations\/wp-content\/uploads\/2019\/02\/Ideas-De-Como-Decorar-a-Casa-Com-Tons-Pastel-6-300x250.jpg 300w, https:\/\/delightfull.eu\/inspirations\/wp-content\/uploads\/2019\/02\/Ideas-De-Como-Decorar-a-Casa-Com-Tons-Pastel-6-770x641.jpg 770w, https:\/\/delightfull.eu\/inspirations\/wp-content\/uploads\/2019\/02\/Ideas-De-Como-Decorar-a-Casa-Com-Tons-Pastel-6-293x244.jpg 293w\" sizes=\"(max-width: 940px) 100vw, 940px\"><\/a><\/figure>\n\n\n\n<p>Se tem a sorte de ter um espa\u00e7o com boa entrada de luz natural aproveite-o combinando a luz com o verde pastel. Conseguir\u00e1 deste modo uma est\u00e2ncia que transborde frescura. Al\u00e9m do mais, o verde pastel \u00e9 uma boa alternativa aos comuns azuis e rosa nos quartoa infantis. <\/p>\n\n\n\n<h3 class=\"wp-block-heading\">A Nossa Sele\u00e7\u00e3o<\/h3>\n\n\n\n<figure class=\"wp-block-image is-resized\"><a href=\"http:\/\/bit.ly\/2E4RJon\" target=\"_blank\" rel=\"noreferrer noopener\"><img decoding=\"async\" src=\"https:\/\/delightfull.eu\/inspirations\/wp-content\/uploads\/2019\/02\/DL-pascoa-v2-s11d69c65329b83848cf8704f470f8080fa-863x1024.jpg\" alt=\"Ideas De Como Decorar a Casa Com Tons Pastel\" class=\"wp-image-10001139\" width=\"800\" srcset=\"https:\/\/delightfull.eu\/inspirations\/wp-content\/uploads\/2019\/02\/DL-pascoa-v2-s11d69c65329b83848cf8704f470f8080fa-863x1024.jpg 863w, https:\/\/delightfull.eu\/inspirations\/wp-content\/uploads\/2019\/02\/DL-pascoa-v2-s11d69c65329b83848cf8704f470f8080fa-253x300.jpg 253w, https:\/\/delightfull.eu\/inspirations\/wp-content\/uploads\/2019\/02\/DL-pascoa-v2-s11d69c65329b83848cf8704f470f8080fa-770x914.jpg 770w, https:\/\/delightfull.eu\/inspirations\/wp-content\/uploads\/2019\/02\/DL-pascoa-v2-s11d69c65329b83848cf8704f470f8080fa-293x348.jpg 293w, https:\/\/delightfull.eu\/inspirations\/wp-content\/uploads\/2019\/02\/DL-pascoa-v2-s11d69c65329b83848cf8704f470f8080fa.jpg 1080w\" sizes=\"(max-width: 863px) 100vw, 863px\"><\/a><\/figure>\n\n\n\n\n\n<p>Entusiasta, a letra E pede a sensa\u00e7\u00e3o deslumbrante de uma festa n\u00e9on. Com 23 l\u00e2mpadas, esta pe\u00e7a traz consigo o contorno de n\u00e9on azul que completa qualquer <em><\/em>. Divertida, requintada e brilhante, a letra E trar\u00e1 toda a nostalgia dos anos da faculdade (a fonte da letra remete-nos para college vibe). Com uma altura de 1 metro, \u00e9 ideal para bares e pubs e para a sua <em><\/em>.<\/p>\n\n\n\n<hr class=\"wp-block-separator\">\n\n\n\n<p> Pode Ler Sobre: <a href=\"http:\/\/bit.ly\/2DdD8GU\" target=\"_blank\" rel=\"noreferrer noopener\" aria-label=\"O QUE N\u00c3O PODE FALTAR NO SEU HOME OFFICE? N\u00d3S AJUDAMOS! (opens in a new tab)\">O QUE N\u00c3O PODE FALTAR NO SEU HOME OFFICE? N\u00d3S AJUDAMOS!<\/a><\/p>\n\n\n\n<hr class=\"wp-block-separator\">\n\n\n\n<p>Visite a nossa p\u00e1gina no\u00a0<a rel=\"noreferrer noopener\" href=\"http:\/\/bit.ly\/2Q1Iazu\" target=\"_blank\">Pinterest<\/a>\u00a0para que lhe possamos oferecer mais inspira\u00e7\u00e3o. Aqui encontrar\u00e1 tudo o que precisa para os seus projetos de interiores e encontrar op\u00e7\u00f5es funcionais, elegantes e consider\u00e1veis de ilumina\u00e7\u00e3o e mobili\u00e1rio. Certifique-se que faz o\u00a0<a rel=\"noreferrer noopener\" href=\"http:\/\/www.delightfull.eu\/landing-page\/ebooks\/?utm_source=aalves&amp;utm_medium=BlogUnique&amp;utm_campaign=LinksTexto\" target=\"_blank\">download<\/a>\u00a0do nosso mais recente E-book: \u2018\u2018<\/p>\n\n\n\n<a class=\"bannerDinamicAction\" href=\":\/\/\" target=\"_blank\" data-imageid=\"0\">\n    <img class=\"img-responsive\" src=\"\" alt=\"\"><\/a>\n","protected":false},"excerpt":{"rendered":"<p>Os tons mais claros est\u00e3o em alta este ano e voc\u00ea n\u00e3o vai querer perder estas dicas! Tons pastel s\u00e3o perfeitos para aqueles que querem dar um ar mais colorido ao ambiente com equil\u00edbrio, sem perder a ess\u00eancia clean e leve da decora\u00e7\u00e3o. Com diferentes op\u00e7\u00f5es de aplica\u00e7\u00e3o, os tons pastel encantam os ambientes pelas sensa\u00e7\u00f5es de tranquilidade e harmonia que transmitem. Pode Ler Sobre: Pinte as paredes nestes tons Os tons pastel s\u00e3o sem d\u00favida a . \u00c9 hora [&hellip;]<\/p>\n","protected":false},"author":20,"featured_media":10001148,"comment_status":"open","ping_status":"open","sticky":false,"template":"","format":"standard","meta":{"footnotes":"","_links_to":"","_links_to_target":""},"categories":[4155,3920,3915],"tags":[4527,4529,4532,4533,4528,4531,4530],"_links":{"self":[{"href":"https:\/\/delightfull.eu\/inspirations\/wp-json\/wp\/v2\/posts\/10001128"}],"collection":[{"href":"https:\/\/delightfull.eu\/inspirations\/wp-json\/wp\/v2\/posts"}],"about":[{"href":"https:\/\/delightfull.eu\/inspirations\/wp-json\/wp\/v2\/types\/post"}],"author":[{"embeddable":true,"href":"https:\/\/delightfull.eu\/inspirations\/wp-json\/wp\/v2\/users\/20"}],"replies":[{"embeddable":true,"href":"https:\/\/delightfull.eu\/inspirations\/wp-json\/wp\/v2\/comments?post=10001128"}],"version-history":[{"count":11,"href":"https:\/\/delightfull.eu\/inspirations\/wp-json\/wp\/v2\/posts\/10001128\/revisions"}],"predecessor-version":[{"id":10001149,"href":"https:\/\/delightfull.eu\/inspirations\/wp-json\/wp\/v2\/posts\/10001128\/revisions\/10001149"}],"wp:featuredmedia":[{"embeddable":true,"href":"https:\/\/delightfull.eu\/inspirations\/wp-json\/wp\/v2\/media\/10001148"}],"wp:attachment":[{"href":"https:\/\/delightfull.eu\/inspirations\/wp-json\/wp\/v2\/media?parent=10001128"}],"wp:term":[{"taxonomy":"category","embeddable":true,"href":"https:\/\/delightfull.eu\/inspirations\/wp-json\/wp\/v2\/categories?post=10001128"},{"taxonomy":"post_tag","embeddable":true,"href":"https:\/\/delightfull.eu\/inspirations\/wp-json\/wp\/v2\/tags?post=10001128"}],"curies":[{"name":"wp","href":"https:\/\/api.w.org\/{rel}","templated":true}]}}