{"id":10001248,"date":"2019-02-27T13:08:29","date_gmt":"2019-02-27T13:08:29","guid":{"rendered":"https:\/\/delightfull.eu\/inspirations\/?p=10001248"},"modified":"2019-02-27T14:52:14","modified_gmt":"2019-02-27T14:52:14","slug":"amvmagazine-a-revista-portuguesa-que-e-a-concretizacao-de-um-sonho","status":"publish","type":"post","link":"https:\/\/delightfull.eu\/inspirations\/2019\/02\/27\/amvmagazine-a-revista-portuguesa-que-e-a-concretizacao-de-um-sonho\/","title":{"rendered":"#AMVMAGAZINE: A Revista Portuguesa Que \u00c9 A Concretiza\u00e7\u00e3o de Um Sonho"},"content":{"rendered":"\n<h2 class=\"wp-block-heading\">Se ainda n\u00e3o conhece, aconselhamos totalmente a leitura!<\/h2>\n\n\n\n<p>Numa era em que o digital apodera de todos os outros meios, eis algu\u00e9m que faz o percurso inverso. Do digital para o tradicional. Hoje vamos falar-lhe um pouco desta <strong><em>revista portuguesa<\/em><\/strong>, que come\u00e7ou por ser o sonho de Mafalda Sampaio, e hoje em dia \u00e9 um sonho concretizado.<\/p>\n\n\n\n<hr class=\"wp-block-separator\">\n\n\n\n<p>Leia Tamb\u00e9m: <\/p>\n\n\n\n<hr class=\"wp-block-separator\">\n\n\n\n\n\n<p>Se est\u00e1 a perguntar a si mesmo <em>\u2018Quem \u00e9 afinal Mafalda Sampaio?<\/em>\u2018, provavelmente tem vivido debaixo de uma rocha, mas n\u00f3s explicamos.<\/p>\n\n\n\n<a class=\"bannerDinamicAction\" href=\"https:\/\/www.delightfull.eu\/en\/heritage\/suspension\/ike?utm_source=delightfull-inspirations&amp;utm_medium=ArticleBanner&amp;utm_campaign=DynamicBanners&amp;utm_term=314&amp;utm_content=ike_suspension\" target=\"_blank\" data-imageid=\"314\">\n    <img class=\"img-responsive\" src=\"https:\/\/modernfloorlamps.net\/wp-content\/uploads\/2019\/02\/banner-ike-suspension.gif\" alt=\"ike,ikesuspension,product,black\"><\/a>\n\n\n\n\n\n<p>Mafalda \u00e9 youtuber e blogger portuguesa de lifestyle que decidiu postar o seu primeiro v\u00eddeo no Youtube a 24 de Setembro de 2014. Este primeiro v\u00eddeo tinha como foco\u00a0a maquilhagem do dia-a-dia.<\/p>\n\n\n\n\n\n<p>Quase 5 anos depois, Mafalda \u00e9 uma das pessoas mais influentes no meio digital, tendo at\u00e9 recebido o pr\u00e9mio de <em><\/em>, no ano passado,  na gala de entrega de Pr\u00e9mios <em><\/em>.<\/p>\n\n\n\n\n\n<p>\u2018<em>Maria Vaidosa<\/em>\u2018 foi a forma que Mafalda Sampaio arranjou para que todas as mulheres se identificassem com o seu canal. Portugal \u00e9 uma pa\u00eds em que o nome \u2018Maria\u2019 \u00e9 muito comum, e uma vez que a pr\u00f3pria tamb\u00e9m tem Maria no nome, decidiu ir para a frente com este projeto \u2018A <em>Maria Vaidosa<\/em>\u2018. Como a pr\u00f3pria costuma dizer:<\/p>\n\n\n\n<blockquote class=\"wp-block-quote\"><p><em>Somos todas Marias Vaidosas. <\/em><\/p><\/blockquote>\n\n\n\n\n\n<p>Hoje em dia, com 27 anos, apresenta-se em nome pr\u00f3prio, deixando a \u2018<em>Maria Vaidosa<\/em>\u2018 para o que seria o seu pr\u00f3ximo grande projeto: a revista.  <br>Em 2017 lan\u00e7ou a revista \u2018<em><\/em>\u2018, que mais tarde abreviou para <em><\/em>. <\/p>\n\n\n\n\n\n<p>O risco foi grande, ao fazer o processo inverso \u00e0quilo que \u00e9 considerado \u2018normal\u2019 nos dias que correm. Passou do digital para o tradicional, e n\u00e3o poderia estar mais orgulhosa disso. <\/p>\n\n\n\n<blockquote class=\"wp-block-quote\">\n<p><em>A Maria Vaidosa Magazine assume-se como uma publica\u00e7\u00e3o dirigida a jovens adultas residentes em centros urbanos, sendo que os conte\u00fados centram-se nas tem\u00e1ticas de beleza, moda e lifestyle, em alinhamento com as plataformas da bloguer no universo digital.<\/em><\/p>\n<p><br><\/p>\n<\/blockquote>\n\n\n\n\n\n<p>Cita\u00e7\u00e3o que pode ser encontrada em <em><a href=\"http:\/\/www.meiosepublicidade.pt\/\" target=\"_blank\" rel=\"noreferrer noopener\" aria-label=\"www.meiosepublicidade.pt (opens in a new tab)\">www.meiosepublicidade.p<\/a><\/em><a href=\"http:\/\/www.meiosepublicidade.pt\/\" target=\"_blank\" rel=\"noreferrer noopener\" aria-label=\"www.meiosepublicidade.pt (opens in a new tab)\">t<\/a>. 2 anos depois, e com a revista n\u00ba6 acabada de sair, o p\u00fablico \u00e9 um pouco diferente.<\/p>\n\n\n\n<figure class=\"wp-block-image is-resized\"><a href=\"http:\/\/bit.ly\/2T1rUjq\" target=\"_blank\" rel=\"noreferrer noopener\"><img decoding=\"async\" src=\"https:\/\/delightfull.eu\/inspirations\/wp-content\/uploads\/2019\/02\/AMVMAGAZINE-A-Revista-Portuguesa-Que-%C3%89-A-Concretiza%C3%A7%C3%A3o-de-Um-Sonho-2.jpg\" alt=\"#AMVMAGAZINE A Revista Portuguesa Que \u00c9 A Concretiza\u00e7\u00e3o de Um Sonho 2\" class=\"wp-image-10001264\" width=\"800\" srcset=\"https:\/\/delightfull.eu\/inspirations\/wp-content\/uploads\/2019\/02\/AMVMAGAZINE-A-Revista-Portuguesa-Que-\u00c9-A-Concretiza\u00e7\u00e3o-de-Um-Sonho-2.jpg 640w, https:\/\/delightfull.eu\/inspirations\/wp-content\/uploads\/2019\/02\/AMVMAGAZINE-A-Revista-Portuguesa-Que-\u00c9-A-Concretiza\u00e7\u00e3o-de-Um-Sonho-2-100x100.jpg 100w, https:\/\/delightfull.eu\/inspirations\/wp-content\/uploads\/2019\/02\/AMVMAGAZINE-A-Revista-Portuguesa-Que-\u00c9-A-Concretiza\u00e7\u00e3o-de-Um-Sonho-2-300x300.jpg 300w, https:\/\/delightfull.eu\/inspirations\/wp-content\/uploads\/2019\/02\/AMVMAGAZINE-A-Revista-Portuguesa-Que-\u00c9-A-Concretiza\u00e7\u00e3o-de-Um-Sonho-2-75x75.jpg 75w, https:\/\/delightfull.eu\/inspirations\/wp-content\/uploads\/2019\/02\/AMVMAGAZINE-A-Revista-Portuguesa-Que-\u00c9-A-Concretiza\u00e7\u00e3o-de-Um-Sonho-2-293x293.jpg 293w, https:\/\/delightfull.eu\/inspirations\/wp-content\/uploads\/2019\/02\/AMVMAGAZINE-A-Revista-Portuguesa-Que-\u00c9-A-Concretiza\u00e7\u00e3o-de-Um-Sonho-2-390x390.jpg 390w, https:\/\/delightfull.eu\/inspirations\/wp-content\/uploads\/2019\/02\/AMVMAGAZINE-A-Revista-Portuguesa-Que-\u00c9-A-Concretiza\u00e7\u00e3o-de-Um-Sonho-2-585x585.jpg 585w\" sizes=\"(max-width: 640px) 100vw, 640px\"><\/a><\/figure>\n\n\n\n<p>A partir da revista n\u00ba5, houve uma mudan\u00e7a de uma revista jovem, para um revista mais madura, mais cosmopolitana, e com conte\u00fados que v\u00e3o mais de encontro a uma faixa et\u00e1ria diferente.<\/p>\n\n\n\n\n\n<p>Se est\u00e1 a perguntar o que este revista tem que ver com o mundo <a href=\"http:\/\/bit.ly\/2SA6dGU\" target=\"_blank\" rel=\"noreferrer noopener\" aria-label=\"DelightFULL (opens in a new tab)\">DelightFULL<\/a>, n\u00f3s respondemos. <\/p>\n\n\n\n<figure class=\"wp-block-image is-resized\"><a href=\"http:\/\/bit.ly\/2T1rUjq\" target=\"_blank\" rel=\"noreferrer noopener\"><img decoding=\"async\" src=\"https:\/\/delightfull.eu\/inspirations\/wp-content\/uploads\/2019\/02\/52024249_442877219583951_4266655689433807525_n1-819x1024.jpg\" alt=\"#AMVMAGAZINE A Revista Portuguesa Que \u00c9 A Concretiza\u00e7\u00e3o de Um Sonho 12\" class=\"wp-image-10001276\" width=\"800\" srcset=\"https:\/\/delightfull.eu\/inspirations\/wp-content\/uploads\/2019\/02\/52024249_442877219583951_4266655689433807525_n1-819x1024.jpg 819w, https:\/\/delightfull.eu\/inspirations\/wp-content\/uploads\/2019\/02\/52024249_442877219583951_4266655689433807525_n1-240x300.jpg 240w, https:\/\/delightfull.eu\/inspirations\/wp-content\/uploads\/2019\/02\/52024249_442877219583951_4266655689433807525_n1-770x963.jpg 770w, https:\/\/delightfull.eu\/inspirations\/wp-content\/uploads\/2019\/02\/52024249_442877219583951_4266655689433807525_n1-293x366.jpg 293w, https:\/\/delightfull.eu\/inspirations\/wp-content\/uploads\/2019\/02\/52024249_442877219583951_4266655689433807525_n1.jpg 1080w\" sizes=\"(max-width: 819px) 100vw, 819px\"><\/a><\/figure>\n\n\n\n<p>\u00c9 uma revista cosmopolitana, e que apresenta produtos de luxo relacionados com moda e lifestyle, e facilmente encaixa projetos de <em>.<\/em><\/p>\n\n\n\n\n\n<div class=\"wp-block-image\"><figure class=\"aligncenter\"><a href=\"http:\/\/bit.ly\/2T5IRcA\" target=\"_blank\" rel=\"noreferrer noopener\"><img loading=\"lazy\" decoding=\"async\" width=\"200\" height=\"40\" src=\"https:\/\/delightfull.eu\/inspirations\/wp-content\/uploads\/2019\/02\/Descubra-Mais.png\" alt=\"\" class=\"wp-image-10001183\"><\/a><\/figure><\/div>\n\n\n\n<p>Consideramos que devemos apoiar projetos portugueses e que que este projeto \u00e9 sem d\u00favida algo que a <a href=\"http:\/\/bit.ly\/2SA6dGU\" target=\"_blank\" rel=\"noreferrer noopener\" aria-label=\"DelightFULL (opens in a new tab)\">DelightFULL<\/a> gostaria de fazer parte, com as suas <em><a rel=\"noreferrer noopener\" aria-label=\"pe\u00e7as de ilumina\u00e7\u00e3o (opens in a new tab)\" href=\"http:\/\/bit.ly\/2Ef2S6q\" target=\"_blank\">pe\u00e7as de ilumina\u00e7\u00e3o<\/a><\/em>, continuamente a fazer aquilo que melhor sabemos: inspirar.<\/p>\n\n\n\n<hr class=\"wp-block-separator\">\n\n\n\n<p>Leia Tamb\u00e9m: <a href=\"http:\/\/bit.ly\/2E06KIo\" target=\"_blank\" rel=\"noreferrer noopener\" aria-label=\"VER\u00c3O 2019: AS GRANDES TEND\u00caNCIAS DE COR E DECORA\u00c7\u00c3O DA MELHOR ESTA\u00c7\u00c3O (opens in a new tab)\">VER\u00c3O 2019: AS GRANDES TEND\u00caNCIAS DE COR E DECORA\u00c7\u00c3O DA MELHOR ESTA\u00c7\u00c3O<\/a><\/p>\n\n\n\n<hr class=\"wp-block-separator\">\n\n\n\n<p>Visite a nossa p\u00e1gina no\u00a0<a rel=\"noreferrer noopener\" href=\"http:\/\/bit.ly\/2Q1Iazu\" target=\"_blank\">Pinterest<\/a>\u00a0para que lhe possamos oferecer mais inspira\u00e7\u00e3o. Aqui encontrar\u00e1 tudo o que precisa para os seus projetos de interiores e encontrar op\u00e7\u00f5es funcionais, elegantes e consider\u00e1veis de ilumina\u00e7\u00e3o e mobili\u00e1rio. Certifique-se que faz o\u00a0<a rel=\"noreferrer noopener\" href=\"http:\/\/www.delightfull.eu\/landing-page\/ebooks\/?utm_source=aalves&amp;utm_medium=BlogUnique&amp;utm_campaign=LinksTexto\" target=\"_blank\">download<\/a>\u00a0do nosso mais recente E-book: \u2018\u2018<\/p>\n\n\n\n<a class=\"bannerDinamicAction\" href=\":\/\/\" target=\"_blank\" data-imageid=\"0\">\n    <img class=\"img-responsive\" src=\"\" alt=\"\"><\/a>\n","protected":false},"excerpt":{"rendered":"<p>Se ainda n\u00e3o conhece, aconselhamos totalmente a leitura! Numa era em que o digital apodera de todos os outros meios, eis algu\u00e9m que faz o percurso inverso. Do digital para o tradicional. Hoje vamos falar-lhe um pouco desta revista portuguesa, que come\u00e7ou por ser o sonho de Mafalda Sampaio, e hoje em dia \u00e9 um sonho concretizado. Leia Tamb\u00e9m: Se est\u00e1 a perguntar a si mesmo \u2018Quem \u00e9 afinal Mafalda Sampaio?\u2018, provavelmente tem vivido debaixo de uma rocha, mas n\u00f3s [&hellip;]<\/p>\n","protected":false},"author":20,"featured_media":10001281,"comment_status":"open","ping_status":"open","sticky":false,"template":"","format":"standard","meta":{"footnotes":"","_links_to":"","_links_to_target":""},"categories":[4155,3920,3915],"tags":[4554,4556,3980,4555,4557,4498,4553],"_links":{"self":[{"href":"https:\/\/delightfull.eu\/inspirations\/wp-json\/wp\/v2\/posts\/10001248"}],"collection":[{"href":"https:\/\/delightfull.eu\/inspirations\/wp-json\/wp\/v2\/posts"}],"about":[{"href":"https:\/\/delightfull.eu\/inspirations\/wp-json\/wp\/v2\/types\/post"}],"author":[{"embeddable":true,"href":"https:\/\/delightfull.eu\/inspirations\/wp-json\/wp\/v2\/users\/20"}],"replies":[{"embeddable":true,"href":"https:\/\/delightfull.eu\/inspirations\/wp-json\/wp\/v2\/comments?post=10001248"}],"version-history":[{"count":5,"href":"https:\/\/delightfull.eu\/inspirations\/wp-json\/wp\/v2\/posts\/10001248\/revisions"}],"predecessor-version":[{"id":10001298,"href":"https:\/\/delightfull.eu\/inspirations\/wp-json\/wp\/v2\/posts\/10001248\/revisions\/10001298"}],"wp:featuredmedia":[{"embeddable":true,"href":"https:\/\/delightfull.eu\/inspirations\/wp-json\/wp\/v2\/media\/10001281"}],"wp:attachment":[{"href":"https:\/\/delightfull.eu\/inspirations\/wp-json\/wp\/v2\/media?parent=10001248"}],"wp:term":[{"taxonomy":"category","embeddable":true,"href":"https:\/\/delightfull.eu\/inspirations\/wp-json\/wp\/v2\/categories?post=10001248"},{"taxonomy":"post_tag","embeddable":true,"href":"https:\/\/delightfull.eu\/inspirations\/wp-json\/wp\/v2\/tags?post=10001248"}],"curies":[{"name":"wp","href":"https:\/\/api.w.org\/{rel}","templated":true}]}}