{"id":10001466,"date":"2019-03-06T16:26:51","date_gmt":"2019-03-06T16:26:51","guid":{"rendered":"https:\/\/delightfull.eu\/inspirations\/?p=10001466"},"modified":"2019-03-06T16:26:53","modified_gmt":"2019-03-06T16:26:53","slug":"les-tendaces-des-couleurs-pour-printemps-2019","status":"publish","type":"post","link":"https:\/\/delightfull.eu\/inspirations\/2019\/03\/06\/les-tendaces-des-couleurs-pour-printemps-2019\/","title":{"rendered":"Les Tendaces Des Couleurs Pour Printemps 2019!"},"content":{"rendered":"\n<p class=\"has-medium-font-size\"><strong><em>Tendances Des Couleurs Pour Printemps<\/em><\/strong> 2019!<\/p>\n\n\n\n<p>Aujourd\u2019hui, nous avons un article sp\u00e9cial juste pour vous. Nous avons rassembl\u00e9 certaines de nos<strong> tendances de couleurs pr\u00e9f\u00e9r\u00e9es <\/strong>pour la saison \u00e0 venir. Aujourd\u2019hui, nous vous pr\u00e9sentons les<strong> tendances des couleurs de printemps pour 2019<\/strong>!<\/p>\n\n\n\n<hr class=\"wp-block-separator\">\n\n\n\n<p class=\"has-text-color has-vivid-red-color\"><strong><a rel=\"noreferrer noopener\" href=\"https:\/\/delightfull.eu\/inspirations\/2019\/02\/20\/recontrer-la-famille-coltrane-dans-notre-monde-mid-century\/?utm_source=bmorais&amp;utm_medium=BlogInspirations&amp;utm_campaign=SeeAlso&amp;utm_content=France\" target=\"_blank\">LIRE AUSSI: Recontrer La Famille Coltrane Dans Notre Monde Mid-Century!<\/a><\/strong><\/p>\n\n\n\n<hr class=\"wp-block-separator\">\n\n\n\n<p class=\"has-medium-font-size\">Toffee<\/p>\n\n\n\n<figure class=\"wp-block-image is-resized\"><a href=\"https:\/\/www.delightfull.eu\/trends\/?utm_source=bmorais&amp;utm_medium=BlogInspirations&amp;utm_campaign=Trends\" target=\"_blank\" rel=\"noreferrer noopener\"><img decoding=\"async\" src=\"https:\/\/delightfull.eu\/inspirations\/wp-content\/uploads\/2019\/03\/a3aaae62574f214b2255e23c89a686ef-578x1024.jpg\" alt=\"Tendances Des Couleurs Pour Printemps\" class=\"wp-image-10001469\" width=\"800\" srcset=\"https:\/\/delightfull.eu\/inspirations\/wp-content\/uploads\/2019\/03\/a3aaae62574f214b2255e23c89a686ef-578x1024.jpg 578w, https:\/\/delightfull.eu\/inspirations\/wp-content\/uploads\/2019\/03\/a3aaae62574f214b2255e23c89a686ef-169x300.jpg 169w, https:\/\/delightfull.eu\/inspirations\/wp-content\/uploads\/2019\/03\/a3aaae62574f214b2255e23c89a686ef-770x1365.jpg 770w, https:\/\/delightfull.eu\/inspirations\/wp-content\/uploads\/2019\/03\/a3aaae62574f214b2255e23c89a686ef-293x519.jpg 293w, https:\/\/delightfull.eu\/inspirations\/wp-content\/uploads\/2019\/03\/a3aaae62574f214b2255e23c89a686ef-1400x2482.jpg 1400w, https:\/\/delightfull.eu\/inspirations\/wp-content\/uploads\/2019\/03\/a3aaae62574f214b2255e23c89a686ef.jpg 2041w\" sizes=\"(max-width: 578px) 100vw, 578px\"><\/a><\/figure>\n\n\n\n<p>Toffee est chaud et d\u00e9licieux, et il compl\u00e8te \u00e0 merveille la plupart des tons. C\u2019\u00e9tait un r\u00e9gal de le voir dans les tendances de la couleur de la piste au printemps 2019.<\/p>\n\n\n\n<table class=\"wp-block-table\"><tbody><tr><td><a class=\"bannerDinamicAction\" href=\":\/\/\" target=\"_blank\" data-imageid=\"0\">\n    <img class=\"img-responsive\" src=\"\" alt=\"\"><\/a><\/td><\/tr><\/tbody><\/table>\n\n\n\n<figure class=\"wp-block-image\"><img loading=\"lazy\" decoding=\"async\" width=\"768\" height=\"960\" src=\"https:\/\/delightfull.eu\/inspirations\/wp-content\/uploads\/2019\/03\/30079296_186171742023362_3220463858334302208_n.jpg\" alt=\"Tendances Des Couleurs Pour Printemps\" class=\"wp-image-10001472\" srcset=\"https:\/\/delightfull.eu\/inspirations\/wp-content\/uploads\/2019\/03\/30079296_186171742023362_3220463858334302208_n.jpg 768w, https:\/\/delightfull.eu\/inspirations\/wp-content\/uploads\/2019\/03\/30079296_186171742023362_3220463858334302208_n-240x300.jpg 240w, https:\/\/delightfull.eu\/inspirations\/wp-content\/uploads\/2019\/03\/30079296_186171742023362_3220463858334302208_n-293x366.jpg 293w\" sizes=\"(max-width: 768px) 100vw, 768px\"><\/figure>\n\n\n\n<p>Associ\u00e9 aux rouges et aux jaunes plus chauds, il produirait un<strong> effet automnal \u00e9trange en saison,<\/strong> mais il pourrait aussi para\u00eetre classique en combinaison analogique avec Soybean.<\/p>\n\n\n\n<p class=\"has-medium-font-size\">Living Coral<\/p>\n\n\n\n<figure class=\"wp-block-image is-resized\"><a href=\"https:\/\/www.delightfull.eu\/trends\/?utm_source=bmorais&amp;utm_medium=BlogInspirations&amp;utm_campaign=Trends\" target=\"_blank\" rel=\"noreferrer noopener\"><img decoding=\"async\" src=\"https:\/\/delightfull.eu\/inspirations\/wp-content\/uploads\/2019\/03\/Les-Tendaces-Couleurs-Printemps-%C3%89t%C3%A9-20193.jpg\" alt=\"Tendances Des Couleurs Pour Printemps\" class=\"wp-image-10001473\" width=\"800\" srcset=\"https:\/\/delightfull.eu\/inspirations\/wp-content\/uploads\/2019\/03\/Les-Tendaces-Couleurs-Printemps-\u00c9t\u00e9-20193.jpg 775w, https:\/\/delightfull.eu\/inspirations\/wp-content\/uploads\/2019\/03\/Les-Tendaces-Couleurs-Printemps-\u00c9t\u00e9-20193-240x300.jpg 240w, https:\/\/delightfull.eu\/inspirations\/wp-content\/uploads\/2019\/03\/Les-Tendaces-Couleurs-Printemps-\u00c9t\u00e9-20193-770x962.jpg 770w, https:\/\/delightfull.eu\/inspirations\/wp-content\/uploads\/2019\/03\/Les-Tendaces-Couleurs-Printemps-\u00c9t\u00e9-20193-293x366.jpg 293w\" sizes=\"(max-width: 775px) 100vw, 775px\"><\/a><\/figure>\n\n\n\n<p>Bien s\u00fbr,  la <strong>couleur de l\u2019ann\u00e9e de Pantone<\/strong> pour 2019. <strong>Living Coral <\/strong>est le choix de Pantone pour la couleur de l\u2019ann\u00e9e. Une belle couleur qui apporte une<strong> ambiance d\u00e9contract\u00e9e <\/strong>et d\u00e9contract\u00e9e \u00e0 n\u2019importe quelle pi\u00e8ce.<\/p>\n\n\n\n<figure class=\"wp-block-image is-resized\"><a href=\"https:\/\/www.delightfull.eu\/trends\/?utm_source=bmorais&amp;utm_medium=BlogInspirations&amp;utm_campaign=Trends\" target=\"_blank\" rel=\"noreferrer noopener\"><img decoding=\"async\" src=\"https:\/\/delightfull.eu\/inspirations\/wp-content\/uploads\/2019\/03\/Les-Tendaces-Couleurs-Printemps-%C3%89t%C3%A9-20194.jpg\" alt=\"Tendances Des Couleurs Pour Printemps\" class=\"wp-image-10001474\" width=\"800\" srcset=\"https:\/\/delightfull.eu\/inspirations\/wp-content\/uploads\/2019\/03\/Les-Tendaces-Couleurs-Printemps-\u00c9t\u00e9-20194.jpg 756w, https:\/\/delightfull.eu\/inspirations\/wp-content\/uploads\/2019\/03\/Les-Tendaces-Couleurs-Printemps-\u00c9t\u00e9-20194-270x300.jpg 270w, https:\/\/delightfull.eu\/inspirations\/wp-content\/uploads\/2019\/03\/Les-Tendaces-Couleurs-Printemps-\u00c9t\u00e9-20194-293x326.jpg 293w\" sizes=\"(max-width: 756px) 100vw, 756px\"><\/a><\/figure>\n\n\n\n<p><strong>Living Coral<\/strong> est magnifiquement associ\u00e9 \u00e0 ce salon datant du <strong>milieu du si\u00e8cle<\/strong>. Un <strong>m\u00e9lange de tons corail <\/strong>et blanc qui ne fait que m\u00e9langer le tout pour cr\u00e9er un <strong>m\u00e9lange parfait entre deux couleurs<\/strong>.<\/p>\n\n\n\n<p class=\"has-medium-font-size\">Silver<\/p>\n\n\n\n<figure class=\"wp-block-image is-resized\"><a href=\"https:\/\/www.delightfull.eu\/trends\/?utm_source=bmorais&amp;utm_medium=BlogInspirations&amp;utm_campaign=Trends\" target=\"_blank\" rel=\"noreferrer noopener\"><img decoding=\"async\" src=\"https:\/\/delightfull.eu\/inspirations\/wp-content\/uploads\/2019\/03\/Les-Tendaces-Couleurs-Printemps-%C3%89t%C3%A9-20195-1-666x1024.jpg\" alt=\"Tendances Des Couleurs Pour Printemps\" class=\"wp-image-10001476\" width=\"800\" srcset=\"https:\/\/delightfull.eu\/inspirations\/wp-content\/uploads\/2019\/03\/Les-Tendaces-Couleurs-Printemps-\u00c9t\u00e9-20195-1.jpg 666w, https:\/\/delightfull.eu\/inspirations\/wp-content\/uploads\/2019\/03\/Les-Tendaces-Couleurs-Printemps-\u00c9t\u00e9-20195-1-195x300.jpg 195w, https:\/\/delightfull.eu\/inspirations\/wp-content\/uploads\/2019\/03\/Les-Tendaces-Couleurs-Printemps-\u00c9t\u00e9-20195-1-293x450.jpg 293w\" sizes=\"(max-width: 666px) 100vw, 666px\"><\/a><\/figure>\n\n\n\n<p>Silver a \u00e9t\u00e9 un choix de couleur hors pair dans l\u2019ensemble du monde de la mode et du design. Un choix remarquable que la plupart des grands designers consid\u00e8rent comme l\u2019une des <strong>meilleures tendances de la couleur<\/strong> de printemps pour 2019.<\/p>\n\n\n\n<figure class=\"wp-block-image is-resized\"><a href=\"https:\/\/www.delightfull.eu\/trends\/?utm_source=bmorais&amp;utm_medium=BlogInspirations&amp;utm_campaign=Trends\" target=\"_blank\" rel=\"noreferrer noopener\"><img decoding=\"async\" src=\"https:\/\/delightfull.eu\/inspirations\/wp-content\/uploads\/2019\/03\/Les-Tendaces-Couleurs-Printemps-%C3%89t%C3%A9-20196.jpg\" alt=\"Tendances Des Couleurs Pour Printemps\" class=\"wp-image-10001477\" width=\"800\" srcset=\"https:\/\/delightfull.eu\/inspirations\/wp-content\/uploads\/2019\/03\/Les-Tendaces-Couleurs-Printemps-\u00c9t\u00e9-20196.jpg 739w, https:\/\/delightfull.eu\/inspirations\/wp-content\/uploads\/2019\/03\/Les-Tendaces-Couleurs-Printemps-\u00c9t\u00e9-20196-235x300.jpg 235w, https:\/\/delightfull.eu\/inspirations\/wp-content\/uploads\/2019\/03\/Les-Tendaces-Couleurs-Printemps-\u00c9t\u00e9-20196-293x374.jpg 293w\" sizes=\"(max-width: 739px) 100vw, 739px\"><\/a><\/figure>\n\n\n\n<p>Choix de couleur pl\u00e9biscit\u00e9 par la critique, Silver <strong>apporte luxe et f\u00e9rocit\u00e9<\/strong> de la mani\u00e8re la plus flatteuse.<strong> Chic et affirm\u00e9<\/strong>, ce sont quelques-uns des meilleurs adjectifs pour d\u00e9crire cette couleur.<\/p>\n\n\n\n<p class=\"has-medium-font-size\">Soybean<\/p>\n\n\n\n<figure class=\"wp-block-image\"><img loading=\"lazy\" decoding=\"async\" width=\"750\" height=\"1000\" src=\"https:\/\/delightfull.eu\/inspirations\/wp-content\/uploads\/2019\/03\/Les-Tendaces-Couleurs-Printemps-%C3%89t%C3%A9-20197.jpg\" alt=\"Tendances Des Couleurs Pour Printemps\" class=\"wp-image-10001478\" srcset=\"https:\/\/delightfull.eu\/inspirations\/wp-content\/uploads\/2019\/03\/Les-Tendaces-Couleurs-Printemps-\u00c9t\u00e9-20197.jpg 750w, https:\/\/delightfull.eu\/inspirations\/wp-content\/uploads\/2019\/03\/Les-Tendaces-Couleurs-Printemps-\u00c9t\u00e9-20197-225x300.jpg 225w, https:\/\/delightfull.eu\/inspirations\/wp-content\/uploads\/2019\/03\/Les-Tendaces-Couleurs-Printemps-\u00c9t\u00e9-20197-293x391.jpg 293w\" sizes=\"(max-width: 750px) 100vw, 750px\"><\/figure>\n\n\n\n<p>Une <strong>couleur parfaitement neutre<\/strong>, le soja ressemble \u00e0 la combinaison des quatre saisons dans une seule couleur. Quelle que soit la saison, vous ne pouvez pas vous tromper avec la <strong>couleur Soybean<\/strong>.<\/p>\n\n\n\n<figure class=\"wp-block-image\"><img loading=\"lazy\" decoding=\"async\" width=\"736\" height=\"919\" src=\"https:\/\/delightfull.eu\/inspirations\/wp-content\/uploads\/2019\/03\/Les-Tendaces-Couleurs-Printemps-%C3%89t%C3%A9-20198.jpg\" alt=\"Tendances Des Couleurs Pour Printemps\" class=\"wp-image-10001479\" srcset=\"https:\/\/delightfull.eu\/inspirations\/wp-content\/uploads\/2019\/03\/Les-Tendaces-Couleurs-Printemps-\u00c9t\u00e9-20198.jpg 736w, https:\/\/delightfull.eu\/inspirations\/wp-content\/uploads\/2019\/03\/Les-Tendaces-Couleurs-Printemps-\u00c9t\u00e9-20198-240x300.jpg 240w, https:\/\/delightfull.eu\/inspirations\/wp-content\/uploads\/2019\/03\/Les-Tendaces-Couleurs-Printemps-\u00c9t\u00e9-20198-293x366.jpg 293w\" sizes=\"(max-width: 736px) 100vw, 736px\"><\/figure>\n\n\n\n<p>Soybean a cette <strong>couleur brute et nue<\/strong> qui fait que chaque pi\u00e8ce se sent plus \u00e0 l\u2019aise et d\u00e9contract\u00e9e. Si vous recherchez un choix de couleur uni pour cette ann\u00e9e, nous vous sugg\u00e9rons vivement la couleur Soybean. Les tendances des couleurs 2019!<\/p>\n\n\n\n<hr class=\"wp-block-separator\">\n\n\n\n<p class=\"has-text-color has-vivid-red-color\"><strong>Lisez plus ici:\u00a0<\/strong><a rel=\"noreferrer noopener\" href=\"https:\/\/www.delightfull.eu\/inspirations\/styles\/les-meilleurs-designers-francais-presents-maison-obejt\/?utm_source=bmorais&amp;utm_medium=BlogInspirations&amp;utm_campaign=SeeAlso&amp;utm_content=France\" target=\"_blank\"><strong>Les Meilleurs Designers Fran\u00e7ais Pr\u00e9sents En Maison et Obejt 19!<\/strong><\/a><\/p>\n\n\n\n<hr class=\"wp-block-separator\">\n\n\n\n<p>Vous pouvez visiter nos conseils\u00a0<a href=\"https:\/\/www.pinterest.pt\/delightfulll\/unique-blog\/?utm_source=bmorais&amp;utm_medium=Inspirations&amp;utm_content=French\" target=\"_blank\" rel=\"noreferrer noopener\">Pinterest<\/a>\u00a0afin d\u2019obtenir plus d\u2019inspirations.\u00a0Plus d\u2019id\u00e9es pour vos projets et trouver l\u2019\u00e9clairage fonctionnel, \u00e9l\u00e9gant et appr\u00e9ciable et les choix de meubles.\u00a0Assurez-vous de t\u00e9l\u00e9charger notre livre \u00e9lectronique\u00a0<a href=\"https:\/\/www.delightfull.eu\/en\/catalogue?utm_source=bmorais&amp;utm_medium=Inspirations&amp;utm_campaign=catalogue&amp;utm_content=French\" target=\"_blank\" rel=\"noreferrer noopener\">\u00abConseils de d\u00e9coration int\u00e9rieure pour un foyer bien \u00e9clair\u00e9\u00bb!<\/a><\/p>\n\n\n\n<table class=\"wp-block-table\"><tbody><tr><td><a class=\"bannerDinamicAction\" href=\"https:\/\/www.delightfull.eu\/en\/all-products?utm_source=delightfull-inspirations&amp;utm_medium=ArticleBanner&amp;utm_campaign=DynamicBanners&amp;utm_term=310&amp;utm_content=heritage_collection\" target=\"_blank\" data-imageid=\"310\">\n    <img class=\"img-responsive\" src=\"https:\/\/www.delightfull.eu\/blog\/wp-content\/uploads\/2018\/03\/Banner-HERITAGE-2.jpg\" alt=\"heritage,collection\"><\/a><\/td><\/tr><\/tbody><\/table>\n","protected":false},"excerpt":{"rendered":"<p>Tendances Des Couleurs Pour Printemps 2019! Aujourd\u2019hui, nous avons un article sp\u00e9cial juste pour vous. Nous avons rassembl\u00e9 certaines de nos tendances de couleurs pr\u00e9f\u00e9r\u00e9es pour la saison \u00e0 venir. Aujourd\u2019hui, nous vous pr\u00e9sentons les tendances des couleurs de printemps pour 2019! LIRE AUSSI: Recontrer La Famille Coltrane Dans Notre Monde Mid-Century! Toffee Toffee est chaud et d\u00e9licieux, et il compl\u00e8te \u00e0 merveille la plupart des tons. C\u2019\u00e9tait un r\u00e9gal de le voir dans les tendances de la couleur de [&hellip;]<\/p>\n","protected":false},"author":20,"featured_media":10001480,"comment_status":"open","ping_status":"open","sticky":false,"template":"","format":"standard","meta":{"footnotes":"","_links_to":"","_links_to_target":""},"categories":[4155,3916,3,7,6],"tags":[4596,4597,4598,4594,4595],"_links":{"self":[{"href":"https:\/\/delightfull.eu\/inspirations\/wp-json\/wp\/v2\/posts\/10001466"}],"collection":[{"href":"https:\/\/delightfull.eu\/inspirations\/wp-json\/wp\/v2\/posts"}],"about":[{"href":"https:\/\/delightfull.eu\/inspirations\/wp-json\/wp\/v2\/types\/post"}],"author":[{"embeddable":true,"href":"https:\/\/delightfull.eu\/inspirations\/wp-json\/wp\/v2\/users\/20"}],"replies":[{"embeddable":true,"href":"https:\/\/delightfull.eu\/inspirations\/wp-json\/wp\/v2\/comments?post=10001466"}],"version-history":[{"count":5,"href":"https:\/\/delightfull.eu\/inspirations\/wp-json\/wp\/v2\/posts\/10001466\/revisions"}],"predecessor-version":[{"id":10001482,"href":"https:\/\/delightfull.eu\/inspirations\/wp-json\/wp\/v2\/posts\/10001466\/revisions\/10001482"}],"wp:featuredmedia":[{"embeddable":true,"href":"https:\/\/delightfull.eu\/inspirations\/wp-json\/wp\/v2\/media\/10001480"}],"wp:attachment":[{"href":"https:\/\/delightfull.eu\/inspirations\/wp-json\/wp\/v2\/media?parent=10001466"}],"wp:term":[{"taxonomy":"category","embeddable":true,"href":"https:\/\/delightfull.eu\/inspirations\/wp-json\/wp\/v2\/categories?post=10001466"},{"taxonomy":"post_tag","embeddable":true,"href":"https:\/\/delightfull.eu\/inspirations\/wp-json\/wp\/v2\/tags?post=10001466"}],"curies":[{"name":"wp","href":"https:\/\/api.w.org\/{rel}","templated":true}]}}