{"id":10001746,"date":"2019-03-12T16:25:25","date_gmt":"2019-03-12T16:25:25","guid":{"rendered":"https:\/\/delightfull.eu\/inspirations\/?p=10001746"},"modified":"2019-03-12T16:25:29","modified_gmt":"2019-03-12T16:25:29","slug":"interiorismo-conceptual-estudio-proyectos-de-interiorismo-de-lujo","status":"publish","type":"post","link":"https:\/\/delightfull.eu\/inspirations\/2019\/03\/12\/interiorismo-conceptual-estudio-proyectos-de-interiorismo-de-lujo\/","title":{"rendered":"Interiorismo Conceptual Estudio: Proyectos De Interiorismo De Lujo"},"content":{"rendered":"\n<p><em><strong><a href=\"https:\/\/www.interiorismoconceptual.com\/\" target=\"_blank\" rel=\"noreferrer noopener\" aria-label=\"Interiorismo Conceptual Estudio (opens in a new tab)\">Interiorismo Conceptual Estudio<\/a><\/strong><\/em> nace en 2006. Todos los membros querian transmitir su conocimiento y pasi\u00f3n por interiorismo, decoraci\u00f3n y dise\u00f1o. Hoteles, viviendas, proyectos comerciales, la lista es longa. <\/p>\n\n\n\n<hr class=\"wp-block-separator\">\n\n\n\n<p>DESCUBRE M\u00c1S: <a href=\"https:\/\/delightfull.eu\/inspirations\/2019\/03\/07\/color-en-conbinacion-com-las-mejores-y-mas-clasicas-lamparas\/?utm_source=iteixeira&amp;utm_medium=Inpirations&amp;utm_campaign=Seealso\" target=\"_blank\" rel=\"noreferrer noopener\" aria-label=\"Color En Conbinaci\u00f3n Com Las Mejores y M\u00e1s Cl\u00e1sicas L\u00e1mparas (opens in a new tab)\">Color En Conbinaci\u00f3n Com Las Mejores y M\u00e1s Cl\u00e1sicas L\u00e1mparas<\/a><\/p>\n\n\n\n<hr class=\"wp-block-separator\">\n\n\n\n<p style=\"text-align:center\"><strong><em>HOTELES<\/em><\/strong><\/p>\n\n\n\n<p><strong><em>Visi\u00f3n Ecl\u00e9tica | Propuesta de Suite P\/ Hotel 5 Estrellas<\/em><\/strong><\/p>\n\n\n\n<figure class=\"wp-block-image\"><a href=\"https:\/\/www.interiorismoconceptual.com\/\" target=\"_blank\" rel=\"noreferrer noopener\"><img loading=\"lazy\" decoding=\"async\" width=\"800\" height=\"800\" src=\"https:\/\/delightfull.eu\/inspirations\/wp-content\/uploads\/2019\/03\/Interiorismo-Conceptual-Estudio-2.png\" alt=\"Interiorismo Conceptual Estudio (2)\" class=\"wp-image-10001757\" srcset=\"https:\/\/delightfull.eu\/inspirations\/wp-content\/uploads\/2019\/03\/Interiorismo-Conceptual-Estudio-2.png 800w, https:\/\/delightfull.eu\/inspirations\/wp-content\/uploads\/2019\/03\/Interiorismo-Conceptual-Estudio-2-100x100.png 100w, https:\/\/delightfull.eu\/inspirations\/wp-content\/uploads\/2019\/03\/Interiorismo-Conceptual-Estudio-2-300x300.png 300w, https:\/\/delightfull.eu\/inspirations\/wp-content\/uploads\/2019\/03\/Interiorismo-Conceptual-Estudio-2-770x770.png 770w, https:\/\/delightfull.eu\/inspirations\/wp-content\/uploads\/2019\/03\/Interiorismo-Conceptual-Estudio-2-75x75.png 75w, https:\/\/delightfull.eu\/inspirations\/wp-content\/uploads\/2019\/03\/Interiorismo-Conceptual-Estudio-2-293x293.png 293w, https:\/\/delightfull.eu\/inspirations\/wp-content\/uploads\/2019\/03\/Interiorismo-Conceptual-Estudio-2-390x390.png 390w, https:\/\/delightfull.eu\/inspirations\/wp-content\/uploads\/2019\/03\/Interiorismo-Conceptual-Estudio-2-585x585.png 585w\" sizes=\"(max-width: 800px) 100vw, 800px\"><\/a><figcaption>\u00a9 InteriorismoConceptualStudio <\/figcaption><\/figure>\n\n\n\n<p>Los colores, las obras de arte en digital hacen toda la diferencia en este espacio pensado con pormenor por <a href=\"https:\/\/www.interiorismoconceptual.com\/\" target=\"_blank\" rel=\"noreferrer noopener\" aria-label=\"Interiorismo Conceptual Studio (opens in a new tab)\">Interiorismo Conceptual Studio<\/a>. Los toques dorados son tambi\u00e9n un punto importante. <\/p>\n\n\n\n<a class=\"bannerDinamicAction\" href=\":\/\/\" target=\"_blank\" data-imageid=\"0\">\n    <img class=\"img-responsive\" src=\"\" alt=\"\"><\/a>\n\n\n\n<figure class=\"wp-block-image\"><a href=\"https:\/\/www.interiorismoconceptual.com\/\" target=\"_blank\" rel=\"noreferrer noopener\"><img loading=\"lazy\" decoding=\"async\" width=\"800\" height=\"800\" src=\"https:\/\/delightfull.eu\/inspirations\/wp-content\/uploads\/2019\/03\/Interiorismo-Conceptual-Estudio-3.png\" alt=\"Interiorismo Conceptual Estudio (3)\" class=\"wp-image-10001758\" srcset=\"https:\/\/delightfull.eu\/inspirations\/wp-content\/uploads\/2019\/03\/Interiorismo-Conceptual-Estudio-3.png 800w, https:\/\/delightfull.eu\/inspirations\/wp-content\/uploads\/2019\/03\/Interiorismo-Conceptual-Estudio-3-100x100.png 100w, https:\/\/delightfull.eu\/inspirations\/wp-content\/uploads\/2019\/03\/Interiorismo-Conceptual-Estudio-3-300x300.png 300w, https:\/\/delightfull.eu\/inspirations\/wp-content\/uploads\/2019\/03\/Interiorismo-Conceptual-Estudio-3-770x770.png 770w, https:\/\/delightfull.eu\/inspirations\/wp-content\/uploads\/2019\/03\/Interiorismo-Conceptual-Estudio-3-75x75.png 75w, https:\/\/delightfull.eu\/inspirations\/wp-content\/uploads\/2019\/03\/Interiorismo-Conceptual-Estudio-3-293x293.png 293w, https:\/\/delightfull.eu\/inspirations\/wp-content\/uploads\/2019\/03\/Interiorismo-Conceptual-Estudio-3-390x390.png 390w, https:\/\/delightfull.eu\/inspirations\/wp-content\/uploads\/2019\/03\/Interiorismo-Conceptual-Estudio-3-585x585.png 585w\" sizes=\"(max-width: 800px) 100vw, 800px\"><\/a><figcaption> \u00a9 InteriorismoConceptualStudio  <br><\/figcaption><\/figure>\n\n\n\n<p>La perfecta suite, simples pero con todo lo que es neces\u00e1rio en una habitaci\u00f3n de hotel. <\/p>\n\n\n\n<p><strong><em>Hotel Monte Carmelo, Sevilla<\/em><\/strong><\/p>\n\n\n\n<figure class=\"wp-block-image\"><a href=\"https:\/\/www.interiorismoconceptual.com\/\" target=\"_blank\" rel=\"noreferrer noopener\"><img loading=\"lazy\" decoding=\"async\" width=\"800\" height=\"800\" src=\"https:\/\/delightfull.eu\/inspirations\/wp-content\/uploads\/2019\/03\/Interiorismo-Conceptual-Estudio-4.png\" alt=\"Interiorismo Conceptual Estudio (4)\" class=\"wp-image-10001759\" srcset=\"https:\/\/delightfull.eu\/inspirations\/wp-content\/uploads\/2019\/03\/Interiorismo-Conceptual-Estudio-4.png 800w, https:\/\/delightfull.eu\/inspirations\/wp-content\/uploads\/2019\/03\/Interiorismo-Conceptual-Estudio-4-100x100.png 100w, https:\/\/delightfull.eu\/inspirations\/wp-content\/uploads\/2019\/03\/Interiorismo-Conceptual-Estudio-4-300x300.png 300w, https:\/\/delightfull.eu\/inspirations\/wp-content\/uploads\/2019\/03\/Interiorismo-Conceptual-Estudio-4-770x770.png 770w, https:\/\/delightfull.eu\/inspirations\/wp-content\/uploads\/2019\/03\/Interiorismo-Conceptual-Estudio-4-75x75.png 75w, https:\/\/delightfull.eu\/inspirations\/wp-content\/uploads\/2019\/03\/Interiorismo-Conceptual-Estudio-4-293x293.png 293w, https:\/\/delightfull.eu\/inspirations\/wp-content\/uploads\/2019\/03\/Interiorismo-Conceptual-Estudio-4-390x390.png 390w, https:\/\/delightfull.eu\/inspirations\/wp-content\/uploads\/2019\/03\/Interiorismo-Conceptual-Estudio-4-585x585.png 585w\" sizes=\"(max-width: 800px) 100vw, 800px\"><\/a><figcaption> \u00a9 InteriorismoConceptualEstudio   <\/figcaption><\/figure>\n\n\n\n<p>Proyecto de interiorismo, proyecto contract en el Hotel Monte Carmelo en Sevilla. Realizado por Rafael Alvarez y Azucena Mati que hacen una incre\u00edble equipo en Interiorismo Conceptual. <\/p>\n\n\n\n<figure class=\"wp-block-image\"><a href=\"https:\/\/www.interiorismoconceptual.com\/\" target=\"_blank\" rel=\"noreferrer noopener\"><img loading=\"lazy\" decoding=\"async\" width=\"800\" height=\"800\" src=\"https:\/\/delightfull.eu\/inspirations\/wp-content\/uploads\/2019\/03\/Interiorismo-Conceptual-Estudio-5.png\" alt=\"Interiorismo Conceptual Estudio (5)\" class=\"wp-image-10001760\" srcset=\"https:\/\/delightfull.eu\/inspirations\/wp-content\/uploads\/2019\/03\/Interiorismo-Conceptual-Estudio-5.png 800w, https:\/\/delightfull.eu\/inspirations\/wp-content\/uploads\/2019\/03\/Interiorismo-Conceptual-Estudio-5-100x100.png 100w, https:\/\/delightfull.eu\/inspirations\/wp-content\/uploads\/2019\/03\/Interiorismo-Conceptual-Estudio-5-300x300.png 300w, https:\/\/delightfull.eu\/inspirations\/wp-content\/uploads\/2019\/03\/Interiorismo-Conceptual-Estudio-5-770x770.png 770w, https:\/\/delightfull.eu\/inspirations\/wp-content\/uploads\/2019\/03\/Interiorismo-Conceptual-Estudio-5-75x75.png 75w, https:\/\/delightfull.eu\/inspirations\/wp-content\/uploads\/2019\/03\/Interiorismo-Conceptual-Estudio-5-293x293.png 293w, https:\/\/delightfull.eu\/inspirations\/wp-content\/uploads\/2019\/03\/Interiorismo-Conceptual-Estudio-5-390x390.png 390w, https:\/\/delightfull.eu\/inspirations\/wp-content\/uploads\/2019\/03\/Interiorismo-Conceptual-Estudio-5-585x585.png 585w\" sizes=\"(max-width: 800px) 100vw, 800px\"><\/a><figcaption>\u00a9 InteriorismoConceptualEstudio    <\/figcaption><\/figure>\n\n\n\n<p>Si tuvieres la oportunidad de visitar Sevilla, este puede ser tu opci\u00f3n para pasar tus vacaciones o unos dias. \u00bfPor qu\u00e9 te esperas? <\/p>\n\n\n\n<a class=\"bannerDinamicAction\" href=\"https:\/\/www.delightfull.eu\/en\/catalogue?utm_source=delightfull-inspirations&amp;utm_medium=dynamicbanner-articlebanner&amp;utm_campaign=catalogue&amp;utm_term=1673&amp;utm_content=catalogue\" target=\"_blank\" data-imageid=\"1673\">\n    <img class=\"img-responsive\" src=\"https:\/\/www.delightfull.eu\/banners_impact\/articlebanner\/Banner%20Gif%20Catalogue.gif\" alt=\"catalogue\"><\/a>\n\n\n\n<p><strong><em>Spa Hotel, Marruecos<\/em><\/strong><\/p>\n\n\n\n<figure class=\"wp-block-image\"><a href=\"https:\/\/www.interiorismoconceptual.com\/\" target=\"_blank\" rel=\"noreferrer noopener\"><img loading=\"lazy\" decoding=\"async\" width=\"800\" height=\"800\" src=\"https:\/\/delightfull.eu\/inspirations\/wp-content\/uploads\/2019\/03\/Interiorismo-Conceptual-Estudio-6.png\" alt=\"Interiorismo Conceptual Estudio (6)\" class=\"wp-image-10001761\" srcset=\"https:\/\/delightfull.eu\/inspirations\/wp-content\/uploads\/2019\/03\/Interiorismo-Conceptual-Estudio-6.png 800w, https:\/\/delightfull.eu\/inspirations\/wp-content\/uploads\/2019\/03\/Interiorismo-Conceptual-Estudio-6-100x100.png 100w, https:\/\/delightfull.eu\/inspirations\/wp-content\/uploads\/2019\/03\/Interiorismo-Conceptual-Estudio-6-300x300.png 300w, https:\/\/delightfull.eu\/inspirations\/wp-content\/uploads\/2019\/03\/Interiorismo-Conceptual-Estudio-6-770x770.png 770w, https:\/\/delightfull.eu\/inspirations\/wp-content\/uploads\/2019\/03\/Interiorismo-Conceptual-Estudio-6-75x75.png 75w, https:\/\/delightfull.eu\/inspirations\/wp-content\/uploads\/2019\/03\/Interiorismo-Conceptual-Estudio-6-293x293.png 293w, https:\/\/delightfull.eu\/inspirations\/wp-content\/uploads\/2019\/03\/Interiorismo-Conceptual-Estudio-6-390x390.png 390w, https:\/\/delightfull.eu\/inspirations\/wp-content\/uploads\/2019\/03\/Interiorismo-Conceptual-Estudio-6-585x585.png 585w\" sizes=\"(max-width: 800px) 100vw, 800px\"><\/a><figcaption> \u00a9 InteriorismoConceptualEstudio    <\/figcaption><\/figure>\n\n\n\n<p>Un proyecto que nos sorprende, sus colores, todos los materiales han sido escogidos con todo lo cuidado y se han transformado en algo m\u00e1gico. Interiorismo de lujo, es lo que podemos ver aqu\u00ed. El espacio perfecto para relajarse, en Fez, Marruecos. <\/p>\n\n\n\n<p>Vivienda Residencial Montequinto, Sevilla<\/p>\n\n\n\n<figure class=\"wp-block-image\"><a href=\"https:\/\/www.interiorismoconceptual.com\/\" target=\"_blank\" rel=\"noreferrer noopener\"><img loading=\"lazy\" decoding=\"async\" width=\"800\" height=\"800\" src=\"https:\/\/delightfull.eu\/inspirations\/wp-content\/uploads\/2019\/03\/Interiorismo-Conceptual-Estudio-7.png\" alt=\"Interiorismo Conceptual Estudio (7)\" class=\"wp-image-10001762\" srcset=\"https:\/\/delightfull.eu\/inspirations\/wp-content\/uploads\/2019\/03\/Interiorismo-Conceptual-Estudio-7.png 800w, https:\/\/delightfull.eu\/inspirations\/wp-content\/uploads\/2019\/03\/Interiorismo-Conceptual-Estudio-7-100x100.png 100w, https:\/\/delightfull.eu\/inspirations\/wp-content\/uploads\/2019\/03\/Interiorismo-Conceptual-Estudio-7-300x300.png 300w, https:\/\/delightfull.eu\/inspirations\/wp-content\/uploads\/2019\/03\/Interiorismo-Conceptual-Estudio-7-770x770.png 770w, https:\/\/delightfull.eu\/inspirations\/wp-content\/uploads\/2019\/03\/Interiorismo-Conceptual-Estudio-7-75x75.png 75w, https:\/\/delightfull.eu\/inspirations\/wp-content\/uploads\/2019\/03\/Interiorismo-Conceptual-Estudio-7-293x293.png 293w, https:\/\/delightfull.eu\/inspirations\/wp-content\/uploads\/2019\/03\/Interiorismo-Conceptual-Estudio-7-390x390.png 390w, https:\/\/delightfull.eu\/inspirations\/wp-content\/uploads\/2019\/03\/Interiorismo-Conceptual-Estudio-7-585x585.png 585w\" sizes=\"(max-width: 800px) 100vw, 800px\"><\/a><figcaption> \u00a9 InteriorismoConceptualEstudio <\/figcaption><\/figure>\n\n\n\n<p>Creemos que es imposible no nos quedarmos enamorados de estes proyectos. <a rel=\"noreferrer noopener\" aria-label=\"Interiorismo Conceptual Studio (opens in a new tab)\" href=\"https:\/\/www.interiorismoconceptual.com\/\" target=\"_blank\">Interiorismo Conceptual Estudio<\/a> hace todos sus trabajos con pasi\u00f3n y eso es claro cuando tenemos la oportunidad de ver sus proyectos. <\/p>\n\n\n\n<figure class=\"wp-block-image\"><a href=\"https:\/\/www.interiorismoconceptual.com\/\" target=\"_blank\" rel=\"noreferrer noopener\"><img loading=\"lazy\" decoding=\"async\" width=\"800\" height=\"800\" src=\"https:\/\/delightfull.eu\/inspirations\/wp-content\/uploads\/2019\/03\/Interiorismo-Conceptual-Estudio-8.png\" alt=\"Interiorismo Conceptual Estudio (8)\" class=\"wp-image-10001763\" srcset=\"https:\/\/delightfull.eu\/inspirations\/wp-content\/uploads\/2019\/03\/Interiorismo-Conceptual-Estudio-8.png 800w, https:\/\/delightfull.eu\/inspirations\/wp-content\/uploads\/2019\/03\/Interiorismo-Conceptual-Estudio-8-100x100.png 100w, https:\/\/delightfull.eu\/inspirations\/wp-content\/uploads\/2019\/03\/Interiorismo-Conceptual-Estudio-8-300x300.png 300w, https:\/\/delightfull.eu\/inspirations\/wp-content\/uploads\/2019\/03\/Interiorismo-Conceptual-Estudio-8-770x770.png 770w, https:\/\/delightfull.eu\/inspirations\/wp-content\/uploads\/2019\/03\/Interiorismo-Conceptual-Estudio-8-75x75.png 75w, https:\/\/delightfull.eu\/inspirations\/wp-content\/uploads\/2019\/03\/Interiorismo-Conceptual-Estudio-8-293x293.png 293w, https:\/\/delightfull.eu\/inspirations\/wp-content\/uploads\/2019\/03\/Interiorismo-Conceptual-Estudio-8-390x390.png 390w, https:\/\/delightfull.eu\/inspirations\/wp-content\/uploads\/2019\/03\/Interiorismo-Conceptual-Estudio-8-585x585.png 585w\" sizes=\"(max-width: 800px) 100vw, 800px\"><\/a><figcaption> \u00a9 InteriorismoConceptualEstudio  <\/figcaption><\/figure>\n\n\n\n<hr class=\"wp-block-separator\">\n\n\n\n<p>M\u00c1S INSPIRACI\u00d3N: <a href=\"https:\/\/delightfull.eu\/inspirations\/2019\/03\/05\/marmol-lamparas-de-lujo-que-necesitas-conocer-para-tu-casa\/\">Marm\u00f3l: L\u00e1mparas de Lujo Que Necesitas Conocer Para Tu Casa<\/a><\/p>\n\n\n\n<hr class=\"wp-block-separator\">\n\n\n\n<p style=\"text-align:center\"> Puedes visitar nuestras im\u00e1genes que est\u00e1n en\u00a0<a rel=\"noreferrer noopener\" href=\"https:\/\/www.pinterest.pt\/delightfulll\/unique-blog\/#utm_source=abernardo&amp;utm_medium=BlogI&amp;utm_campaign=LinksTexto\" target=\"_blank\">Pinterest<\/a>, as\u00ed puedes ver m\u00e1s inspiraciones. Tambi\u00e9n puedes obtener m\u00e1s ideas para tus proyectos de trabajo y encontrar una variedad de l\u00e1mparas llenas de estilo. Asegura tu download de nuestro\u00a0 \u2018<a href=\"http:\/\/www.delightfull.eu\/landing-page\/ebooks\/?utm_source=abernardo&amp;utm_medium=BlogUnique&amp;utm_campaign=LinksTexto\">Interior Design Tips for a Well-Lit Home<\/a>\u2018 eBook! <\/p>\n\n\n\n<a class=\"bannerDinamicAction\" href=\"https:\/\/www.delightfull.eu\/en\/heritage\/suspension\/turner?utm_source=delightfull-inspirations&amp;utm_medium=dynamicbanner-articlebanner&amp;utm_campaign=product&amp;utm_term=196&amp;utm_content=turnerfamily\" target=\"_blank\" data-imageid=\"196\">\n    <img class=\"img-responsive\" src=\"https:\/\/www.delightfull.eu\/banners_impact\/articlebanner\/DL%20turner%20family.jpg\" alt=\"Turner Family\"><\/a>\n","protected":false},"excerpt":{"rendered":"<p>Interiorismo Conceptual Estudio nace en 2006. Todos los membros querian transmitir su conocimiento y pasi\u00f3n por interiorismo, decoraci\u00f3n y dise\u00f1o. Hoteles, viviendas, proyectos comerciales, la lista es longa. DESCUBRE M\u00c1S: Color En Conbinaci\u00f3n Com Las Mejores y M\u00e1s Cl\u00e1sicas L\u00e1mparas HOTELES Visi\u00f3n Ecl\u00e9tica | Propuesta de Suite P\/ Hotel 5 Estrellas Los colores, las obras de arte en digital hacen toda la diferencia en este espacio pensado con pormenor por Interiorismo Conceptual Studio. Los toques dorados son tambi\u00e9n un punto [&hellip;]<\/p>\n","protected":false},"author":20,"featured_media":10001764,"comment_status":"open","ping_status":"open","sticky":false,"template":"","format":"standard","meta":{"footnotes":"","_links_to":"","_links_to_target":""},"categories":[3919],"tags":[4648,4650,4649,4094,4463],"_links":{"self":[{"href":"https:\/\/delightfull.eu\/inspirations\/wp-json\/wp\/v2\/posts\/10001746"}],"collection":[{"href":"https:\/\/delightfull.eu\/inspirations\/wp-json\/wp\/v2\/posts"}],"about":[{"href":"https:\/\/delightfull.eu\/inspirations\/wp-json\/wp\/v2\/types\/post"}],"author":[{"embeddable":true,"href":"https:\/\/delightfull.eu\/inspirations\/wp-json\/wp\/v2\/users\/20"}],"replies":[{"embeddable":true,"href":"https:\/\/delightfull.eu\/inspirations\/wp-json\/wp\/v2\/comments?post=10001746"}],"version-history":[{"count":2,"href":"https:\/\/delightfull.eu\/inspirations\/wp-json\/wp\/v2\/posts\/10001746\/revisions"}],"predecessor-version":[{"id":10001767,"href":"https:\/\/delightfull.eu\/inspirations\/wp-json\/wp\/v2\/posts\/10001746\/revisions\/10001767"}],"wp:featuredmedia":[{"embeddable":true,"href":"https:\/\/delightfull.eu\/inspirations\/wp-json\/wp\/v2\/media\/10001764"}],"wp:attachment":[{"href":"https:\/\/delightfull.eu\/inspirations\/wp-json\/wp\/v2\/media?parent=10001746"}],"wp:term":[{"taxonomy":"category","embeddable":true,"href":"https:\/\/delightfull.eu\/inspirations\/wp-json\/wp\/v2\/categories?post=10001746"},{"taxonomy":"post_tag","embeddable":true,"href":"https:\/\/delightfull.eu\/inspirations\/wp-json\/wp\/v2\/tags?post=10001746"}],"curies":[{"name":"wp","href":"https:\/\/api.w.org\/{rel}","templated":true}]}}