{"id":10002025,"date":"2019-03-21T18:26:02","date_gmt":"2019-03-21T18:26:02","guid":{"rendered":"https:\/\/delightfull.eu\/inspirations\/?p=10002025"},"modified":"2019-03-21T18:27:15","modified_gmt":"2019-03-21T18:27:15","slug":"o-estudio-de-arquitetura-que-oferece-um-servico-diferenciado-para-si","status":"publish","type":"post","link":"https:\/\/delightfull.eu\/inspirations\/2019\/03\/21\/o-estudio-de-arquitetura-que-oferece-um-servico-diferenciado-para-si\/","title":{"rendered":"O Est\u00fadio De Arquitetura Que Oferece Um Servi\u00e7o Diferenciado Para Si"},"content":{"rendered":"\n<h2 class=\"wp-block-heading\">Quando referimos Portugal, abrangemos tamb\u00e9m outros pa\u00edses de l\u00edngua oficial portuguesa, e hoje trazemos o primeiro artigo nessa vertente!<\/h2>\n\n\n\n<p>A tem\u00e1tica que trazemos hoje ao blog vem diretamente de Lagoa Nova, no Brasil, e tem muito para lhe oferecer hoje. \u00c9 um <strong><em>est\u00fadio de arquitetura<\/em><\/strong> que se chama <em><a href=\"http:\/\/duasarquitetas.com.br\/pages\/home\" target=\"_blank\" rel=\"noreferrer noopener\" aria-label=\"Duas Arquitetas (opens in a new tab)\">Duas Arquitetas<\/a><\/em>, e hoje veio at\u00e9 aqui para dar a conhecer um pouquinho do seu trabalho ao nosso p\u00fablico.<\/p>\n\n\n\n<hr class=\"wp-block-separator\">\n\n\n\n<p>Leia Aqui Tamb\u00e9m: <\/p>\n\n\n\n<hr class=\"wp-block-separator\">\n\n\n\n<figure class=\"wp-block-image is-resized\"><a href=\"http:\/\/duasarquitetas.com.br\/pages\/home\" target=\"_blank\" rel=\"noreferrer noopener\"><img decoding=\"async\" src=\"https:\/\/delightfull.eu\/inspirations\/wp-content\/uploads\/2019\/03\/O-Est%C3%BAdio-De-Arquitetura-Que-Oferece-Um-Servi%C3%A7o-Diferenciado-Para-Si-8.png\" alt=\"O Est\u00fadio De Arquitetura Que Oferece Um Servi\u00e7o Diferenciado Para Si 8\" class=\"wp-image-10002076\" width=\"800\" srcset=\"https:\/\/delightfull.eu\/inspirations\/wp-content\/uploads\/2019\/03\/O-Est\u00fadio-De-Arquitetura-Que-Oferece-Um-Servi\u00e7o-Diferenciado-Para-Si-8.png 674w, https:\/\/delightfull.eu\/inspirations\/wp-content\/uploads\/2019\/03\/O-Est\u00fadio-De-Arquitetura-Que-Oferece-Um-Servi\u00e7o-Diferenciado-Para-Si-8-300x265.png 300w, https:\/\/delightfull.eu\/inspirations\/wp-content\/uploads\/2019\/03\/O-Est\u00fadio-De-Arquitetura-Que-Oferece-Um-Servi\u00e7o-Diferenciado-Para-Si-8-293x259.png 293w\" sizes=\"(max-width: 674px) 100vw, 674px\"><\/a><figcaption><em><strong>Bruna Di\u00f3genes e Monalisa Barreto-<\/strong> Duas Arquitetas  <\/em><\/figcaption><\/figure>\n\n\n\n<p>O in\u00edcio desta grande aventura come\u00e7ou quando Bruna Di\u00f3genes e Monalisa Barreto percebram que o elo de liga\u00e7\u00e3o entre as duas, o que as unia, era o facto de serem duas almas apaixonadas pela sua \u00e1rea: a arquitetura.<\/p>\n\n\n\n<a class=\"bannerDinamicAction\" href=\":\/\/\" target=\"_blank\" data-imageid=\"0\">\n    <img class=\"img-responsive\" src=\"\" alt=\"\"><\/a>\n\n\n\n<figure class=\"wp-block-image is-resized\"><a href=\"http:\/\/duasarquitetas.com.br\/pages\/home\" target=\"_blank\" rel=\"noreferrer noopener\"><img decoding=\"async\" src=\"https:\/\/delightfull.eu\/inspirations\/wp-content\/uploads\/2019\/03\/O-Est%C3%BAdio-De-Arquitetura-Que-Oferece-Um-Servi%C3%A7o-Diferenciado-Para-Si-2-1024x771.jpg\" alt=\"O Est\u00fadio De Arquitetura Que Oferece Um Servi\u00e7o Diferenciado Para Si 2\" class=\"wp-image-10002069\" width=\"800\" srcset=\"https:\/\/delightfull.eu\/inspirations\/wp-content\/uploads\/2019\/03\/O-Est\u00fadio-De-Arquitetura-Que-Oferece-Um-Servi\u00e7o-Diferenciado-Para-Si-2-1024x771.jpg 1024w, https:\/\/delightfull.eu\/inspirations\/wp-content\/uploads\/2019\/03\/O-Est\u00fadio-De-Arquitetura-Que-Oferece-Um-Servi\u00e7o-Diferenciado-Para-Si-2-300x226.jpg 300w, https:\/\/delightfull.eu\/inspirations\/wp-content\/uploads\/2019\/03\/O-Est\u00fadio-De-Arquitetura-Que-Oferece-Um-Servi\u00e7o-Diferenciado-Para-Si-2-770x580.jpg 770w, https:\/\/delightfull.eu\/inspirations\/wp-content\/uploads\/2019\/03\/O-Est\u00fadio-De-Arquitetura-Que-Oferece-Um-Servi\u00e7o-Diferenciado-Para-Si-2-293x221.jpg 293w, https:\/\/delightfull.eu\/inspirations\/wp-content\/uploads\/2019\/03\/O-Est\u00fadio-De-Arquitetura-Que-Oferece-Um-Servi\u00e7o-Diferenciado-Para-Si-2.jpg 1200w\" sizes=\"(max-width: 1024px) 100vw, 1024px\"><\/a><figcaption><strong><em>Projeto Apartamento Praia de Pronta Negra-<\/em><\/strong><em> Duas Arquitetas <\/em><\/figcaption><\/figure>\n\n\n\n<blockquote class=\"wp-block-quote\"><p><em>Com personalidades, gostos e modo de trabalhar semelhantes, aliados a afinidade e ajuda m\u00fatua durante os cinco anos de curso, as arquitetas criaram um la\u00e7o al\u00e9m da gradua\u00e7\u00e3o. <\/em><\/p><\/blockquote>\n\n\n\n<figure class=\"wp-block-image is-resized\"><a href=\"http:\/\/duasarquitetas.com.br\/pages\/home\" target=\"_blank\" rel=\"noreferrer noopener\"><img decoding=\"async\" src=\"https:\/\/delightfull.eu\/inspirations\/wp-content\/uploads\/2019\/03\/O-Est%C3%BAdio-De-Arquitetura-Que-Oferece-Um-Servi%C3%A7o-Diferenciado-Para-Si-3-1024x771.jpg\" alt=\"O Est\u00fadio De Arquitetura Que Oferece Um Servi\u00e7o Diferenciado Para Si 3\" class=\"wp-image-10002070\" width=\"800\" srcset=\"https:\/\/delightfull.eu\/inspirations\/wp-content\/uploads\/2019\/03\/O-Est\u00fadio-De-Arquitetura-Que-Oferece-Um-Servi\u00e7o-Diferenciado-Para-Si-3-1024x771.jpg 1024w, https:\/\/delightfull.eu\/inspirations\/wp-content\/uploads\/2019\/03\/O-Est\u00fadio-De-Arquitetura-Que-Oferece-Um-Servi\u00e7o-Diferenciado-Para-Si-3-300x226.jpg 300w, https:\/\/delightfull.eu\/inspirations\/wp-content\/uploads\/2019\/03\/O-Est\u00fadio-De-Arquitetura-Que-Oferece-Um-Servi\u00e7o-Diferenciado-Para-Si-3-770x580.jpg 770w, https:\/\/delightfull.eu\/inspirations\/wp-content\/uploads\/2019\/03\/O-Est\u00fadio-De-Arquitetura-Que-Oferece-Um-Servi\u00e7o-Diferenciado-Para-Si-3-293x221.jpg 293w, https:\/\/delightfull.eu\/inspirations\/wp-content\/uploads\/2019\/03\/O-Est\u00fadio-De-Arquitetura-Que-Oferece-Um-Servi\u00e7o-Diferenciado-Para-Si-3.jpg 1200w\" sizes=\"(max-width: 1024px) 100vw, 1024px\"><\/a><figcaption><strong><em>Projeto Triplex II <\/em><\/strong> <strong><em>\u2013<\/em><\/strong><em> Duas Arquitetas<\/em> <\/figcaption><\/figure>\n\n\n\n<p>Contam no seu website. O somat\u00f3rio das suas diferentes experi\u00eancias e conhecimentos adiquiridos na \u00e1rea de estudo, fez nascer este projeto que \u00e9 o <em><a href=\"http:\/\/duasarquitetas.com.br\/pages\/home\" target=\"_blank\" rel=\"noreferrer noopener\" aria-label=\"Duas Arquitetas (opens in a new tab)\">Duas Arquitetas<\/a><\/em>, que traz ao mercado, como referimos no t\u00edtulo, um servi\u00e7o altamente diferenciado e \u00edmpar. <\/p>\n\n\n\n<figure class=\"wp-block-image is-resized\"><a href=\"http:\/\/duasarquitetas.com.br\/pages\/home\" target=\"_blank\" rel=\"noreferrer noopener\"><img decoding=\"async\" src=\"https:\/\/delightfull.eu\/inspirations\/wp-content\/uploads\/2019\/03\/O-Est%C3%BAdio-De-Arquitetura-Que-Oferece-Um-Servi%C3%A7o-Diferenciado-Para-Si-4-1024x771.jpg\" alt=\"O Est\u00fadio De Arquitetura Que Oferece Um Servi\u00e7o Diferenciado Para Si 4\" class=\"wp-image-10002071\" width=\"800\" srcset=\"https:\/\/delightfull.eu\/inspirations\/wp-content\/uploads\/2019\/03\/O-Est\u00fadio-De-Arquitetura-Que-Oferece-Um-Servi\u00e7o-Diferenciado-Para-Si-4-1024x771.jpg 1024w, https:\/\/delightfull.eu\/inspirations\/wp-content\/uploads\/2019\/03\/O-Est\u00fadio-De-Arquitetura-Que-Oferece-Um-Servi\u00e7o-Diferenciado-Para-Si-4-300x226.jpg 300w, https:\/\/delightfull.eu\/inspirations\/wp-content\/uploads\/2019\/03\/O-Est\u00fadio-De-Arquitetura-Que-Oferece-Um-Servi\u00e7o-Diferenciado-Para-Si-4-770x580.jpg 770w, https:\/\/delightfull.eu\/inspirations\/wp-content\/uploads\/2019\/03\/O-Est\u00fadio-De-Arquitetura-Que-Oferece-Um-Servi\u00e7o-Diferenciado-Para-Si-4-293x221.jpg 293w, https:\/\/delightfull.eu\/inspirations\/wp-content\/uploads\/2019\/03\/O-Est\u00fadio-De-Arquitetura-Que-Oferece-Um-Servi\u00e7o-Diferenciado-Para-Si-4.jpg 1200w\" sizes=\"(max-width: 1024px) 100vw, 1024px\"><\/a><figcaption><strong><em>Projeto Triplex II <\/em><\/strong> <strong><em>\u2013<\/em><\/strong><em> Duas Arquitetas<\/em>   <\/figcaption><\/figure>\n\n\n\n<p>Se carregou neste artigo, \u00e9 porque procura um <em><a href=\"http:\/\/duasarquitetas.com.br\/pages\/home\" target=\"_blank\" rel=\"noreferrer noopener\" aria-label=\"servi\u00e7o diferenciado (opens in a new tab)\">servi\u00e7o diferenciado<\/a><\/em>, que \u00e9 precisamente aquilo que este est\u00fadio oferece. Por isso veio at\u00e9 ao local certo para satisfazer as suas necessidades.<\/p>\n\n\n\n<figure class=\"wp-block-image is-resized\"><a href=\"http:\/\/duasarquitetas.com.br\/pages\/home\" target=\"_blank\" rel=\"noreferrer noopener\"><img decoding=\"async\" src=\"https:\/\/delightfull.eu\/inspirations\/wp-content\/uploads\/2019\/03\/O-Est%C3%BAdio-De-Arquitetura-Que-Oferece-Um-Servi%C3%A7o-Diferenciado-Para-Si-5-1024x771.jpg\" alt=\"O Est\u00fadio De Arquitetura Que Oferece Um Servi\u00e7o Diferenciado Para Si 5\" class=\"wp-image-10002072\" width=\"800\" srcset=\"https:\/\/delightfull.eu\/inspirations\/wp-content\/uploads\/2019\/03\/O-Est\u00fadio-De-Arquitetura-Que-Oferece-Um-Servi\u00e7o-Diferenciado-Para-Si-5-1024x771.jpg 1024w, https:\/\/delightfull.eu\/inspirations\/wp-content\/uploads\/2019\/03\/O-Est\u00fadio-De-Arquitetura-Que-Oferece-Um-Servi\u00e7o-Diferenciado-Para-Si-5-300x226.jpg 300w, https:\/\/delightfull.eu\/inspirations\/wp-content\/uploads\/2019\/03\/O-Est\u00fadio-De-Arquitetura-Que-Oferece-Um-Servi\u00e7o-Diferenciado-Para-Si-5-770x580.jpg 770w, https:\/\/delightfull.eu\/inspirations\/wp-content\/uploads\/2019\/03\/O-Est\u00fadio-De-Arquitetura-Que-Oferece-Um-Servi\u00e7o-Diferenciado-Para-Si-5-293x221.jpg 293w, https:\/\/delightfull.eu\/inspirations\/wp-content\/uploads\/2019\/03\/O-Est\u00fadio-De-Arquitetura-Que-Oferece-Um-Servi\u00e7o-Diferenciado-Para-Si-5.jpg 1200w\" sizes=\"(max-width: 1024px) 100vw, 1024px\"><\/a><figcaption><strong><em>Projeto Sala\u00a0da\u00a0Estilista<\/em><\/strong> <strong><em>\u2013<\/em><\/strong><em> Duas Arquitetas<\/em>   <\/figcaption><\/figure>\n\n\n\n<blockquote class=\"wp-block-quote\"><p><em>O escrit\u00f3rio atua em \u00e1reas diversificadas como urbanismo, acessibilidade, interiores e arquitetura, nas esferas residencial, comercial e empresarial.<\/em><\/p><\/blockquote>\n\n\n\n<figure class=\"wp-block-image is-resized\"><a href=\"http:\/\/duasarquitetas.com.br\/pages\/home\" target=\"_blank\" rel=\"noreferrer noopener\"><img decoding=\"async\" src=\"https:\/\/delightfull.eu\/inspirations\/wp-content\/uploads\/2019\/03\/O-Est%C3%BAdio-De-Arquitetura-Que-Oferece-Um-Servi%C3%A7o-Diferenciado-Para-Si-6-1024x771.jpg\" alt=\"O Est\u00fadio De Arquitetura Que Oferece Um Servi\u00e7o Diferenciado Para Si 6\" class=\"wp-image-10002073\" width=\"800\" srcset=\"https:\/\/delightfull.eu\/inspirations\/wp-content\/uploads\/2019\/03\/O-Est\u00fadio-De-Arquitetura-Que-Oferece-Um-Servi\u00e7o-Diferenciado-Para-Si-6-1024x771.jpg 1024w, https:\/\/delightfull.eu\/inspirations\/wp-content\/uploads\/2019\/03\/O-Est\u00fadio-De-Arquitetura-Que-Oferece-Um-Servi\u00e7o-Diferenciado-Para-Si-6-300x226.jpg 300w, https:\/\/delightfull.eu\/inspirations\/wp-content\/uploads\/2019\/03\/O-Est\u00fadio-De-Arquitetura-Que-Oferece-Um-Servi\u00e7o-Diferenciado-Para-Si-6-770x580.jpg 770w, https:\/\/delightfull.eu\/inspirations\/wp-content\/uploads\/2019\/03\/O-Est\u00fadio-De-Arquitetura-Que-Oferece-Um-Servi\u00e7o-Diferenciado-Para-Si-6-293x221.jpg 293w, https:\/\/delightfull.eu\/inspirations\/wp-content\/uploads\/2019\/03\/O-Est\u00fadio-De-Arquitetura-Que-Oferece-Um-Servi\u00e7o-Diferenciado-Para-Si-6.jpg 1200w\" sizes=\"(max-width: 1024px) 100vw, 1024px\"><\/a><figcaption> <strong><em>Projeto Sala\u00a0da\u00a0Estilista<\/em><\/strong> <strong><em>\u2013<\/em><\/strong><em> Duas Arquitetas<\/em>  <\/figcaption><\/figure>\n\n\n\n<p><\/p>\n<p>Tamb\u00e9m presta consultoria, opera na elabora\u00e7\u00e3o e <em>coordena\u00e7\u00e3o de projetos<\/em>, trabalhando em conjunto com parceiros da constru\u00e7\u00e3o civil, utilizando as recentes tecnologias e softwares a seu favor, atrav\u00e9s do <em>desenvolvimento de maquetes<\/em>, desenhos executivos e detalhe, e acompanhamento de obra, para garantir a seguran\u00e7a e execu\u00e7\u00e3o do projeto.<\/p>\n\n\n\n<blockquote class=\"wp-block-quote\"><p><em>O profissionalismo, cumprimento de prazos, or\u00e7amento justo e respeito ao cliente, fazem do DUAS ARQUITETAS um escrit\u00f3rio acess\u00edvel e de refer\u00eancia a quem necessita solucionar seus problemas, materializar seus sonhos e transformar sua vida.  <\/em><\/p><\/blockquote>\n\n\n\n<figure class=\"wp-block-image is-resized\"><a href=\"http:\/\/duasarquitetas.com.br\/pages\/home\" target=\"_blank\" rel=\"noreferrer noopener\"><img decoding=\"async\" src=\"https:\/\/delightfull.eu\/inspirations\/wp-content\/uploads\/2019\/03\/O-Est%C3%BAdio-De-Arquitetura-Que-Oferece-Um-Servi%C3%A7o-Diferenciado-Para-Si-7-1024x768.jpg\" alt=\"O Est\u00fadio De Arquitetura Que Oferece Um Servi\u00e7o Diferenciado Para Si 7\" class=\"wp-image-10002074\" width=\"800\" srcset=\"https:\/\/delightfull.eu\/inspirations\/wp-content\/uploads\/2019\/03\/O-Est\u00fadio-De-Arquitetura-Que-Oferece-Um-Servi\u00e7o-Diferenciado-Para-Si-7-1024x768.jpg 1024w, https:\/\/delightfull.eu\/inspirations\/wp-content\/uploads\/2019\/03\/O-Est\u00fadio-De-Arquitetura-Que-Oferece-Um-Servi\u00e7o-Diferenciado-Para-Si-7-300x225.jpg 300w, https:\/\/delightfull.eu\/inspirations\/wp-content\/uploads\/2019\/03\/O-Est\u00fadio-De-Arquitetura-Que-Oferece-Um-Servi\u00e7o-Diferenciado-Para-Si-7-770x578.jpg 770w, https:\/\/delightfull.eu\/inspirations\/wp-content\/uploads\/2019\/03\/O-Est\u00fadio-De-Arquitetura-Que-Oferece-Um-Servi\u00e7o-Diferenciado-Para-Si-7-293x220.jpg 293w, https:\/\/delightfull.eu\/inspirations\/wp-content\/uploads\/2019\/03\/O-Est\u00fadio-De-Arquitetura-Que-Oferece-Um-Servi\u00e7o-Diferenciado-Para-Si-7-1400x1050.jpg 1400w, https:\/\/delightfull.eu\/inspirations\/wp-content\/uploads\/2019\/03\/O-Est\u00fadio-De-Arquitetura-Que-Oferece-Um-Servi\u00e7o-Diferenciado-Para-Si-7.jpg 1600w\" sizes=\"(max-width: 1024px) 100vw, 1024px\"><\/a><figcaption> <strong><em>Projeto Conveni\u00eancia Planalto<\/em><\/strong> <strong><em>\u2013<\/em><\/strong><em> Duas Arquitetas<\/em> <\/figcaption><\/figure>\n\n\n\n<p>Este \u00e9 o statement que n\u00f3s concordamos a 100%. Se quer mais provas de que este es\u00fadio pode ajud\u00e1-lo no seu projeto, veja este testemunho que encontramos de Jos\u00e9 Oscar, um senhor que teve o prazer de trabalhar com a marca.<\/p>\n\n\n\n<blockquote class=\"wp-block-quote\"><p><em>H\u00e1 um ano atr\u00e1s tivemos a sorte de realizar um projeto com a equipe e ficamos encantados com a seriedade.<\/em><\/p><\/blockquote>\n\n\n\n<figure class=\"wp-block-image is-resized\"><a href=\"http:\/\/duasarquitetas.com.br\/pages\/home\" target=\"_blank\" rel=\"noreferrer noopener\"><img decoding=\"async\" src=\"https:\/\/delightfull.eu\/inspirations\/wp-content\/uploads\/2019\/03\/O-Est%C3%BAdio-De-Arquitetura-Que-Oferece-Um-Servi%C3%A7o-Diferenciado-Para-Si-1024x576.png\" alt=\"O Est\u00fadio De Arquitetura Que Oferece Um Servi\u00e7o Diferenciado Para Si\" class=\"wp-image-10002075\" width=\"800\" srcset=\"https:\/\/delightfull.eu\/inspirations\/wp-content\/uploads\/2019\/03\/O-Est\u00fadio-De-Arquitetura-Que-Oferece-Um-Servi\u00e7o-Diferenciado-Para-Si-1024x576.png 1024w, https:\/\/delightfull.eu\/inspirations\/wp-content\/uploads\/2019\/03\/O-Est\u00fadio-De-Arquitetura-Que-Oferece-Um-Servi\u00e7o-Diferenciado-Para-Si-300x169.png 300w, https:\/\/delightfull.eu\/inspirations\/wp-content\/uploads\/2019\/03\/O-Est\u00fadio-De-Arquitetura-Que-Oferece-Um-Servi\u00e7o-Diferenciado-Para-Si-770x433.png 770w, https:\/\/delightfull.eu\/inspirations\/wp-content\/uploads\/2019\/03\/O-Est\u00fadio-De-Arquitetura-Que-Oferece-Um-Servi\u00e7o-Diferenciado-Para-Si-293x165.png 293w, https:\/\/delightfull.eu\/inspirations\/wp-content\/uploads\/2019\/03\/O-Est\u00fadio-De-Arquitetura-Que-Oferece-Um-Servi\u00e7o-Diferenciado-Para-Si-1400x788.png 1400w\" sizes=\"(max-width: 1024px) 100vw, 1024px\"><\/a><figcaption><strong><em>Projeto Casa EPS-<\/em><\/strong><em> Duas Arquitetas<\/em><\/figcaption><\/figure>\n\n\n\n<p>Com aposta em <em><\/em> e <em><\/em>, a <em><a rel=\"noreferrer noopener\" aria-label=\"Duas Arquitetas (opens in a new tab)\" href=\"http:\/\/duasarquitetas.com.br\/pages\/home\" target=\"_blank\">Duas Arquitetas<\/a><\/em> \u00e9 uma marca que se esfor\u00e7a para que cada projeto seja o reflexo de cada cliente, atrav\u00e9s dele o seu estilo de vida e necessidades s\u00e3o satisfeitos. <\/p>\n\n\n\n<hr class=\"wp-block-separator\">\n\n\n\n<p>Leia Aqui Tamb\u00e9m: <\/p>\n\n\n\n<hr class=\"wp-block-separator\">\n\n\n\n<p>Visite a nossa p\u00e1gina no\u00a0\u00a0para que lhe possamos oferecer mais inspira\u00e7\u00e3o. Aqui encontrar\u00e1 tudo o que precisa para os seus projetos de interiores e encontrar op\u00e7\u00f5es funcionais, elegantes e consider\u00e1veis de ilumina\u00e7\u00e3o e mobili\u00e1rio. Certifique-se que faz o\u00a0<a rel=\"noreferrer noopener\" href=\"http:\/\/www.delightfull.eu\/landing-page\/ebooks\/?utm_source=aalves&amp;utm_medium=BlogUnique&amp;utm_campaign=LinksTexto\" target=\"_blank\">download<\/a>\u00a0do nosso mais recente E-book: \u2018\u2018<\/p>\n\n\n\n<a class=\"bannerDinamicAction\" href=\":\/\/\" target=\"_blank\" data-imageid=\"0\">\n    <img class=\"img-responsive\" src=\"\" alt=\"\"><\/a>\n","protected":false},"excerpt":{"rendered":"<p>Quando referimos Portugal, abrangemos tamb\u00e9m outros pa\u00edses de l\u00edngua oficial portuguesa, e hoje trazemos o primeiro artigo nessa vertente! A tem\u00e1tica que trazemos hoje ao blog vem diretamente de Lagoa Nova, no Brasil, e tem muito para lhe oferecer hoje. \u00c9 um est\u00fadio de arquitetura que se chama Duas Arquitetas, e hoje veio at\u00e9 aqui para dar a conhecer um pouquinho do seu trabalho ao nosso p\u00fablico. Leia Aqui Tamb\u00e9m: O in\u00edcio desta grande aventura come\u00e7ou quando Bruna Di\u00f3genes e [&hellip;]<\/p>\n","protected":false},"author":20,"featured_media":10002081,"comment_status":"open","ping_status":"open","sticky":false,"template":"","format":"standard","meta":{"footnotes":"","_links_to":"","_links_to_target":""},"categories":[4155,3920,3915],"tags":[4711,4709,4712,4713,4714,4152,4710],"_links":{"self":[{"href":"https:\/\/delightfull.eu\/inspirations\/wp-json\/wp\/v2\/posts\/10002025"}],"collection":[{"href":"https:\/\/delightfull.eu\/inspirations\/wp-json\/wp\/v2\/posts"}],"about":[{"href":"https:\/\/delightfull.eu\/inspirations\/wp-json\/wp\/v2\/types\/post"}],"author":[{"embeddable":true,"href":"https:\/\/delightfull.eu\/inspirations\/wp-json\/wp\/v2\/users\/20"}],"replies":[{"embeddable":true,"href":"https:\/\/delightfull.eu\/inspirations\/wp-json\/wp\/v2\/comments?post=10002025"}],"version-history":[{"count":15,"href":"https:\/\/delightfull.eu\/inspirations\/wp-json\/wp\/v2\/posts\/10002025\/revisions"}],"predecessor-version":[{"id":10002091,"href":"https:\/\/delightfull.eu\/inspirations\/wp-json\/wp\/v2\/posts\/10002025\/revisions\/10002091"}],"wp:featuredmedia":[{"embeddable":true,"href":"https:\/\/delightfull.eu\/inspirations\/wp-json\/wp\/v2\/media\/10002081"}],"wp:attachment":[{"href":"https:\/\/delightfull.eu\/inspirations\/wp-json\/wp\/v2\/media?parent=10002025"}],"wp:term":[{"taxonomy":"category","embeddable":true,"href":"https:\/\/delightfull.eu\/inspirations\/wp-json\/wp\/v2\/categories?post=10002025"},{"taxonomy":"post_tag","embeddable":true,"href":"https:\/\/delightfull.eu\/inspirations\/wp-json\/wp\/v2\/tags?post=10002025"}],"curies":[{"name":"wp","href":"https:\/\/api.w.org\/{rel}","templated":true}]}}