{"id":10002649,"date":"2019-04-10T16:25:35","date_gmt":"2019-04-10T16:25:35","guid":{"rendered":"https:\/\/delightfull.eu\/inspirations\/?p=10002649"},"modified":"2019-04-10T16:25:48","modified_gmt":"2019-04-10T16:25:48","slug":"salone-del-mobile-a-presenter-le-meilleur-du-monde-du-design","status":"publish","type":"post","link":"https:\/\/delightfull.eu\/inspirations\/2019\/04\/10\/salone-del-mobile-a-presenter-le-meilleur-du-monde-du-design\/","title":{"rendered":"Salone del Mobile \u00c0 Pr\u00e9senter Le Meilleur Du Monde Du Design!"},"content":{"rendered":"\n<p>Aujourd\u2019hui, nous regardons au stand de DelightFULL au <strong><em>Salone del Mobile<\/em><\/strong> 2019. Nous examinons le stand de DelightFULL et faisons connaissance avec certaines de leurs <strong>luminaires contemporaines<\/strong>. Avec des classiques et des nouveaut\u00e9s flambant neuves qui sont pr\u00e9sent\u00e9s dans cet <strong>incroyable salon du design<\/strong>.<\/p>\n\n\n\n<p class=\"has-text-color has-vivid-red-color\"><strong><a rel=\"noreferrer noopener\" href=\"https:\/\/delightfull.eu\/inspirations\/2019\/02\/20\/recontrer-la-famille-coltrane-dans-notre-monde-mid-century\/?utm_source=bmorais&amp;utm_medium=BlogInspirations&amp;utm_campaign=SeeAlso&amp;utm_content=France\" target=\"_blank\">LIRE AUSSI: Recontrer La Famille Coltrane Dans Notre Monde Mid-Century!<\/a><\/strong><\/p>\n\n\n\n<figure class=\"wp-block-image\"><a href=\"https:\/\/www.delightfull.eu\/en\/landing-page\/salonemilano-euroluce#utm_source=bmorais&amp;utm_medium=Inspirations&amp;utm_campaign=DL&amp;utm_content=isaloni2019\" target=\"_blank\" rel=\"noreferrer noopener\"><img loading=\"lazy\" decoding=\"async\" width=\"1200\" height=\"1600\" src=\"https:\/\/delightfull.eu\/inspirations\/wp-content\/uploads\/2019\/04\/Salone-del-Milano-%C3%80-Pr%C3%A9senter-Le-Meilleur-Du-Monde-Du-Design1.jpeg\" alt=\"\" class=\"wp-image-10002651\" srcset=\"https:\/\/delightfull.eu\/inspirations\/wp-content\/uploads\/2019\/04\/Salone-del-Milano-\u00c0-Pr\u00e9senter-Le-Meilleur-Du-Monde-Du-Design1.jpeg 1200w, https:\/\/delightfull.eu\/inspirations\/wp-content\/uploads\/2019\/04\/Salone-del-Milano-\u00c0-Pr\u00e9senter-Le-Meilleur-Du-Monde-Du-Design1-225x300.jpeg 225w, https:\/\/delightfull.eu\/inspirations\/wp-content\/uploads\/2019\/04\/Salone-del-Milano-\u00c0-Pr\u00e9senter-Le-Meilleur-Du-Monde-Du-Design1-770x1027.jpeg 770w, https:\/\/delightfull.eu\/inspirations\/wp-content\/uploads\/2019\/04\/Salone-del-Milano-\u00c0-Pr\u00e9senter-Le-Meilleur-Du-Monde-Du-Design1-768x1024.jpeg 768w, https:\/\/delightfull.eu\/inspirations\/wp-content\/uploads\/2019\/04\/Salone-del-Milano-\u00c0-Pr\u00e9senter-Le-Meilleur-Du-Monde-Du-Design1-293x391.jpeg 293w\" sizes=\"(max-width: 1200px) 100vw, 1200px\"><\/a><\/figure>\n\n\n\n<p>Le stand de DelightFULL est situ\u00e9 dans le hall 13, stand H24. L\u2019une des meilleures marques de meubles inspir\u00e9es du milieu du si\u00e8cle, DelightFULL \u00e9claire tout et tous ceux qui assistent au Salone del Mobile cette ann\u00e9e.<\/p>\n\n\n\n<a class=\"bannerDinamicAction\" href=\":\/\/\" target=\"_blank\" data-imageid=\"0\">\n    <img class=\"img-responsive\" src=\"\" alt=\"\"><\/a>\n\n\n\n<figure class=\"wp-block-image is-resized\"><img decoding=\"async\" src=\"https:\/\/delightfull.eu\/inspirations\/wp-content\/uploads\/2019\/04\/Salone-del-Milano-%C3%80-Pr%C3%A9senter-Le-Meilleur-Du-Monde-Du-Design3-768x1024.jpeg\" alt=\"salone del mobile\" class=\"wp-image-10002652\" width=\"800\" srcset=\"https:\/\/delightfull.eu\/inspirations\/wp-content\/uploads\/2019\/04\/Salone-del-Milano-\u00c0-Pr\u00e9senter-Le-Meilleur-Du-Monde-Du-Design3-768x1024.jpeg 768w, https:\/\/delightfull.eu\/inspirations\/wp-content\/uploads\/2019\/04\/Salone-del-Milano-\u00c0-Pr\u00e9senter-Le-Meilleur-Du-Monde-Du-Design3-225x300.jpeg 225w, https:\/\/delightfull.eu\/inspirations\/wp-content\/uploads\/2019\/04\/Salone-del-Milano-\u00c0-Pr\u00e9senter-Le-Meilleur-Du-Monde-Du-Design3-770x1027.jpeg 770w, https:\/\/delightfull.eu\/inspirations\/wp-content\/uploads\/2019\/04\/Salone-del-Milano-\u00c0-Pr\u00e9senter-Le-Meilleur-Du-Monde-Du-Design3-293x391.jpeg 293w, https:\/\/delightfull.eu\/inspirations\/wp-content\/uploads\/2019\/04\/Salone-del-Milano-\u00c0-Pr\u00e9senter-Le-Meilleur-Du-Monde-Du-Design3.jpeg 1200w\" sizes=\"(max-width: 768px) 100vw, 768px\"><\/figure>\n\n\n\n<p>Et nous avons ici la <strong>section Lampadaire<\/strong>. Voici quelques-unes des <strong>meilleures \u0153uvres de DelightFULL<\/strong>. De gauche \u00e0 droite, vous trouverez le lampadaire Hanna, la lampadaire Abbey, lampadaire Turner, lampadaire Ike, Coleman et Amy.<\/p>\n\n\n\n<figure class=\"wp-block-image\"><img loading=\"lazy\" decoding=\"async\" width=\"1024\" height=\"768\" src=\"https:\/\/delightfull.eu\/inspirations\/wp-content\/uploads\/2019\/04\/Salone-Del-Mobile-A-First-Look-At-This-Tradeshow5-1024x768.jpeg\" alt=\"\" class=\"wp-image-10002653\" srcset=\"https:\/\/delightfull.eu\/inspirations\/wp-content\/uploads\/2019\/04\/Salone-Del-Mobile-A-First-Look-At-This-Tradeshow5-1024x768.jpeg 1024w, https:\/\/delightfull.eu\/inspirations\/wp-content\/uploads\/2019\/04\/Salone-Del-Mobile-A-First-Look-At-This-Tradeshow5-300x225.jpeg 300w, https:\/\/delightfull.eu\/inspirations\/wp-content\/uploads\/2019\/04\/Salone-Del-Mobile-A-First-Look-At-This-Tradeshow5-770x578.jpeg 770w, https:\/\/delightfull.eu\/inspirations\/wp-content\/uploads\/2019\/04\/Salone-Del-Mobile-A-First-Look-At-This-Tradeshow5-293x220.jpeg 293w, https:\/\/delightfull.eu\/inspirations\/wp-content\/uploads\/2019\/04\/Salone-Del-Mobile-A-First-Look-At-This-Tradeshow5-1400x1050.jpeg 1400w, https:\/\/delightfull.eu\/inspirations\/wp-content\/uploads\/2019\/04\/Salone-Del-Mobile-A-First-Look-At-This-Tradeshow5.jpeg 1600w\" sizes=\"(max-width: 1024px) 100vw, 1024px\"><\/figure>\n\n\n\n<p>Coltrane est un autre <strong>lampadaire classique du milieu du si\u00e8cle<\/strong>, id\u00e9al pour \u00e9clairer tout <strong>salon moderne<\/strong> recherchant un meuble <strong>moderne du milieu du si\u00e8cle<\/strong>.<\/p>\n\n\n\n<figure class=\"wp-block-image\"><img loading=\"lazy\" decoding=\"async\" width=\"768\" height=\"1024\" src=\"https:\/\/delightfull.eu\/inspirations\/wp-content\/uploads\/2019\/04\/Salone-del-Milano-%C3%80-Pr%C3%A9senter-Le-Meilleur-Du-Monde-Du-Design2-768x1024.jpeg\" alt=\"\" class=\"wp-image-10002654\" srcset=\"https:\/\/delightfull.eu\/inspirations\/wp-content\/uploads\/2019\/04\/Salone-del-Milano-\u00c0-Pr\u00e9senter-Le-Meilleur-Du-Monde-Du-Design2-768x1024.jpeg 768w, https:\/\/delightfull.eu\/inspirations\/wp-content\/uploads\/2019\/04\/Salone-del-Milano-\u00c0-Pr\u00e9senter-Le-Meilleur-Du-Monde-Du-Design2-225x300.jpeg 225w, https:\/\/delightfull.eu\/inspirations\/wp-content\/uploads\/2019\/04\/Salone-del-Milano-\u00c0-Pr\u00e9senter-Le-Meilleur-Du-Monde-Du-Design2-770x1027.jpeg 770w, https:\/\/delightfull.eu\/inspirations\/wp-content\/uploads\/2019\/04\/Salone-del-Milano-\u00c0-Pr\u00e9senter-Le-Meilleur-Du-Monde-Du-Design2-293x391.jpeg 293w, https:\/\/delightfull.eu\/inspirations\/wp-content\/uploads\/2019\/04\/Salone-del-Milano-\u00c0-Pr\u00e9senter-Le-Meilleur-Du-Monde-Du-Design2.jpeg 1200w\" sizes=\"(max-width: 768px) 100vw, 768px\"><\/figure>\n\n\n\n<p>Voici un <strong>exemple parfait et magnifique<\/strong> du stand de DelightFULL au <strong>Salone del Mobile<\/strong>. Avec <strong>deux appliques murales<\/strong> inspir\u00e9es du milieu du si\u00e8cle connues sous le nom de Coltrane et une<strong> lampe de table contemporaine<\/strong> portant le nom de Miles. Cette image repr\u00e9sente le mieux ce que DelightFULL fait ressortir, cette <strong>influence inspir\u00e9e du milieu du si\u00e8cle<\/strong> qui les rend si uniques et si sp\u00e9ciales.<\/p>\n\n\n\n<figure class=\"wp-block-image\"><img loading=\"lazy\" decoding=\"async\" width=\"768\" height=\"1024\" src=\"https:\/\/delightfull.eu\/inspirations\/wp-content\/uploads\/2019\/04\/WhatsApp-Image-2019-04-09-at-12.09.00-768x1024.jpeg\" alt=\"\" class=\"wp-image-10002655\" srcset=\"https:\/\/delightfull.eu\/inspirations\/wp-content\/uploads\/2019\/04\/WhatsApp-Image-2019-04-09-at-12.09.00-768x1024.jpeg 768w, https:\/\/delightfull.eu\/inspirations\/wp-content\/uploads\/2019\/04\/WhatsApp-Image-2019-04-09-at-12.09.00-225x300.jpeg 225w, https:\/\/delightfull.eu\/inspirations\/wp-content\/uploads\/2019\/04\/WhatsApp-Image-2019-04-09-at-12.09.00-770x1027.jpeg 770w, https:\/\/delightfull.eu\/inspirations\/wp-content\/uploads\/2019\/04\/WhatsApp-Image-2019-04-09-at-12.09.00-293x391.jpeg 293w, https:\/\/delightfull.eu\/inspirations\/wp-content\/uploads\/2019\/04\/WhatsApp-Image-2019-04-09-at-12.09.00.jpeg 1200w\" sizes=\"(max-width: 768px) 100vw, 768px\"><\/figure>\n\n\n\n<p>Tout au long de cette semaine, nous continuerons avec la <strong>tendance de cette semaine<\/strong>, Salone del Mobile. Restez \u00e0 l\u2019\u00e9coute, car nous allons aller plus en profondeur, cette semaine vient de servir d\u2019ap\u00e9ritif pour la suite.<\/p>\n\n\n\n<p class=\"has-text-color has-vivid-red-color\"><strong>Lisez plus ici:\u00a0<\/strong><a rel=\"noreferrer noopener\" href=\"https:\/\/www.delightfull.eu\/inspirations\/styles\/les-meilleurs-designers-francais-presents-maison-obejt\/?utm_source=bmorais&amp;utm_medium=BlogInspirations&amp;utm_campaign=SeeAlso&amp;utm_content=France\" target=\"_blank\"><strong>Les Meilleurs Designers Fran\u00e7ais Pr\u00e9sents En Maison et Obejt 19!<\/strong><\/a><\/p>\n\n\n\n<p>Vous pouvez visiter nos conseils\u00a0<a href=\"https:\/\/www.pinterest.pt\/delightfulll\/unique-blog\/?utm_source=bmorais&amp;utm_medium=Inspirations&amp;utm_content=French\" target=\"_blank\" rel=\"noreferrer noopener\">Pinterest<\/a>\u00a0afin d\u2019obtenir plus d\u2019inspirations.\u00a0Plus d\u2019id\u00e9es pour vos projets et trouver l\u2019\u00e9clairage fonctionnel, \u00e9l\u00e9gant et appr\u00e9ciable et les choix de meubles.\u00a0Assurez-vous de t\u00e9l\u00e9charger notre livre \u00e9lectronique\u00a0<a href=\"https:\/\/www.delightfull.eu\/en\/catalogue?utm_source=bmorais&amp;utm_medium=Inspirations&amp;utm_campaign=catalogue&amp;utm_content=French\" target=\"_blank\" rel=\"noreferrer noopener\">\u00abConseils de d\u00e9coration int\u00e9rieure pour un foyer bien \u00e9clair\u00e9\u00bb!<\/a><\/p>\n\n\n\n<table class=\"wp-block-table\"><tbody><tr><td><a class=\"bannerDinamicAction\" href=\"https:\/\/www.delightfull.eu\/en\/all-products?utm_source=delightfull-inspirations&amp;utm_medium=ArticleBanner&amp;utm_campaign=DynamicBanners&amp;utm_term=310&amp;utm_content=heritage_collection\" target=\"_blank\" data-imageid=\"310\">\n    <img class=\"img-responsive\" src=\"https:\/\/www.delightfull.eu\/blog\/wp-content\/uploads\/2018\/03\/Banner-HERITAGE-2.jpg\" alt=\"heritage,collection\"><\/a><\/td><\/tr><\/tbody><\/table>\n","protected":false},"excerpt":{"rendered":"<p>Aujourd\u2019hui, nous regardons au stand de DelightFULL au Salone del Mobile 2019. Nous examinons le stand de DelightFULL et faisons connaissance avec certaines de leurs luminaires contemporaines. Avec des classiques et des nouveaut\u00e9s flambant neuves qui sont pr\u00e9sent\u00e9s dans cet incroyable salon du design. LIRE AUSSI: Recontrer La Famille Coltrane Dans Notre Monde Mid-Century! Le stand de DelightFULL est situ\u00e9 dans le hall 13, stand H24. L\u2019une des meilleures marques de meubles inspir\u00e9es du milieu du si\u00e8cle, DelightFULL \u00e9claire tout [&hellip;]<\/p>\n","protected":false},"author":20,"featured_media":10002656,"comment_status":"open","ping_status":"open","sticky":false,"template":"","format":"standard","meta":{"footnotes":"","_links_to":"","_links_to_target":""},"categories":[4155,3916,4563,9,4,3915],"tags":[4820,4821,4823,1374,4822],"_links":{"self":[{"href":"https:\/\/delightfull.eu\/inspirations\/wp-json\/wp\/v2\/posts\/10002649"}],"collection":[{"href":"https:\/\/delightfull.eu\/inspirations\/wp-json\/wp\/v2\/posts"}],"about":[{"href":"https:\/\/delightfull.eu\/inspirations\/wp-json\/wp\/v2\/types\/post"}],"author":[{"embeddable":true,"href":"https:\/\/delightfull.eu\/inspirations\/wp-json\/wp\/v2\/users\/20"}],"replies":[{"embeddable":true,"href":"https:\/\/delightfull.eu\/inspirations\/wp-json\/wp\/v2\/comments?post=10002649"}],"version-history":[{"count":3,"href":"https:\/\/delightfull.eu\/inspirations\/wp-json\/wp\/v2\/posts\/10002649\/revisions"}],"predecessor-version":[{"id":10002659,"href":"https:\/\/delightfull.eu\/inspirations\/wp-json\/wp\/v2\/posts\/10002649\/revisions\/10002659"}],"wp:featuredmedia":[{"embeddable":true,"href":"https:\/\/delightfull.eu\/inspirations\/wp-json\/wp\/v2\/media\/10002656"}],"wp:attachment":[{"href":"https:\/\/delightfull.eu\/inspirations\/wp-json\/wp\/v2\/media?parent=10002649"}],"wp:term":[{"taxonomy":"category","embeddable":true,"href":"https:\/\/delightfull.eu\/inspirations\/wp-json\/wp\/v2\/categories?post=10002649"},{"taxonomy":"post_tag","embeddable":true,"href":"https:\/\/delightfull.eu\/inspirations\/wp-json\/wp\/v2\/tags?post=10002649"}],"curies":[{"name":"wp","href":"https:\/\/api.w.org\/{rel}","templated":true}]}}