{"id":10002723,"date":"2019-04-13T13:00:11","date_gmt":"2019-04-13T13:00:11","guid":{"rendered":"https:\/\/delightfull.eu\/inspirations\/?p=10002723"},"modified":"2019-04-12T17:17:57","modified_gmt":"2019-04-12T17:17:57","slug":"when-breda-meets-mid-century-un-des-meilleurs-eventments-de-milano-design-week","status":"publish","type":"post","link":"https:\/\/delightfull.eu\/inspirations\/2019\/04\/13\/when-breda-meets-mid-century-un-des-meilleurs-eventments-de-milano-design-week\/","title":{"rendered":"When Breda Meets Mid-Century Un Des Meilleurs \u00c9v\u00e9ntments De Milano Design Week"},"content":{"rendered":"\n<p><em><strong>Bredaquaranta <\/strong><\/em>est l\u2019un des showrooms les plus importants de toute l\u2019Italie. Avec son <strong>showroom principal \u00e0 Milan<\/strong>, Bredaquaranta est un showroom renomm\u00e9 qui pr\u00e9sente les <strong>meilleures marques de d\u00e9coration d\u2019int\u00e9rieur<\/strong> dans le <strong>monde de la d\u00e9coration moderne<\/strong>.<\/p>\n\n\n\n<p class=\"has-text-color has-vivid-red-color\"><br><strong><a rel=\"noreferrer noopener\" href=\"https:\/\/delightfull.eu\/inspirations\/2019\/02\/20\/recontrer-la-famille-coltrane-dans-notre-monde-mid-century\/?utm_source=bmorais&amp;utm_medium=BlogInspirations&amp;utm_campaign=SeeAlso&amp;utm_content=France\" target=\"_blank\">LIRE AUSSI: Recontrer La Famille Coltrane Dans Notre Monde Mid-Century!<\/a><\/strong> <\/p>\n\n\n\n<figure class=\"wp-block-image is-resized\"><a href=\"https:\/\/www.delightfull.eu\/en\/landing-page\/salonemilano-euroluce#utm_source=bmorais&amp;utm_medium=Inspirations&amp;utm_campaign=DL&amp;utm_content=France\" target=\"_blank\" rel=\"noreferrer noopener\"><img decoding=\"async\" src=\"https:\/\/delightfull.eu\/inspirations\/wp-content\/uploads\/2019\/04\/When-Breda-Meets-Mid-Century-Un-Des-Meilleurs-%C3%89v%C3%A9ntments-De-Milano-Design-Week1-768x1024.jpeg\" alt=\"\" class=\"wp-image-10002725\" width=\"800\" srcset=\"https:\/\/delightfull.eu\/inspirations\/wp-content\/uploads\/2019\/04\/When-Breda-Meets-Mid-Century-Un-Des-Meilleurs-\u00c9v\u00e9ntments-De-Milano-Design-Week1-768x1024.jpeg 768w, https:\/\/delightfull.eu\/inspirations\/wp-content\/uploads\/2019\/04\/When-Breda-Meets-Mid-Century-Un-Des-Meilleurs-\u00c9v\u00e9ntments-De-Milano-Design-Week1-225x300.jpeg 225w, https:\/\/delightfull.eu\/inspirations\/wp-content\/uploads\/2019\/04\/When-Breda-Meets-Mid-Century-Un-Des-Meilleurs-\u00c9v\u00e9ntments-De-Milano-Design-Week1-770x1027.jpeg 770w, https:\/\/delightfull.eu\/inspirations\/wp-content\/uploads\/2019\/04\/When-Breda-Meets-Mid-Century-Un-Des-Meilleurs-\u00c9v\u00e9ntments-De-Milano-Design-Week1-293x391.jpeg 293w, https:\/\/delightfull.eu\/inspirations\/wp-content\/uploads\/2019\/04\/When-Breda-Meets-Mid-Century-Un-Des-Meilleurs-\u00c9v\u00e9ntments-De-Milano-Design-Week1.jpeg 1200w\" sizes=\"(max-width: 768px) 100vw, 768px\"><\/a><\/figure>\n\n\n\n<p><strong>Milano Design Week<\/strong> en cours et le <strong>Salone del Mobile,<\/strong> Bredaquaranta s\u2019est associ\u00e9 \u00e0 deux <strong>marques d\u2019architecture d\u2019int\u00e9rieur<\/strong> inspir\u00e9es par le <strong>milieu du si\u00e8cle<\/strong>, Essential Home et DelightFULL.<\/p>\n\n\n\n<a class=\"bannerDinamicAction\" href=\":\/\/\" target=\"_blank\" data-imageid=\"0\">\n    <img class=\"img-responsive\" src=\"\" alt=\"\"><\/a>\n\n\n\n<figure class=\"wp-block-image is-resized\"><img decoding=\"async\" src=\"https:\/\/delightfull.eu\/inspirations\/wp-content\/uploads\/2019\/04\/When-Breda-Meets-Mid-Century-Un-Des-Meilleurs-%C3%89v%C3%A9ntments-De-Milano-Design-Week2-1024x768.jpeg\" alt=\"bredaquaranta\" class=\"wp-image-10002726\" width=\"800\" srcset=\"https:\/\/delightfull.eu\/inspirations\/wp-content\/uploads\/2019\/04\/When-Breda-Meets-Mid-Century-Un-Des-Meilleurs-\u00c9v\u00e9ntments-De-Milano-Design-Week2-1024x768.jpeg 1024w, https:\/\/delightfull.eu\/inspirations\/wp-content\/uploads\/2019\/04\/When-Breda-Meets-Mid-Century-Un-Des-Meilleurs-\u00c9v\u00e9ntments-De-Milano-Design-Week2-300x225.jpeg 300w, https:\/\/delightfull.eu\/inspirations\/wp-content\/uploads\/2019\/04\/When-Breda-Meets-Mid-Century-Un-Des-Meilleurs-\u00c9v\u00e9ntments-De-Milano-Design-Week2-770x578.jpeg 770w, https:\/\/delightfull.eu\/inspirations\/wp-content\/uploads\/2019\/04\/When-Breda-Meets-Mid-Century-Un-Des-Meilleurs-\u00c9v\u00e9ntments-De-Milano-Design-Week2-293x220.jpeg 293w, https:\/\/delightfull.eu\/inspirations\/wp-content\/uploads\/2019\/04\/When-Breda-Meets-Mid-Century-Un-Des-Meilleurs-\u00c9v\u00e9ntments-De-Milano-Design-Week2-1400x1050.jpeg 1400w, https:\/\/delightfull.eu\/inspirations\/wp-content\/uploads\/2019\/04\/When-Breda-Meets-Mid-Century-Un-Des-Meilleurs-\u00c9v\u00e9ntments-De-Milano-Design-Week2.jpeg 1600w\" sizes=\"(max-width: 1024px) 100vw, 1024px\"><\/figure>\n\n\n\n<figure class=\"wp-block-image is-resized\"><img decoding=\"async\" src=\"https:\/\/delightfull.eu\/inspirations\/wp-content\/uploads\/2019\/04\/When-Breda-Meets-Mid-Century-Un-Des-Meilleurs-%C3%89v%C3%A9ntments-De-Milano-Design-Week3-768x1024.jpeg\" alt=\"bredaquaranta\" class=\"wp-image-10002727\" width=\"800\" srcset=\"https:\/\/delightfull.eu\/inspirations\/wp-content\/uploads\/2019\/04\/When-Breda-Meets-Mid-Century-Un-Des-Meilleurs-\u00c9v\u00e9ntments-De-Milano-Design-Week3-768x1024.jpeg 768w, https:\/\/delightfull.eu\/inspirations\/wp-content\/uploads\/2019\/04\/When-Breda-Meets-Mid-Century-Un-Des-Meilleurs-\u00c9v\u00e9ntments-De-Milano-Design-Week3-225x300.jpeg 225w, https:\/\/delightfull.eu\/inspirations\/wp-content\/uploads\/2019\/04\/When-Breda-Meets-Mid-Century-Un-Des-Meilleurs-\u00c9v\u00e9ntments-De-Milano-Design-Week3-770x1027.jpeg 770w, https:\/\/delightfull.eu\/inspirations\/wp-content\/uploads\/2019\/04\/When-Breda-Meets-Mid-Century-Un-Des-Meilleurs-\u00c9v\u00e9ntments-De-Milano-Design-Week3-293x391.jpeg 293w, https:\/\/delightfull.eu\/inspirations\/wp-content\/uploads\/2019\/04\/When-Breda-Meets-Mid-Century-Un-Des-Meilleurs-\u00c9v\u00e9ntments-De-Milano-Design-Week3.jpeg 1200w\" sizes=\"(max-width: 768px) 100vw, 768px\"><\/figure>\n\n\n\n<p>Cet \u00e9v\u00e9nement, intitul\u00e9 <strong>When Brera Meets Mid-Century<\/strong>, fait partie des nombreux \u00e9v\u00e9nements qui se sont d\u00e9roul\u00e9s pendant la <strong>Milano Design Week<\/strong>. Nous avons toute l\u2019information concert l\u2019\u00e9v\u00e9ntment de Bredaquaranta, Essential Home et DelightFULL.<\/p>\n\n\n\n<figure class=\"wp-block-image is-resized\"><img decoding=\"async\" src=\"https:\/\/delightfull.eu\/inspirations\/wp-content\/uploads\/2019\/04\/When-Breda-Meets-Mid-Century-Un-Des-Meilleurs-%C3%89v%C3%A9ntments-De-Milano-Design-Week4-768x1024.jpeg\" alt=\"\" class=\"wp-image-10002728\" width=\"800\" srcset=\"https:\/\/delightfull.eu\/inspirations\/wp-content\/uploads\/2019\/04\/When-Breda-Meets-Mid-Century-Un-Des-Meilleurs-\u00c9v\u00e9ntments-De-Milano-Design-Week4-768x1024.jpeg 768w, https:\/\/delightfull.eu\/inspirations\/wp-content\/uploads\/2019\/04\/When-Breda-Meets-Mid-Century-Un-Des-Meilleurs-\u00c9v\u00e9ntments-De-Milano-Design-Week4-225x300.jpeg 225w, https:\/\/delightfull.eu\/inspirations\/wp-content\/uploads\/2019\/04\/When-Breda-Meets-Mid-Century-Un-Des-Meilleurs-\u00c9v\u00e9ntments-De-Milano-Design-Week4-770x1027.jpeg 770w, https:\/\/delightfull.eu\/inspirations\/wp-content\/uploads\/2019\/04\/When-Breda-Meets-Mid-Century-Un-Des-Meilleurs-\u00c9v\u00e9ntments-De-Milano-Design-Week4-293x391.jpeg 293w, https:\/\/delightfull.eu\/inspirations\/wp-content\/uploads\/2019\/04\/When-Breda-Meets-Mid-Century-Un-Des-Meilleurs-\u00c9v\u00e9ntments-De-Milano-Design-Week4.jpeg 1200w\" sizes=\"(max-width: 768px) 100vw, 768px\"><\/figure>\n\n\n\n<figure class=\"wp-block-image is-resized\"><img decoding=\"async\" src=\"https:\/\/delightfull.eu\/inspirations\/wp-content\/uploads\/2019\/04\/When-Breda-Meets-Mid-Century-Un-Des-Meilleurs-%C3%89v%C3%A9ntments-De-Milano-Design-Week5-768x1024.jpeg\" alt=\"\" class=\"wp-image-10002729\" width=\"800\" srcset=\"https:\/\/delightfull.eu\/inspirations\/wp-content\/uploads\/2019\/04\/When-Breda-Meets-Mid-Century-Un-Des-Meilleurs-\u00c9v\u00e9ntments-De-Milano-Design-Week5-768x1024.jpeg 768w, https:\/\/delightfull.eu\/inspirations\/wp-content\/uploads\/2019\/04\/When-Breda-Meets-Mid-Century-Un-Des-Meilleurs-\u00c9v\u00e9ntments-De-Milano-Design-Week5-225x300.jpeg 225w, https:\/\/delightfull.eu\/inspirations\/wp-content\/uploads\/2019\/04\/When-Breda-Meets-Mid-Century-Un-Des-Meilleurs-\u00c9v\u00e9ntments-De-Milano-Design-Week5-770x1027.jpeg 770w, https:\/\/delightfull.eu\/inspirations\/wp-content\/uploads\/2019\/04\/When-Breda-Meets-Mid-Century-Un-Des-Meilleurs-\u00c9v\u00e9ntments-De-Milano-Design-Week5-293x391.jpeg 293w, https:\/\/delightfull.eu\/inspirations\/wp-content\/uploads\/2019\/04\/When-Breda-Meets-Mid-Century-Un-Des-Meilleurs-\u00c9v\u00e9ntments-De-Milano-Design-Week5.jpeg 1200w\" sizes=\"(max-width: 768px) 100vw, 768px\"><\/figure>\n\n\n\n<p>Avec deux \u00e9tages dans leur <strong>salle d\u2019exposition<\/strong>, <strong>Bredaquaranta <\/strong>ne pr\u00e9sente que les <strong>meilleures marques de d\u00e9coration d\u2019int\u00e9rieur au monde<\/strong>, et DelightFULL et Essential Home font partie de ces marques de haut niveau.<\/p>\n\n\n\n<figure class=\"wp-block-image is-resized\"><img decoding=\"async\" src=\"https:\/\/delightfull.eu\/inspirations\/wp-content\/uploads\/2019\/04\/When-Breda-Meets-Mid-Century-Un-Des-Meilleurs-%C3%89v%C3%A9ntments-De-Milano-Design-Week6-768x1024.jpeg\" alt=\"bredaquaranta\" class=\"wp-image-10002730\" width=\"800\" srcset=\"https:\/\/delightfull.eu\/inspirations\/wp-content\/uploads\/2019\/04\/When-Breda-Meets-Mid-Century-Un-Des-Meilleurs-\u00c9v\u00e9ntments-De-Milano-Design-Week6-768x1024.jpeg 768w, https:\/\/delightfull.eu\/inspirations\/wp-content\/uploads\/2019\/04\/When-Breda-Meets-Mid-Century-Un-Des-Meilleurs-\u00c9v\u00e9ntments-De-Milano-Design-Week6-225x300.jpeg 225w, https:\/\/delightfull.eu\/inspirations\/wp-content\/uploads\/2019\/04\/When-Breda-Meets-Mid-Century-Un-Des-Meilleurs-\u00c9v\u00e9ntments-De-Milano-Design-Week6-770x1027.jpeg 770w, https:\/\/delightfull.eu\/inspirations\/wp-content\/uploads\/2019\/04\/When-Breda-Meets-Mid-Century-Un-Des-Meilleurs-\u00c9v\u00e9ntments-De-Milano-Design-Week6-293x391.jpeg 293w, https:\/\/delightfull.eu\/inspirations\/wp-content\/uploads\/2019\/04\/When-Breda-Meets-Mid-Century-Un-Des-Meilleurs-\u00c9v\u00e9ntments-De-Milano-Design-Week6.jpeg 1200w\" sizes=\"(max-width: 768px) 100vw, 768px\"><\/figure>\n\n\n\n<p><strong>Brera Meets Mid Century<\/strong> c\u00e9l\u00e8bre l\u2019un des partenariats les plus r\u00e9cents de Breraquaranta, apr\u00e8s s\u2019\u00eatre associ\u00e9s \u00e0 la fois \u00e0 DelightFULL et \u00e0 Essential, pour apporter un <strong>design influenc\u00e9<\/strong> par le <strong>milieu du si\u00e8cle<\/strong> au monde du meuble italien.<\/p>\n\n\n\n<figure class=\"wp-block-image is-resized\"><img decoding=\"async\" src=\"https:\/\/delightfull.eu\/inspirations\/wp-content\/uploads\/2019\/04\/When-Breda-Meets-Mid-Century-Un-Des-Meilleurs-%C3%89v%C3%A9ntments-De-Milano-Design-Week7-768x1024.jpeg\" alt=\"bredaquaranta\" class=\"wp-image-10002731\" width=\"800\" srcset=\"https:\/\/delightfull.eu\/inspirations\/wp-content\/uploads\/2019\/04\/When-Breda-Meets-Mid-Century-Un-Des-Meilleurs-\u00c9v\u00e9ntments-De-Milano-Design-Week7-768x1024.jpeg 768w, https:\/\/delightfull.eu\/inspirations\/wp-content\/uploads\/2019\/04\/When-Breda-Meets-Mid-Century-Un-Des-Meilleurs-\u00c9v\u00e9ntments-De-Milano-Design-Week7-225x300.jpeg 225w, https:\/\/delightfull.eu\/inspirations\/wp-content\/uploads\/2019\/04\/When-Breda-Meets-Mid-Century-Un-Des-Meilleurs-\u00c9v\u00e9ntments-De-Milano-Design-Week7-770x1027.jpeg 770w, https:\/\/delightfull.eu\/inspirations\/wp-content\/uploads\/2019\/04\/When-Breda-Meets-Mid-Century-Un-Des-Meilleurs-\u00c9v\u00e9ntments-De-Milano-Design-Week7-293x391.jpeg 293w, https:\/\/delightfull.eu\/inspirations\/wp-content\/uploads\/2019\/04\/When-Breda-Meets-Mid-Century-Un-Des-Meilleurs-\u00c9v\u00e9ntments-De-Milano-Design-Week7.jpeg 1200w\" sizes=\"(max-width: 768px) 100vw, 768px\"><\/figure>\n\n\n\n<p>Avec quelques-unes des pi\u00e8ces embl\u00e9matiques les <strong>plus classiques<\/strong> d\u2019<strong>Essential Home<\/strong> et de DelightFULL, nous en avons pr\u00e9sent\u00e9 quelques-unes tout au long de cet article.<\/p>\n\n\n\n<p>Des lampes de sol aux <strong>pi\u00e8ces de suspension<\/strong>, Breadaquaranta a \u00e9t\u00e9 d\u00e9cor\u00e9e avec une<strong> touche du milieu du si\u00e8cle<\/strong> que seuls <strong>Essential Home<\/strong> et DelightFULL peuvent offrir. <\/p>\n\n\n\n<figure class=\"wp-block-image\"><img loading=\"lazy\" decoding=\"async\" width=\"1024\" height=\"768\" src=\"https:\/\/delightfull.eu\/inspirations\/wp-content\/uploads\/2019\/04\/When-Breda-Meets-Mid-Century-Un-Des-Meilleurs-%C3%89v%C3%A9ntments-De-Milano-Design-Week8-1024x768.jpeg\" alt=\"\" class=\"wp-image-10002732\" srcset=\"https:\/\/delightfull.eu\/inspirations\/wp-content\/uploads\/2019\/04\/When-Breda-Meets-Mid-Century-Un-Des-Meilleurs-\u00c9v\u00e9ntments-De-Milano-Design-Week8-1024x768.jpeg 1024w, https:\/\/delightfull.eu\/inspirations\/wp-content\/uploads\/2019\/04\/When-Breda-Meets-Mid-Century-Un-Des-Meilleurs-\u00c9v\u00e9ntments-De-Milano-Design-Week8-300x225.jpeg 300w, https:\/\/delightfull.eu\/inspirations\/wp-content\/uploads\/2019\/04\/When-Breda-Meets-Mid-Century-Un-Des-Meilleurs-\u00c9v\u00e9ntments-De-Milano-Design-Week8-770x578.jpeg 770w, https:\/\/delightfull.eu\/inspirations\/wp-content\/uploads\/2019\/04\/When-Breda-Meets-Mid-Century-Un-Des-Meilleurs-\u00c9v\u00e9ntments-De-Milano-Design-Week8-293x220.jpeg 293w, https:\/\/delightfull.eu\/inspirations\/wp-content\/uploads\/2019\/04\/When-Breda-Meets-Mid-Century-Un-Des-Meilleurs-\u00c9v\u00e9ntments-De-Milano-Design-Week8-1400x1050.jpeg 1400w, https:\/\/delightfull.eu\/inspirations\/wp-content\/uploads\/2019\/04\/When-Breda-Meets-Mid-Century-Un-Des-Meilleurs-\u00c9v\u00e9ntments-De-Milano-Design-Week8.jpeg 1600w\" sizes=\"(max-width: 1024px) 100vw, 1024px\"><\/figure>\n\n\n\n<p>Quel \u00e9v\u00e9nement serait complet sans boires? Les invit\u00e9s se sont vus offrir un verre de liqueurs vari\u00e9es et se sont tous r\u00e9unis \u00e0 <strong>Bredaquaranta<\/strong>, transformant ainsi cet \u00e9v\u00e9nement en un rassemblement de passionn\u00e9s du <strong>milieu du si\u00e8cle<\/strong> et d\u2019amateurs de <strong>design d\u2019int\u00e9rieur.<\/strong><\/p>\n\n\n\n<figure class=\"wp-block-image is-resized\"><img decoding=\"async\" src=\"https:\/\/delightfull.eu\/inspirations\/wp-content\/uploads\/2019\/04\/When-Breda-Meets-Mid-Century-Un-Des-Meilleurs-%C3%89v%C3%A9ntments-De-Milano-Design-Week9-768x1024.jpeg\" alt=\"bredaquaranta\" class=\"wp-image-10002733\" width=\"800\" srcset=\"https:\/\/delightfull.eu\/inspirations\/wp-content\/uploads\/2019\/04\/When-Breda-Meets-Mid-Century-Un-Des-Meilleurs-\u00c9v\u00e9ntments-De-Milano-Design-Week9-768x1024.jpeg 768w, https:\/\/delightfull.eu\/inspirations\/wp-content\/uploads\/2019\/04\/When-Breda-Meets-Mid-Century-Un-Des-Meilleurs-\u00c9v\u00e9ntments-De-Milano-Design-Week9-225x300.jpeg 225w, https:\/\/delightfull.eu\/inspirations\/wp-content\/uploads\/2019\/04\/When-Breda-Meets-Mid-Century-Un-Des-Meilleurs-\u00c9v\u00e9ntments-De-Milano-Design-Week9-770x1027.jpeg 770w, https:\/\/delightfull.eu\/inspirations\/wp-content\/uploads\/2019\/04\/When-Breda-Meets-Mid-Century-Un-Des-Meilleurs-\u00c9v\u00e9ntments-De-Milano-Design-Week9-293x391.jpeg 293w, https:\/\/delightfull.eu\/inspirations\/wp-content\/uploads\/2019\/04\/When-Breda-Meets-Mid-Century-Un-Des-Meilleurs-\u00c9v\u00e9ntments-De-Milano-Design-Week9.jpeg 1200w\" sizes=\"(max-width: 768px) 100vw, 768px\"><\/figure>\n\n\n\n<p>Pouvoir apporter luxe et <strong>style convoit\u00e9 du milieu du si\u00e8cle<\/strong> dans le <strong>monde moderne<\/strong>, telle est la mission de Essential Home et DelightFULL.<\/p>\n\n\n\n<p>Lorsque <strong>Brera Meets Mid-Century <\/strong>\u00e9tait l\u2019un des meilleurs \u00e9v\u00e9nements du <strong>Salone del Milano<\/strong> et l\u2019un<strong> des meilleurs de la semaine du design de Milan.<\/strong> Un <strong>partenariat fantastique<\/strong> entre Bredaquaranta, DelightFULL et Essential Home auquel les habitants de Milan ont eu la chance de participer.<\/p>\n\n\n\n<p class=\"has-text-color has-vivid-red-color\"><strong>Lisez plus ici:\u00a0<\/strong><a rel=\"noreferrer noopener\" href=\"https:\/\/www.delightfull.eu\/inspirations\/styles\/les-meilleurs-designers-francais-presents-maison-obejt\/?utm_source=bmorais&amp;utm_medium=BlogInspirations&amp;utm_campaign=SeeAlso&amp;utm_content=France\" target=\"_blank\"><strong>Les Meilleurs Designers Fran\u00e7ais Pr\u00e9sents En Maison et Obejt 19!<\/strong><\/a><\/p>\n\n\n\n<p>Vous pouvez visiter nos conseils\u00a0<a href=\"https:\/\/www.pinterest.pt\/delightfulll\/unique-blog\/?utm_source=bmorais&amp;utm_medium=Inspirations&amp;utm_content=French\" target=\"_blank\" rel=\"noreferrer noopener\">Pinterest<\/a>\u00a0afin d\u2019obtenir plus d\u2019inspirations.\u00a0Plus d\u2019id\u00e9es pour vos projets et trouver l\u2019\u00e9clairage fonctionnel, \u00e9l\u00e9gant et appr\u00e9ciable et les choix de meubles.\u00a0Assurez-vous de t\u00e9l\u00e9charger notre livre \u00e9lectronique\u00a0<a href=\"https:\/\/www.delightfull.eu\/en\/catalogue?utm_source=bmorais&amp;utm_medium=Inspirations&amp;utm_campaign=catalogue&amp;utm_content=French\" target=\"_blank\" rel=\"noreferrer noopener\">\u00abConseils de d\u00e9coration int\u00e9rieure pour un foyer bien \u00e9clair\u00e9\u00bb!<\/a><\/p>\n\n\n\n<table class=\"wp-block-table\"><tbody><tr><td><a class=\"bannerDinamicAction\" href=\"https:\/\/www.delightfull.eu\/en\/all-products?utm_source=delightfull-inspirations&amp;utm_medium=ArticleBanner&amp;utm_campaign=DynamicBanners&amp;utm_term=310&amp;utm_content=heritage_collection\" target=\"_blank\" data-imageid=\"310\">\n    <img class=\"img-responsive\" src=\"https:\/\/www.delightfull.eu\/blog\/wp-content\/uploads\/2018\/03\/Banner-HERITAGE-2.jpg\" alt=\"heritage,collection\"><\/a><\/td><\/tr><\/tbody><\/table>\n","protected":false},"excerpt":{"rendered":"<p>Bredaquaranta est l\u2019un des showrooms les plus importants de toute l\u2019Italie. Avec son showroom principal \u00e0 Milan, Bredaquaranta est un showroom renomm\u00e9 qui pr\u00e9sente les meilleures marques de d\u00e9coration d\u2019int\u00e9rieur dans le monde de la d\u00e9coration moderne. LIRE AUSSI: Recontrer La Famille Coltrane Dans Notre Monde Mid-Century! Milano Design Week en cours et le Salone del Mobile, Bredaquaranta s\u2019est associ\u00e9 \u00e0 deux marques d\u2019architecture d\u2019int\u00e9rieur inspir\u00e9es par le milieu du si\u00e8cle, Essential Home et DelightFULL. Cet \u00e9v\u00e9nement, intitul\u00e9 When Brera [&hellip;]<\/p>\n","protected":false},"author":20,"featured_media":10002735,"comment_status":"open","ping_status":"open","sticky":false,"template":"","format":"standard","meta":{"footnotes":"","_links_to":"","_links_to_target":""},"categories":[4155,3916,4563,3915],"tags":[4522,4831,4833,4834,4114,4832],"_links":{"self":[{"href":"https:\/\/delightfull.eu\/inspirations\/wp-json\/wp\/v2\/posts\/10002723"}],"collection":[{"href":"https:\/\/delightfull.eu\/inspirations\/wp-json\/wp\/v2\/posts"}],"about":[{"href":"https:\/\/delightfull.eu\/inspirations\/wp-json\/wp\/v2\/types\/post"}],"author":[{"embeddable":true,"href":"https:\/\/delightfull.eu\/inspirations\/wp-json\/wp\/v2\/users\/20"}],"replies":[{"embeddable":true,"href":"https:\/\/delightfull.eu\/inspirations\/wp-json\/wp\/v2\/comments?post=10002723"}],"version-history":[{"count":2,"href":"https:\/\/delightfull.eu\/inspirations\/wp-json\/wp\/v2\/posts\/10002723\/revisions"}],"predecessor-version":[{"id":10002736,"href":"https:\/\/delightfull.eu\/inspirations\/wp-json\/wp\/v2\/posts\/10002723\/revisions\/10002736"}],"wp:featuredmedia":[{"embeddable":true,"href":"https:\/\/delightfull.eu\/inspirations\/wp-json\/wp\/v2\/media\/10002735"}],"wp:attachment":[{"href":"https:\/\/delightfull.eu\/inspirations\/wp-json\/wp\/v2\/media?parent=10002723"}],"wp:term":[{"taxonomy":"category","embeddable":true,"href":"https:\/\/delightfull.eu\/inspirations\/wp-json\/wp\/v2\/categories?post=10002723"},{"taxonomy":"post_tag","embeddable":true,"href":"https:\/\/delightfull.eu\/inspirations\/wp-json\/wp\/v2\/tags?post=10002723"}],"curies":[{"name":"wp","href":"https:\/\/api.w.org\/{rel}","templated":true}]}}