{"id":10003334,"date":"2019-05-09T09:29:55","date_gmt":"2019-05-09T09:29:55","guid":{"rendered":"https:\/\/delightfull.eu\/inspirations\/?p=10003334"},"modified":"2019-05-09T09:29:57","modified_gmt":"2019-05-09T09:29:57","slug":"interiorismo-de-lujo-summer-colour-trends","status":"publish","type":"post","link":"https:\/\/delightfull.eu\/inspirations\/2019\/05\/09\/interiorismo-de-lujo-summer-colour-trends\/","title":{"rendered":"Interiorismo de Lujo: Summer Colour Trends"},"content":{"rendered":"\n<p><strong><em><a href=\"https:\/\/delightfull.eu\/inspirations\/2019\/05\/02\/delightfull-moodboards-inspiracion-llena-de-colores\/?utm_source=iteixeira&amp;utm_medium=Inspiration&amp;utm_campaign=Linkstexto&amp;utm_content=Spanish\" target=\"_blank\" rel=\"noreferrer noopener\" aria-label=\"Summer Colour Trends (opens in a new tab)\">Summer Colour Trends<\/a><\/em><\/strong> para completar el interiorismo de tu casa. Nosotros queremos que tengas el mejor espacio y eso incluye nuestras ideas. <\/p>\n\n\n\n<hr class=\"wp-block-separator\">\n\n\n\n<p><strong><em>M\u00c1S INSPIRACI\u00d3N AQU\u00cd: <\/em><\/strong><a rel=\"noreferrer noopener\" aria-label=\"L\u00e1mparas Rojas Que Van Completar El Interiorismo de Tu Casa (opens in a new tab)\" href=\"https:\/\/delightfull.eu\/inspirations\/2019\/05\/07\/lamparas-rojas-que-van-completar-el-interiorismo-de-tu-casa\/?utm_source=iteixeira&amp;utm_medium=Inspiration&amp;utm_campaign=Seealso&amp;utm_content=Spanish\" target=\"_blank\">L\u00e1mparas Rojas Que Van Completar El Interiorismo de Tu Casa<\/a><\/p>\n\n\n\n<hr class=\"wp-block-separator\">\n\n\n\n<figure class=\"wp-block-image\"><a href=\"https:\/\/delightfull.eu\/inspirations\/2019\/04\/16\/delightfull-presenta-las-nuevas-lamparas-de-lujo\/?utm_source=iteixeira&amp;utm_medium=Inspiration&amp;utm_campaign=Imagem&amp;utm_content=Spanish\" target=\"_blank\" rel=\"noreferrer noopener\"><img loading=\"lazy\" decoding=\"async\" width=\"800\" height=\"800\" src=\"https:\/\/delightfull.eu\/inspirations\/wp-content\/uploads\/2019\/05\/Interiorismo-de-Lujo-Summer-Colour-Trends-2.png\" alt=\"Interiorismo de Lujo Summer Colour Trends (2)\" class=\"wp-image-10003335\" srcset=\"https:\/\/delightfull.eu\/inspirations\/wp-content\/uploads\/2019\/05\/Interiorismo-de-Lujo-Summer-Colour-Trends-2.png 800w, https:\/\/delightfull.eu\/inspirations\/wp-content\/uploads\/2019\/05\/Interiorismo-de-Lujo-Summer-Colour-Trends-2-100x100.png 100w, https:\/\/delightfull.eu\/inspirations\/wp-content\/uploads\/2019\/05\/Interiorismo-de-Lujo-Summer-Colour-Trends-2-300x300.png 300w, https:\/\/delightfull.eu\/inspirations\/wp-content\/uploads\/2019\/05\/Interiorismo-de-Lujo-Summer-Colour-Trends-2-770x770.png 770w, https:\/\/delightfull.eu\/inspirations\/wp-content\/uploads\/2019\/05\/Interiorismo-de-Lujo-Summer-Colour-Trends-2-75x75.png 75w, https:\/\/delightfull.eu\/inspirations\/wp-content\/uploads\/2019\/05\/Interiorismo-de-Lujo-Summer-Colour-Trends-2-293x293.png 293w, https:\/\/delightfull.eu\/inspirations\/wp-content\/uploads\/2019\/05\/Interiorismo-de-Lujo-Summer-Colour-Trends-2-390x390.png 390w, https:\/\/delightfull.eu\/inspirations\/wp-content\/uploads\/2019\/05\/Interiorismo-de-Lujo-Summer-Colour-Trends-2-585x585.png 585w\" sizes=\"(max-width: 800px) 100vw, 800px\"><\/a><\/figure>\n\n\n\n<p>Sean bienvenidos a una casa llena de <a href=\"https:\/\/delightfull.eu\/inspirations\/2019\/05\/02\/delightfull-moodboards-inspiracion-llena-de-colores\/?utm_source=iteixeira&amp;utm_medium=Inspiration&amp;utm_campaign=Linkstexto&amp;utm_content=Spanish\" target=\"_blank\" rel=\"noreferrer noopener\" aria-label=\"Summer Colour Trends (opens in a new tab)\">Summer Colour Trends<\/a>. El verano est\u00e1 casi aqu\u00ed y llegando podr\u00e1s pensar en una decoraci\u00f3n inspirada en el. \u00bfQu\u00e9 tal te parece?<\/p>\n\n\n\n<a class=\"bannerDinamicAction\" href=\"https:\/\/essentialhome.eu\/landing\/download-catalogue?utm_source=delightfull-inspirations&amp;utm_medium=dynamicbanner-articlebanner&amp;utm_campaign=catalogue&amp;utm_term=1863&amp;utm_content=essentialhomecatalogue\" target=\"_blank\" data-imageid=\"1863\">\n    <img class=\"img-responsive\" src=\"https:\/\/www.delightfull.eu\/banners_impact\/articlebanner\/WhatsApp-Image-2020-01-22-at-09.47.06.jpeg\" alt=\"Essential Home Catalogue\"><\/a>\n\n\n\n<figure class=\"wp-block-image\"><a href=\"https:\/\/delightfull.eu\/inspirations\/2019\/04\/16\/delightfull-presenta-las-nuevas-lamparas-de-lujo\/?utm_source=iteixeira&amp;utm_medium=Inspiration&amp;utm_campaign=Imagem&amp;utm_content=Spanish\" target=\"_blank\" rel=\"noreferrer noopener\"><img loading=\"lazy\" decoding=\"async\" width=\"800\" height=\"800\" src=\"https:\/\/delightfull.eu\/inspirations\/wp-content\/uploads\/2019\/05\/Interiorismo-de-Lujo-Summer-Colour-Trends-3.png\" alt=\"Interiorismo de Lujo Summer Colour Trends (3)\" class=\"wp-image-10003336\" srcset=\"https:\/\/delightfull.eu\/inspirations\/wp-content\/uploads\/2019\/05\/Interiorismo-de-Lujo-Summer-Colour-Trends-3.png 800w, https:\/\/delightfull.eu\/inspirations\/wp-content\/uploads\/2019\/05\/Interiorismo-de-Lujo-Summer-Colour-Trends-3-100x100.png 100w, https:\/\/delightfull.eu\/inspirations\/wp-content\/uploads\/2019\/05\/Interiorismo-de-Lujo-Summer-Colour-Trends-3-300x300.png 300w, https:\/\/delightfull.eu\/inspirations\/wp-content\/uploads\/2019\/05\/Interiorismo-de-Lujo-Summer-Colour-Trends-3-770x770.png 770w, https:\/\/delightfull.eu\/inspirations\/wp-content\/uploads\/2019\/05\/Interiorismo-de-Lujo-Summer-Colour-Trends-3-75x75.png 75w, https:\/\/delightfull.eu\/inspirations\/wp-content\/uploads\/2019\/05\/Interiorismo-de-Lujo-Summer-Colour-Trends-3-293x293.png 293w, https:\/\/delightfull.eu\/inspirations\/wp-content\/uploads\/2019\/05\/Interiorismo-de-Lujo-Summer-Colour-Trends-3-390x390.png 390w, https:\/\/delightfull.eu\/inspirations\/wp-content\/uploads\/2019\/05\/Interiorismo-de-Lujo-Summer-Colour-Trends-3-585x585.png 585w\" sizes=\"(max-width: 800px) 100vw, 800px\"><\/a><\/figure>\n\n\n\n<p>El mar es sin duda la mayor inspiraci\u00f3n cuando hablamos del verano. Si este es el caso, invita a tua fam\u00edlia para un d\u00eda de playa y despu\u00e9s una cena especial. <\/p>\n\n\n\n<figure class=\"wp-block-image\"><a href=\"https:\/\/delightfull.eu\/inspirations\/2019\/04\/16\/delightfull-presenta-las-nuevas-lamparas-de-lujo\/?utm_source=iteixeira&amp;utm_medium=Inspiration&amp;utm_campaign=Imagem&amp;utm_content=Spanish\" target=\"_blank\" rel=\"noreferrer noopener\"><img loading=\"lazy\" decoding=\"async\" width=\"800\" height=\"800\" src=\"https:\/\/delightfull.eu\/inspirations\/wp-content\/uploads\/2019\/05\/Interiorismo-de-Lujo-Summer-Colour-Trends-4.png\" alt=\"Interiorismo de Lujo Summer Colour Trends (4)\" class=\"wp-image-10003337\" srcset=\"https:\/\/delightfull.eu\/inspirations\/wp-content\/uploads\/2019\/05\/Interiorismo-de-Lujo-Summer-Colour-Trends-4.png 800w, https:\/\/delightfull.eu\/inspirations\/wp-content\/uploads\/2019\/05\/Interiorismo-de-Lujo-Summer-Colour-Trends-4-100x100.png 100w, https:\/\/delightfull.eu\/inspirations\/wp-content\/uploads\/2019\/05\/Interiorismo-de-Lujo-Summer-Colour-Trends-4-300x300.png 300w, https:\/\/delightfull.eu\/inspirations\/wp-content\/uploads\/2019\/05\/Interiorismo-de-Lujo-Summer-Colour-Trends-4-770x770.png 770w, https:\/\/delightfull.eu\/inspirations\/wp-content\/uploads\/2019\/05\/Interiorismo-de-Lujo-Summer-Colour-Trends-4-75x75.png 75w, https:\/\/delightfull.eu\/inspirations\/wp-content\/uploads\/2019\/05\/Interiorismo-de-Lujo-Summer-Colour-Trends-4-293x293.png 293w, https:\/\/delightfull.eu\/inspirations\/wp-content\/uploads\/2019\/05\/Interiorismo-de-Lujo-Summer-Colour-Trends-4-390x390.png 390w, https:\/\/delightfull.eu\/inspirations\/wp-content\/uploads\/2019\/05\/Interiorismo-de-Lujo-Summer-Colour-Trends-4-585x585.png 585w\" sizes=\"(max-width: 800px) 100vw, 800px\"><\/a><\/figure>\n\n\n\n<p>Una sala de estar con colores claros como blanco invita a un d\u00eda incre\u00edble. Busca esto color pues va hacer toda la diferencia. Summer Colour Trends est\u00e1n aqu\u00ed para completar el interiorismo de tu casa. <\/p>\n\n\n\n<figure class=\"wp-block-image\"><a href=\"https:\/\/delightfull.eu\/inspirations\/2019\/04\/16\/delightfull-presenta-las-nuevas-lamparas-de-lujo\/?utm_source=iteixeira&amp;utm_medium=Inspiration&amp;utm_campaign=Imagem&amp;utm_content=Spanish\" target=\"_blank\" rel=\"noreferrer noopener\"><img loading=\"lazy\" decoding=\"async\" width=\"800\" height=\"800\" src=\"https:\/\/delightfull.eu\/inspirations\/wp-content\/uploads\/2019\/05\/Interiorismo-de-Lujo-Summer-Colour-Trends-5.png\" alt=\"Interiorismo de Lujo Summer Colour Trends (5)\" class=\"wp-image-10003338\" srcset=\"https:\/\/delightfull.eu\/inspirations\/wp-content\/uploads\/2019\/05\/Interiorismo-de-Lujo-Summer-Colour-Trends-5.png 800w, https:\/\/delightfull.eu\/inspirations\/wp-content\/uploads\/2019\/05\/Interiorismo-de-Lujo-Summer-Colour-Trends-5-100x100.png 100w, https:\/\/delightfull.eu\/inspirations\/wp-content\/uploads\/2019\/05\/Interiorismo-de-Lujo-Summer-Colour-Trends-5-300x300.png 300w, https:\/\/delightfull.eu\/inspirations\/wp-content\/uploads\/2019\/05\/Interiorismo-de-Lujo-Summer-Colour-Trends-5-770x770.png 770w, https:\/\/delightfull.eu\/inspirations\/wp-content\/uploads\/2019\/05\/Interiorismo-de-Lujo-Summer-Colour-Trends-5-75x75.png 75w, https:\/\/delightfull.eu\/inspirations\/wp-content\/uploads\/2019\/05\/Interiorismo-de-Lujo-Summer-Colour-Trends-5-293x293.png 293w, https:\/\/delightfull.eu\/inspirations\/wp-content\/uploads\/2019\/05\/Interiorismo-de-Lujo-Summer-Colour-Trends-5-390x390.png 390w, https:\/\/delightfull.eu\/inspirations\/wp-content\/uploads\/2019\/05\/Interiorismo-de-Lujo-Summer-Colour-Trends-5-585x585.png 585w\" sizes=\"(max-width: 800px) 100vw, 800px\"><\/a><\/figure>\n\n\n\n<p>Interiorismo de Lujo tambi\u00e9n significa simplicidad, significa todo lo que quieras. <\/p>\n\n\n\n<a class=\"bannerDinamicAction\" href=\"https:\/\/www.delightfull.eu\/en\/heritage\/suspension\/carter-pendant?utm_source=delightfull-inspirations&amp;utm_medium=dynamicbanner-articlebanner&amp;utm_campaign=newproducts&amp;utm_term=1954&amp;utm_content=carterpendantdl\" target=\"_blank\" data-imageid=\"1954\">\n    <img class=\"img-responsive\" src=\"https:\/\/www.delightfull.eu\/banners_impact\/articlebanner\/Article%20Banner%20-%20Carte%20Pendant%20DL.gif\" alt=\"DL New Product\"><\/a>\n\n\n\n<figure class=\"wp-block-image\"><a href=\"https:\/\/delightfull.eu\/inspirations\/2019\/04\/16\/delightfull-presenta-las-nuevas-lamparas-de-lujo\/?utm_source=iteixeira&amp;utm_medium=Inspiration&amp;utm_campaign=Imagem&amp;utm_content=Spanish\" target=\"_blank\" rel=\"noreferrer noopener\"><img loading=\"lazy\" decoding=\"async\" width=\"800\" height=\"800\" src=\"https:\/\/delightfull.eu\/inspirations\/wp-content\/uploads\/2019\/05\/Interiorismo-de-Lujo-Summer-Colour-Trends-6.png\" alt=\"Interiorismo de Lujo Summer Colour Trends (6)\" class=\"wp-image-10003339\" srcset=\"https:\/\/delightfull.eu\/inspirations\/wp-content\/uploads\/2019\/05\/Interiorismo-de-Lujo-Summer-Colour-Trends-6.png 800w, https:\/\/delightfull.eu\/inspirations\/wp-content\/uploads\/2019\/05\/Interiorismo-de-Lujo-Summer-Colour-Trends-6-100x100.png 100w, https:\/\/delightfull.eu\/inspirations\/wp-content\/uploads\/2019\/05\/Interiorismo-de-Lujo-Summer-Colour-Trends-6-300x300.png 300w, https:\/\/delightfull.eu\/inspirations\/wp-content\/uploads\/2019\/05\/Interiorismo-de-Lujo-Summer-Colour-Trends-6-770x770.png 770w, https:\/\/delightfull.eu\/inspirations\/wp-content\/uploads\/2019\/05\/Interiorismo-de-Lujo-Summer-Colour-Trends-6-75x75.png 75w, https:\/\/delightfull.eu\/inspirations\/wp-content\/uploads\/2019\/05\/Interiorismo-de-Lujo-Summer-Colour-Trends-6-293x293.png 293w, https:\/\/delightfull.eu\/inspirations\/wp-content\/uploads\/2019\/05\/Interiorismo-de-Lujo-Summer-Colour-Trends-6-390x390.png 390w, https:\/\/delightfull.eu\/inspirations\/wp-content\/uploads\/2019\/05\/Interiorismo-de-Lujo-Summer-Colour-Trends-6-585x585.png 585w\" sizes=\"(max-width: 800px) 100vw, 800px\"><\/a><\/figure>\n\n\n\n<p style=\"text-align:center\"><em><strong>Summer Colour Trends<\/strong><\/em><\/p>\n\n\n\n<figure class=\"wp-block-image\"><a href=\"https:\/\/delightfull.eu\/inspirations\/2019\/04\/16\/delightfull-presenta-las-nuevas-lamparas-de-lujo\/?utm_source=iteixeira&amp;utm_medium=Inspiration&amp;utm_campaign=Imagem&amp;utm_content=Spanish\" target=\"_blank\" rel=\"noreferrer noopener\"><img loading=\"lazy\" decoding=\"async\" width=\"800\" height=\"800\" src=\"https:\/\/delightfull.eu\/inspirations\/wp-content\/uploads\/2019\/05\/Interiorismo-de-Lujo-Summer-Colour-Trends-7.png\" alt=\"Interiorismo de Lujo Summer Colour Trends (7)\" class=\"wp-image-10003340\" srcset=\"https:\/\/delightfull.eu\/inspirations\/wp-content\/uploads\/2019\/05\/Interiorismo-de-Lujo-Summer-Colour-Trends-7.png 800w, https:\/\/delightfull.eu\/inspirations\/wp-content\/uploads\/2019\/05\/Interiorismo-de-Lujo-Summer-Colour-Trends-7-100x100.png 100w, https:\/\/delightfull.eu\/inspirations\/wp-content\/uploads\/2019\/05\/Interiorismo-de-Lujo-Summer-Colour-Trends-7-300x300.png 300w, https:\/\/delightfull.eu\/inspirations\/wp-content\/uploads\/2019\/05\/Interiorismo-de-Lujo-Summer-Colour-Trends-7-770x770.png 770w, https:\/\/delightfull.eu\/inspirations\/wp-content\/uploads\/2019\/05\/Interiorismo-de-Lujo-Summer-Colour-Trends-7-75x75.png 75w, https:\/\/delightfull.eu\/inspirations\/wp-content\/uploads\/2019\/05\/Interiorismo-de-Lujo-Summer-Colour-Trends-7-293x293.png 293w, https:\/\/delightfull.eu\/inspirations\/wp-content\/uploads\/2019\/05\/Interiorismo-de-Lujo-Summer-Colour-Trends-7-390x390.png 390w, https:\/\/delightfull.eu\/inspirations\/wp-content\/uploads\/2019\/05\/Interiorismo-de-Lujo-Summer-Colour-Trends-7-585x585.png 585w\" sizes=\"(max-width: 800px) 100vw, 800px\"><\/a><\/figure>\n\n\n\n<p>Una vez m\u00e1s y para terminar nuestro <strong><em>Summer Colour Trends<\/em><\/strong>, una cocina onde podr\u00e1s preparar todo. <\/p>\n\n\n\n<hr class=\"wp-block-separator\">\n\n\n\n<p><strong><em>DESCUBRE M\u00c1S AQU\u00cd: <\/em><\/strong><a rel=\"noreferrer noopener\" aria-label=\"DelightFULL Moodboards: Inspiraci\u00f3n Llena De Colores (opens in a new tab)\" href=\"https:\/\/delightfull.eu\/inspirations\/2019\/05\/02\/delightfull-moodboards-inspiracion-llena-de-colores\/?utm_source=iteixeira&amp;utm_medium=Inspiration&amp;utm_campaign=Seealso&amp;utm_content=Spanish\" target=\"_blank\">DelightFULL Moodboards: Inspiraci\u00f3n Llena De Colores<\/a><\/p>\n\n\n\n<hr class=\"wp-block-separator\">\n\n\n\n<p>\n\nPuedes visitar nuestras im\u00e1genes que est\u00e1n en\u00a0<a rel=\"noreferrer noopener\" href=\"https:\/\/www.pinterest.pt\/delightfulll\/unique-blog\/#utm_source=abernardo&amp;utm_medium=BlogI&amp;utm_campaign=LinksTexto\" target=\"_blank\">Pinterest<\/a>, as\u00ed puedes ver m\u00e1s inspiraciones. Tambi\u00e9n puedes obtener m\u00e1s ideas para tus proyectos de trabajo y encontrar una variedad de l\u00e1mparas llenas de estilo. Asegura tu download de nuestro\u00a0 \u2018<a href=\"http:\/\/www.delightfull.eu\/landing-page\/ebooks\/?utm_source=abernardo&amp;utm_medium=BlogUnique&amp;utm_campaign=LinksTexto\">Interior Design Tips for a Well-Lit Home<\/a>\u2018 eBook!\n\n<\/p>\n\n\n\n<a class=\"bannerDinamicAction\" href=\"https:\/\/www.delightfull.eu\/en\/graphic-lamps?utm_source=delightfull-inspirations&amp;utm_medium=dynamicbanner-articlebanner&amp;utm_campaign=product&amp;utm_term=311&amp;utm_content=graphiccollection\" target=\"_blank\" data-imageid=\"311\">\n    <img class=\"img-responsive\" src=\"https:\/\/www.delightfull.eu\/banners_impact\/articlebanner\/DLgraphic.jpg\" alt=\"Graphic Collection\"><\/a>\n","protected":false},"excerpt":{"rendered":"<p>Summer Colour Trends para completar el interiorismo de tu casa. Nosotros queremos que tengas el mejor espacio y eso incluye nuestras ideas. M\u00c1S INSPIRACI\u00d3N AQU\u00cd: L\u00e1mparas Rojas Que Van Completar El Interiorismo de Tu Casa Sean bienvenidos a una casa llena de Summer Colour Trends. El verano est\u00e1 casi aqu\u00ed y llegando podr\u00e1s pensar en una decoraci\u00f3n inspirada en el. \u00bfQu\u00e9 tal te parece? El mar es sin duda la mayor inspiraci\u00f3n cuando hablamos del verano. Si este es el [&hellip;]<\/p>\n","protected":false},"author":20,"featured_media":10003341,"comment_status":"open","ping_status":"open","sticky":false,"template":"","format":"standard","meta":{"footnotes":"","_links_to":"","_links_to_target":""},"categories":[3919],"tags":[321,4587,4094,4340,4944],"_links":{"self":[{"href":"https:\/\/delightfull.eu\/inspirations\/wp-json\/wp\/v2\/posts\/10003334"}],"collection":[{"href":"https:\/\/delightfull.eu\/inspirations\/wp-json\/wp\/v2\/posts"}],"about":[{"href":"https:\/\/delightfull.eu\/inspirations\/wp-json\/wp\/v2\/types\/post"}],"author":[{"embeddable":true,"href":"https:\/\/delightfull.eu\/inspirations\/wp-json\/wp\/v2\/users\/20"}],"replies":[{"embeddable":true,"href":"https:\/\/delightfull.eu\/inspirations\/wp-json\/wp\/v2\/comments?post=10003334"}],"version-history":[{"count":2,"href":"https:\/\/delightfull.eu\/inspirations\/wp-json\/wp\/v2\/posts\/10003334\/revisions"}],"predecessor-version":[{"id":10003344,"href":"https:\/\/delightfull.eu\/inspirations\/wp-json\/wp\/v2\/posts\/10003334\/revisions\/10003344"}],"wp:featuredmedia":[{"embeddable":true,"href":"https:\/\/delightfull.eu\/inspirations\/wp-json\/wp\/v2\/media\/10003341"}],"wp:attachment":[{"href":"https:\/\/delightfull.eu\/inspirations\/wp-json\/wp\/v2\/media?parent=10003334"}],"wp:term":[{"taxonomy":"category","embeddable":true,"href":"https:\/\/delightfull.eu\/inspirations\/wp-json\/wp\/v2\/categories?post=10003334"},{"taxonomy":"post_tag","embeddable":true,"href":"https:\/\/delightfull.eu\/inspirations\/wp-json\/wp\/v2\/tags?post=10003334"}],"curies":[{"name":"wp","href":"https:\/\/api.w.org\/{rel}","templated":true}]}}