{"id":10003735,"date":"2019-05-22T16:45:11","date_gmt":"2019-05-22T16:45:11","guid":{"rendered":"https:\/\/delightfull.eu\/inspirations\/?p=10003735"},"modified":"2019-05-22T16:45:14","modified_gmt":"2019-05-22T16:45:14","slug":"decorez-votre-salle-de-bains-avec-ces-deux-produits-de-luxe","status":"publish","type":"post","link":"https:\/\/delightfull.eu\/inspirations\/2019\/05\/22\/decorez-votre-salle-de-bains-avec-ces-deux-produits-de-luxe\/","title":{"rendered":"D\u00e9corez Votre Salle De Bains Avec Ces Deux Produits De Luxe!"},"content":{"rendered":"\n<p>Aujourd\u2019hui nous avons pr\u00e9senter une  <br><strong>d\u00e9coration de luxe<\/strong>  et tr\u00e8s convoit\u00e9 pour vous. Deux produits de luxe pour votre salle de bains. D\u00e9corez votre salle de bains avec ces deux produits, meuble de Maison Valentina et une applique murale de DelightFULL.<\/p>\n\n\n\n<hr class=\"wp-block-separator\">\n\n\n\n<figure class=\"wp-block-image is-resized\"><a href=\"https:\/\/www.maisonvalentina.net\/en\/products\/washbasins\/petra-washbasin?utm_source=bmorais&amp;utm_medium=BlogInspirations&amp;utm_campaign=DL&amp;utm_content=artigocross\" target=\"_blank\" rel=\"noreferrer noopener\"><img decoding=\"async\" src=\"https:\/\/delightfull.eu\/inspirations\/wp-content\/uploads\/2019\/05\/D%C3%A9corez-Votre-Salle-De-Bains-Avec-Ces-Deux-Produits-De-Luxe1-1024x683.jpg\" alt=\"\" class=\"wp-image-10003741\" width=\"800\" srcset=\"https:\/\/delightfull.eu\/inspirations\/wp-content\/uploads\/2019\/05\/D\u00e9corez-Votre-Salle-De-Bains-Avec-Ces-Deux-Produits-De-Luxe1-1024x683.jpg 1024w, https:\/\/delightfull.eu\/inspirations\/wp-content\/uploads\/2019\/05\/D\u00e9corez-Votre-Salle-De-Bains-Avec-Ces-Deux-Produits-De-Luxe1-300x200.jpg 300w, https:\/\/delightfull.eu\/inspirations\/wp-content\/uploads\/2019\/05\/D\u00e9corez-Votre-Salle-De-Bains-Avec-Ces-Deux-Produits-De-Luxe1-770x513.jpg 770w, https:\/\/delightfull.eu\/inspirations\/wp-content\/uploads\/2019\/05\/D\u00e9corez-Votre-Salle-De-Bains-Avec-Ces-Deux-Produits-De-Luxe1-370x247.jpg 370w, https:\/\/delightfull.eu\/inspirations\/wp-content\/uploads\/2019\/05\/D\u00e9corez-Votre-Salle-De-Bains-Avec-Ces-Deux-Produits-De-Luxe1-1155x770.jpg 1155w, https:\/\/delightfull.eu\/inspirations\/wp-content\/uploads\/2019\/05\/D\u00e9corez-Votre-Salle-De-Bains-Avec-Ces-Deux-Produits-De-Luxe1-293x195.jpg 293w, https:\/\/delightfull.eu\/inspirations\/wp-content\/uploads\/2019\/05\/D\u00e9corez-Votre-Salle-De-Bains-Avec-Ces-Deux-Produits-De-Luxe1-1400x933.jpg 1400w\" sizes=\"(max-width: 1024px) 100vw, 1024px\"><\/a><\/figure>\n\n\n\n<p>Le lavabo Petra est un<strong> meuble de luxe<\/strong> de Maison Valentina. Inspir\u00e9e dans la ville Petra, ce meuble de salle de bains porte un design classique et contemporaine.<\/p>\n\n\n\n<table class=\"wp-block-table\"><tbody><tr><td>\n<a class=\"bannerDinamicAction\" href=\"https:\/\/www.delightfull.eu\/en\/all-products?utm_source=delightfull-inspirations&amp;utm_medium=ArticleBanner&amp;utm_campaign=DynamicBanners&amp;utm_term=310&amp;utm_content=heritage_collection\" target=\"_blank\" data-imageid=\"310\">\n    <img class=\"img-responsive\" src=\"https:\/\/www.delightfull.eu\/blog\/wp-content\/uploads\/2018\/03\/Banner-HERITAGE-2.jpg\" alt=\"heritage,collection\"><\/a><br>\n<\/td><\/tr><\/tbody><\/table>\n\n\n\n<figure class=\"wp-block-image is-resized\"><a href=\"https:\/\/www.maisonvalentina.net\/en\/products\/washbasins\/petra-washbasin?utm_source=bmorais&amp;utm_medium=BlogInspirations&amp;utm_campaign=DL&amp;utm_content=artigocross\" target=\"_blank\" rel=\"noreferrer noopener\"><img decoding=\"async\" src=\"https:\/\/delightfull.eu\/inspirations\/wp-content\/uploads\/2019\/05\/D%C3%A9corez-Votre-Salle-De-Bains-Avec-Ces-Deux-Produits-De-Luxe2-1024x683.jpg\" alt=\"\" class=\"wp-image-10003742\" width=\"800\" srcset=\"https:\/\/delightfull.eu\/inspirations\/wp-content\/uploads\/2019\/05\/D\u00e9corez-Votre-Salle-De-Bains-Avec-Ces-Deux-Produits-De-Luxe2-1024x683.jpg 1024w, https:\/\/delightfull.eu\/inspirations\/wp-content\/uploads\/2019\/05\/D\u00e9corez-Votre-Salle-De-Bains-Avec-Ces-Deux-Produits-De-Luxe2-300x200.jpg 300w, https:\/\/delightfull.eu\/inspirations\/wp-content\/uploads\/2019\/05\/D\u00e9corez-Votre-Salle-De-Bains-Avec-Ces-Deux-Produits-De-Luxe2-770x513.jpg 770w, https:\/\/delightfull.eu\/inspirations\/wp-content\/uploads\/2019\/05\/D\u00e9corez-Votre-Salle-De-Bains-Avec-Ces-Deux-Produits-De-Luxe2-370x247.jpg 370w, https:\/\/delightfull.eu\/inspirations\/wp-content\/uploads\/2019\/05\/D\u00e9corez-Votre-Salle-De-Bains-Avec-Ces-Deux-Produits-De-Luxe2-1155x770.jpg 1155w, https:\/\/delightfull.eu\/inspirations\/wp-content\/uploads\/2019\/05\/D\u00e9corez-Votre-Salle-De-Bains-Avec-Ces-Deux-Produits-De-Luxe2-293x195.jpg 293w, https:\/\/delightfull.eu\/inspirations\/wp-content\/uploads\/2019\/05\/D\u00e9corez-Votre-Salle-De-Bains-Avec-Ces-Deux-Produits-De-Luxe2-1400x933.jpg 1400w\" sizes=\"(max-width: 1024px) 100vw, 1024px\"><\/a><\/figure>\n\n\n\n<figure class=\"wp-block-image is-resized\"><a href=\"https:\/\/www.maisonvalentina.net\/en\/products\/washbasins\/petra-washbasin?utm_source=bmorais&amp;utm_medium=BlogInspirations&amp;utm_campaign=DL&amp;utm_content=artigocross\" target=\"_blank\" rel=\"noreferrer noopener\"><img decoding=\"async\" src=\"https:\/\/delightfull.eu\/inspirations\/wp-content\/uploads\/2019\/05\/D%C3%A9corez-Votre-Salle-De-Bains-Avec-Ces-Deux-Produits-De-Luxe3-682x1024.jpg\" alt=\"\" class=\"wp-image-10003743\" width=\"800\" srcset=\"https:\/\/delightfull.eu\/inspirations\/wp-content\/uploads\/2019\/05\/D\u00e9corez-Votre-Salle-De-Bains-Avec-Ces-Deux-Produits-De-Luxe3-682x1024.jpg 682w, https:\/\/delightfull.eu\/inspirations\/wp-content\/uploads\/2019\/05\/D\u00e9corez-Votre-Salle-De-Bains-Avec-Ces-Deux-Produits-De-Luxe3-200x300.jpg 200w, https:\/\/delightfull.eu\/inspirations\/wp-content\/uploads\/2019\/05\/D\u00e9corez-Votre-Salle-De-Bains-Avec-Ces-Deux-Produits-De-Luxe3-770x1156.jpg 770w, https:\/\/delightfull.eu\/inspirations\/wp-content\/uploads\/2019\/05\/D\u00e9corez-Votre-Salle-De-Bains-Avec-Ces-Deux-Produits-De-Luxe3-293x440.jpg 293w, https:\/\/delightfull.eu\/inspirations\/wp-content\/uploads\/2019\/05\/D\u00e9corez-Votre-Salle-De-Bains-Avec-Ces-Deux-Produits-De-Luxe3-1400x2103.jpg 1400w\" sizes=\"(max-width: 682px) 100vw, 682px\"><\/a><\/figure>\n\n\n\n<p>Chaque d\u00e9tail de Petra est unique et luxueuse.<\/p>\n\n\n\n<figure class=\"wp-block-image is-resized\"><a href=\"https:\/\/www.maisonvalentina.net\/en\/products\/washbasins\/petra-washbasin?utm_source=bmorais&amp;utm_medium=BlogInspirations&amp;utm_campaign=DL&amp;utm_content=artigocross\" target=\"_blank\" rel=\"noreferrer noopener\"><img decoding=\"async\" src=\"https:\/\/delightfull.eu\/inspirations\/wp-content\/uploads\/2019\/05\/D%C3%A9corez-Votre-Salle-De-Bains-Avec-Ces-Deux-Produits-De-Luxe4-1-697x1024.jpg\" alt=\"\" class=\"wp-image-10003746\" width=\"800\" srcset=\"https:\/\/delightfull.eu\/inspirations\/wp-content\/uploads\/2019\/05\/D\u00e9corez-Votre-Salle-De-Bains-Avec-Ces-Deux-Produits-De-Luxe4-1-697x1024.jpg 697w, https:\/\/delightfull.eu\/inspirations\/wp-content\/uploads\/2019\/05\/D\u00e9corez-Votre-Salle-De-Bains-Avec-Ces-Deux-Produits-De-Luxe4-1-204x300.jpg 204w, https:\/\/delightfull.eu\/inspirations\/wp-content\/uploads\/2019\/05\/D\u00e9corez-Votre-Salle-De-Bains-Avec-Ces-Deux-Produits-De-Luxe4-1-770x1131.jpg 770w, https:\/\/delightfull.eu\/inspirations\/wp-content\/uploads\/2019\/05\/D\u00e9corez-Votre-Salle-De-Bains-Avec-Ces-Deux-Produits-De-Luxe4-1-293x430.jpg 293w, https:\/\/delightfull.eu\/inspirations\/wp-content\/uploads\/2019\/05\/D\u00e9corez-Votre-Salle-De-Bains-Avec-Ces-Deux-Produits-De-Luxe4-1-1400x2056.jpg 1400w\" sizes=\"(max-width: 697px) 100vw, 697px\"><\/a><\/figure>\n\n\n\n<p>Une lavabo de salle de bains n\u00e9cessite d\u2019une apllique comme l\u2019applique murale Brubeck. Deux produits de luxe qui cr\u00e9ent une effet de luxe \u00e0 votre salle de bains.<\/p>\n\n\n\n<p class=\"has-medium-font-size\">Applique Murale Brubeck<\/p>\n\n\n\n<figure class=\"wp-block-image is-resized\"><a href=\"https:\/\/www.delightfull.eu\/en\/heritage\/wall?utm_source=bmorais&amp;utm_medium=BlogInspirations&amp;utm_campaign=DL&amp;utm_content=artigocross\" target=\"_blank\" rel=\"noreferrer noopener\"><img decoding=\"async\" src=\"https:\/\/delightfull.eu\/inspirations\/wp-content\/uploads\/2019\/05\/D%C3%A9corez-Votre-Salle-De-Bains-Avec-Ces-Deux-Produits-De-Luxe5-768x1024.jpg\" alt=\"\" class=\"wp-image-10003747\" width=\"800\" srcset=\"https:\/\/delightfull.eu\/inspirations\/wp-content\/uploads\/2019\/05\/D\u00e9corez-Votre-Salle-De-Bains-Avec-Ces-Deux-Produits-De-Luxe5-768x1024.jpg 768w, https:\/\/delightfull.eu\/inspirations\/wp-content\/uploads\/2019\/05\/D\u00e9corez-Votre-Salle-De-Bains-Avec-Ces-Deux-Produits-De-Luxe5-225x300.jpg 225w, https:\/\/delightfull.eu\/inspirations\/wp-content\/uploads\/2019\/05\/D\u00e9corez-Votre-Salle-De-Bains-Avec-Ces-Deux-Produits-De-Luxe5-770x1027.jpg 770w, https:\/\/delightfull.eu\/inspirations\/wp-content\/uploads\/2019\/05\/D\u00e9corez-Votre-Salle-De-Bains-Avec-Ces-Deux-Produits-De-Luxe5-293x391.jpg 293w, https:\/\/delightfull.eu\/inspirations\/wp-content\/uploads\/2019\/05\/D\u00e9corez-Votre-Salle-De-Bains-Avec-Ces-Deux-Produits-De-Luxe5.jpg 1080w\" sizes=\"(max-width: 768px) 100vw, 768px\"><\/a><\/figure>\n\n\n\n<p>Un <strong>produit d\u2019\u00e9clairage <\/strong>profond\u00e9ment enracin\u00e9e \u00e0 Los Angeles, au milieu du si\u00e8cle. Inspir\u00e9e par le grand Dave Brubeck, la collection Brubeck est l\u2019une des collections les plus uniques et les plus r\u00e9ussies de DelightFULL.<\/p>\n\n\n\n<figure class=\"wp-block-image\"><img loading=\"lazy\" decoding=\"async\" width=\"683\" height=\"1024\" src=\"https:\/\/delightfull.eu\/inspirations\/wp-content\/uploads\/2019\/05\/D%C3%A9corez-Votre-Salle-De-Bains-Avec-Ces-Deux-Produits-De-Luxe6-683x1024.jpg\" alt=\"\" class=\"wp-image-10003748\" srcset=\"https:\/\/delightfull.eu\/inspirations\/wp-content\/uploads\/2019\/05\/D\u00e9corez-Votre-Salle-De-Bains-Avec-Ces-Deux-Produits-De-Luxe6-683x1024.jpg 683w, https:\/\/delightfull.eu\/inspirations\/wp-content\/uploads\/2019\/05\/D\u00e9corez-Votre-Salle-De-Bains-Avec-Ces-Deux-Produits-De-Luxe6-200x300.jpg 200w, https:\/\/delightfull.eu\/inspirations\/wp-content\/uploads\/2019\/05\/D\u00e9corez-Votre-Salle-De-Bains-Avec-Ces-Deux-Produits-De-Luxe6-770x1155.jpg 770w, https:\/\/delightfull.eu\/inspirations\/wp-content\/uploads\/2019\/05\/D\u00e9corez-Votre-Salle-De-Bains-Avec-Ces-Deux-Produits-De-Luxe6-293x440.jpg 293w, https:\/\/delightfull.eu\/inspirations\/wp-content\/uploads\/2019\/05\/D\u00e9corez-Votre-Salle-De-Bains-Avec-Ces-Deux-Produits-De-Luxe6.jpg 1080w\" sizes=\"(max-width: 683px) 100vw, 683px\"><\/figure>\n\n\n\n<p>Applique murale enti\u00e8rement en laiton, faite \u00e0 la main et personnalisable, comprenant une s\u00e9rie de tubes soud\u00e9s ensemble \u00e0 la main. Ce <strong>luminaire mural<\/strong> est parfait pour toutes les salles \u00e0 manger et salons qui recherchent ce meuble de luxe suppl\u00e9mentaire. Brubeck est \u00e9galement un produit tr\u00e8s populaire sur le march\u00e9 de l\u2019h\u00f4tellerie et est \u00e9galement disponible en tant que lampe \u00e0 contrat.<\/p>\n\n\n\n<p>Nous esp\u00e9rons qui vous aimer notre article de <strong><em>salle de bains de luxe<\/em><\/strong>!<\/p>\n\n\n\n<hr class=\"wp-block-separator\">\n\n\n\n<p class=\"has-text-color has-vivid-red-color\"><strong>Lisez plus ici:\u00a0<\/strong><a rel=\"noreferrer noopener\" href=\"https:\/\/www.delightfull.eu\/inspirations\/styles\/les-meilleurs-designers-francais-presents-maison-obejt\/?utm_source=bmorais&amp;utm_medium=BlogInspirations&amp;utm_campaign=SeeAlso&amp;utm_content=France\" target=\"_blank\"><strong>Les Meilleurs Designers Fran\u00e7ais Pr\u00e9sents En Maison et Obejt 19!<\/strong><\/a><\/p>\n\n\n\n<hr class=\"wp-block-separator\">\n\n\n\n<p>Vous pouvez visiter nos conseils\u00a0<a href=\"https:\/\/www.pinterest.pt\/delightfulll\/unique-blog\/?utm_source=bmorais&amp;utm_medium=Inspirations&amp;utm_content=French\" target=\"_blank\" rel=\"noreferrer noopener\">Pinterest<\/a>\u00a0afin d\u2019obtenir plus d\u2019inspirations.\u00a0Plus d\u2019id\u00e9es pour vos projets et trouver l\u2019\u00e9clairage fonctionnel, \u00e9l\u00e9gant et appr\u00e9ciable et les choix de meubles.\u00a0Assurez-vous de t\u00e9l\u00e9charger notre livre \u00e9lectronique\u00a0<a href=\"https:\/\/www.delightfull.eu\/en\/catalogue?utm_source=bmorais&amp;utm_medium=Inspirations&amp;utm_campaign=catalogue&amp;utm_content=French\" target=\"_blank\" rel=\"noreferrer noopener\">\u00abConseils de d\u00e9coration int\u00e9rieure pour un foyer bien \u00e9clair\u00e9\u00bb!<\/a><\/p>\n\n\n\n<table class=\"wp-block-table\"><tbody><tr><td><a class=\"bannerDinamicAction\" href=\"https:\/\/www.delightfull.eu\/en\/all-products?utm_source=delightfull-inspirations&amp;utm_medium=ArticleBanner&amp;utm_campaign=DynamicBanners&amp;utm_term=310&amp;utm_content=heritage_collection\" target=\"_blank\" data-imageid=\"310\">\n    <img class=\"img-responsive\" src=\"https:\/\/www.delightfull.eu\/blog\/wp-content\/uploads\/2018\/03\/Banner-HERITAGE-2.jpg\" alt=\"heritage,collection\"><\/a><\/td><\/tr><\/tbody><\/table>\n","protected":false},"excerpt":{"rendered":"<p>Aujourd\u2019hui nous avons pr\u00e9senter une d\u00e9coration de luxe et tr\u00e8s convoit\u00e9 pour vous. Deux produits de luxe pour votre salle de bains. D\u00e9corez votre salle de bains avec ces deux produits, meuble de Maison Valentina et une applique murale de DelightFULL. Le lavabo Petra est un meuble de luxe de Maison Valentina. Inspir\u00e9e dans la ville Petra, ce meuble de salle de bains porte un design classique et contemporaine. Chaque d\u00e9tail de Petra est unique et luxueuse. Une lavabo de [&hellip;]<\/p>\n","protected":false},"author":20,"featured_media":10003749,"comment_status":"open","ping_status":"open","sticky":false,"template":"","format":"standard","meta":{"footnotes":"","_links_to":"","_links_to_target":""},"categories":[3916,3,4,3915],"tags":[],"_links":{"self":[{"href":"https:\/\/delightfull.eu\/inspirations\/wp-json\/wp\/v2\/posts\/10003735"}],"collection":[{"href":"https:\/\/delightfull.eu\/inspirations\/wp-json\/wp\/v2\/posts"}],"about":[{"href":"https:\/\/delightfull.eu\/inspirations\/wp-json\/wp\/v2\/types\/post"}],"author":[{"embeddable":true,"href":"https:\/\/delightfull.eu\/inspirations\/wp-json\/wp\/v2\/users\/20"}],"replies":[{"embeddable":true,"href":"https:\/\/delightfull.eu\/inspirations\/wp-json\/wp\/v2\/comments?post=10003735"}],"version-history":[{"count":2,"href":"https:\/\/delightfull.eu\/inspirations\/wp-json\/wp\/v2\/posts\/10003735\/revisions"}],"predecessor-version":[{"id":10003750,"href":"https:\/\/delightfull.eu\/inspirations\/wp-json\/wp\/v2\/posts\/10003735\/revisions\/10003750"}],"wp:featuredmedia":[{"embeddable":true,"href":"https:\/\/delightfull.eu\/inspirations\/wp-json\/wp\/v2\/media\/10003749"}],"wp:attachment":[{"href":"https:\/\/delightfull.eu\/inspirations\/wp-json\/wp\/v2\/media?parent=10003735"}],"wp:term":[{"taxonomy":"category","embeddable":true,"href":"https:\/\/delightfull.eu\/inspirations\/wp-json\/wp\/v2\/categories?post=10003735"},{"taxonomy":"post_tag","embeddable":true,"href":"https:\/\/delightfull.eu\/inspirations\/wp-json\/wp\/v2\/tags?post=10003735"}],"curies":[{"name":"wp","href":"https:\/\/api.w.org\/{rel}","templated":true}]}}