{"id":10003959,"date":"2019-05-29T16:34:06","date_gmt":"2019-05-29T16:34:06","guid":{"rendered":"https:\/\/delightfull.eu\/inspirations\/?p=10003959"},"modified":"2019-05-29T16:34:11","modified_gmt":"2019-05-29T16:34:11","slug":"attention-a-tou-le-monde-covet-summit-2019-approche","status":"publish","type":"post","link":"https:\/\/delightfull.eu\/inspirations\/2019\/05\/29\/attention-a-tou-le-monde-covet-summit-2019-approche\/","title":{"rendered":"Attention \u00c0 Tou Le Monde Covet Summit 2019 Approche!"},"content":{"rendered":"\n<p><strong>Luxury Design &amp; Craftsmanship Summit<\/strong>, ou <em><strong>Covet Summit 2019\u00a0<\/strong><\/em>approche<em><strong>.<\/strong><\/em> Nous avons donc d\u00e9cid\u00e9 d\u2019\u00e9crire un article qui vous aidera \u00e0 comprendre qui, quoi, o\u00f9 et quand cet \u00e9v\u00e9nement commece. <\/p>\n\n\n\n<figure class=\"wp-block-image is-resized\"><a href=\"https:\/\/designandcraftsmanship.com\/?utm_source=bmorais&amp;utm_medium=Inspirations&amp;utm_campaign=CovetSummit\" target=\"_blank\" rel=\"noreferrer noopener\"><img decoding=\"async\" src=\"https:\/\/delightfull.eu\/inspirations\/wp-content\/uploads\/2019\/05\/Attention-%C3%80-Tou-Le-Monde-Covet-Summit-2019-Approche1-724x1024.jpg\" alt=\"covet summit 2019\" class=\"wp-image-10003960\" width=\"800\" srcset=\"https:\/\/delightfull.eu\/inspirations\/wp-content\/uploads\/2019\/05\/Attention-\u00c0-Tou-Le-Monde-Covet-Summit-2019-Approche1.jpg 724w, https:\/\/delightfull.eu\/inspirations\/wp-content\/uploads\/2019\/05\/Attention-\u00c0-Tou-Le-Monde-Covet-Summit-2019-Approche1-212x300.jpg 212w, https:\/\/delightfull.eu\/inspirations\/wp-content\/uploads\/2019\/05\/Attention-\u00c0-Tou-Le-Monde-Covet-Summit-2019-Approche1-293x414.jpg 293w\" sizes=\"(max-width: 724px) 100vw, 724px\"><\/a><\/figure>\n\n\n\n<p>Dans deux jours cons\u00e9cutifs, 26 et 27 de june, vous aurez la chance de vivre cet \u00e9v\u00e9nement de design convoit\u00e9, appel\u00e9 Covet Summit 2019.<\/p>\n\n\n\n<a class=\"bannerDinamicAction\" href=\"https:\/\/www.delightfull.eu\/en\/all-products?utm_source=delightfull-inspirations&amp;utm_medium=ArticleBanner&amp;utm_campaign=DynamicBanners&amp;utm_term=310&amp;utm_content=heritage_collection\" target=\"_blank\" data-imageid=\"310\">\n    <img class=\"img-responsive\" src=\"https:\/\/www.delightfull.eu\/blog\/wp-content\/uploads\/2018\/03\/Banner-HERITAGE-2.jpg\" alt=\"heritage,collection\"><\/a>\n\n\n\n<figure class=\"wp-block-image is-resized\"><a href=\"https:\/\/designandcraftsmanship.com\/?utm_source=bmorais&amp;utm_medium=Inspirations&amp;utm_campaign=CovetSummit\" target=\"_blank\" rel=\"noreferrer noopener\"><img decoding=\"async\" src=\"https:\/\/delightfull.eu\/inspirations\/wp-content\/uploads\/2019\/05\/Attention-%C3%80-Tou-Le-Monde-Covet-Summit-2019-Approche2-1024x437.jpg\" alt=\"covet summit 2019\" class=\"wp-image-10003961\" width=\"800\" srcset=\"https:\/\/delightfull.eu\/inspirations\/wp-content\/uploads\/2019\/05\/Attention-\u00c0-Tou-Le-Monde-Covet-Summit-2019-Approche2.jpg 1024w, https:\/\/delightfull.eu\/inspirations\/wp-content\/uploads\/2019\/05\/Attention-\u00c0-Tou-Le-Monde-Covet-Summit-2019-Approche2-300x128.jpg 300w, https:\/\/delightfull.eu\/inspirations\/wp-content\/uploads\/2019\/05\/Attention-\u00c0-Tou-Le-Monde-Covet-Summit-2019-Approche2-770x329.jpg 770w, https:\/\/delightfull.eu\/inspirations\/wp-content\/uploads\/2019\/05\/Attention-\u00c0-Tou-Le-Monde-Covet-Summit-2019-Approche2-293x125.jpg 293w\" sizes=\"(max-width: 1024px) 100vw, 1024px\"><\/a><\/figure>\n\n\n\n<p>Du 26 au 27 juin \u00e0 Porto, se organise un \u00e9v\u00e9nement de design portugais convoit\u00e9 du monde de Design et Culture d\u2019artinsat portugais.<\/p>\n\n\n\n<figure class=\"wp-block-image is-resized\"><img decoding=\"async\" src=\"https:\/\/delightfull.eu\/inspirations\/wp-content\/uploads\/2019\/05\/Attention-%C3%80-Tou-Le-Monde-Covet-Summit-2019-Approche3-724x1024.jpg\" alt=\"\" class=\"wp-image-10003962\" width=\"800\" srcset=\"https:\/\/delightfull.eu\/inspirations\/wp-content\/uploads\/2019\/05\/Attention-\u00c0-Tou-Le-Monde-Covet-Summit-2019-Approche3.jpg 724w, https:\/\/delightfull.eu\/inspirations\/wp-content\/uploads\/2019\/05\/Attention-\u00c0-Tou-Le-Monde-Covet-Summit-2019-Approche3-212x300.jpg 212w, https:\/\/delightfull.eu\/inspirations\/wp-content\/uploads\/2019\/05\/Attention-\u00c0-Tou-Le-Monde-Covet-Summit-2019-Approche3-293x414.jpg 293w\" sizes=\"(max-width: 724px) 100vw, 724px\"><\/figure>\n\n\n\n<p>Situ\u00e9 \u00e0 Porto, l\u2019une des plus anciennes villes d\u2019Europe. Covet Summit 2019 aura lieu au Pavilh\u00e3o Multiusos de Gondomar, con\u00e7u par le plus connu architecte portugais Siza Vieira.<\/p>\n\n\n\n<figure class=\"wp-block-image is-resized\"><img decoding=\"async\" src=\"https:\/\/delightfull.eu\/inspirations\/wp-content\/uploads\/2019\/05\/Attention-%C3%80-Tou-Le-Monde-Covet-Summit-2019-Approche4.jpg\" alt=\"\" class=\"wp-image-10003963\" width=\"800\" srcset=\"https:\/\/delightfull.eu\/inspirations\/wp-content\/uploads\/2019\/05\/Attention-\u00c0-Tou-Le-Monde-Covet-Summit-2019-Approche4.jpg 800w, https:\/\/delightfull.eu\/inspirations\/wp-content\/uploads\/2019\/05\/Attention-\u00c0-Tou-Le-Monde-Covet-Summit-2019-Approche4-300x200.jpg 300w, https:\/\/delightfull.eu\/inspirations\/wp-content\/uploads\/2019\/05\/Attention-\u00c0-Tou-Le-Monde-Covet-Summit-2019-Approche4-770x513.jpg 770w, https:\/\/delightfull.eu\/inspirations\/wp-content\/uploads\/2019\/05\/Attention-\u00c0-Tou-Le-Monde-Covet-Summit-2019-Approche4-370x247.jpg 370w, https:\/\/delightfull.eu\/inspirations\/wp-content\/uploads\/2019\/05\/Attention-\u00c0-Tou-Le-Monde-Covet-Summit-2019-Approche4-293x195.jpg 293w\" sizes=\"(max-width: 800px) 100vw, 800px\"><\/figure>\n\n\n\n<p>Et que pouvez-vous attendre de<strong>\u00a0CovetSummit\u00a02019?<\/strong>\u00a0Eh bien, pour commencer, vous aurez l\u2019occasion de participer en conf\u00e9rences avec c figures plus renomm\u00e9es du monde de Design portugais.<\/p>\n\n\n\n<figure class=\"wp-block-image is-resized\"><img decoding=\"async\" src=\"https:\/\/delightfull.eu\/inspirations\/wp-content\/uploads\/2019\/05\/Attention-%C3%80-Tou-Le-Monde-Covet-Summit-2019-Approche5.jpg\" alt=\"\" class=\"wp-image-10003964\" width=\"800\" srcset=\"https:\/\/delightfull.eu\/inspirations\/wp-content\/uploads\/2019\/05\/Attention-\u00c0-Tou-Le-Monde-Covet-Summit-2019-Approche5.jpg 800w, https:\/\/delightfull.eu\/inspirations\/wp-content\/uploads\/2019\/05\/Attention-\u00c0-Tou-Le-Monde-Covet-Summit-2019-Approche5-300x159.jpg 300w, https:\/\/delightfull.eu\/inspirations\/wp-content\/uploads\/2019\/05\/Attention-\u00c0-Tou-Le-Monde-Covet-Summit-2019-Approche5-770x407.jpg 770w, https:\/\/delightfull.eu\/inspirations\/wp-content\/uploads\/2019\/05\/Attention-\u00c0-Tou-Le-Monde-Covet-Summit-2019-Approche5-293x155.jpg 293w\" sizes=\"(max-width: 800px) 100vw, 800px\"><\/figure>\n\n\n\n<p>Les billets sont d\u00e9j\u00e0 disponibles \u00e0 la vente et tout acheteur qui ach\u00e8te son billet avant le 31 mai a un prix sp\u00e9cial.<\/p>\n\n\n\n<p>50% de r\u00e9duction sur tous les billets achet\u00e9s jusqu\u2019au 31 mai, alors assurez-vous d\u2019acheter vos billets avant la date.<\/p>\n\n\n\n<figure class=\"wp-block-image is-resized\"><img decoding=\"async\" src=\"https:\/\/delightfull.eu\/inspirations\/wp-content\/uploads\/2019\/05\/Attention-%C3%80-Tou-Le-Monde-Covet-Summit-2019-Approche6.jpg\" alt=\"\" class=\"wp-image-10003965\" width=\"800\" srcset=\"https:\/\/delightfull.eu\/inspirations\/wp-content\/uploads\/2019\/05\/Attention-\u00c0-Tou-Le-Monde-Covet-Summit-2019-Approche6.jpg 800w, https:\/\/delightfull.eu\/inspirations\/wp-content\/uploads\/2019\/05\/Attention-\u00c0-Tou-Le-Monde-Covet-Summit-2019-Approche6-300x200.jpg 300w, https:\/\/delightfull.eu\/inspirations\/wp-content\/uploads\/2019\/05\/Attention-\u00c0-Tou-Le-Monde-Covet-Summit-2019-Approche6-770x513.jpg 770w, https:\/\/delightfull.eu\/inspirations\/wp-content\/uploads\/2019\/05\/Attention-\u00c0-Tou-Le-Monde-Covet-Summit-2019-Approche6-370x247.jpg 370w, https:\/\/delightfull.eu\/inspirations\/wp-content\/uploads\/2019\/05\/Attention-\u00c0-Tou-Le-Monde-Covet-Summit-2019-Approche6-293x195.jpg 293w\" sizes=\"(max-width: 800px) 100vw, 800px\"><\/figure>\n\n\n\n<p>Covet Summit 2019 est \u00e9galement un \u00e9v\u00e9nement dans lequel vous pourrez voir, en direct et en personne, <strong>grands artisans portugais<\/strong>. S\u00fbrs t\u00e9chniques uniques seront pr\u00e9sentes \u00e0 Covet Summit 2019.<\/p>\n\n\n\n<p>Une d\u00e9monstration de fabrication \u00e0 la main de certaines de vos produits qui vous plus aim\u00e9es et pr\u00e9f\u00e9r\u00e9es.<\/p>\n\n\n\n<figure class=\"wp-block-image\"><img loading=\"lazy\" decoding=\"async\" width=\"800\" height=\"533\" src=\"https:\/\/delightfull.eu\/inspirations\/wp-content\/uploads\/2019\/05\/Attention-%C3%80-Tou-Le-Monde-Covet-Summit-2019-Approche7.jpg\" alt=\"covet summit 2019\" class=\"wp-image-10003966\" srcset=\"https:\/\/delightfull.eu\/inspirations\/wp-content\/uploads\/2019\/05\/Attention-\u00c0-Tou-Le-Monde-Covet-Summit-2019-Approche7.jpg 800w, https:\/\/delightfull.eu\/inspirations\/wp-content\/uploads\/2019\/05\/Attention-\u00c0-Tou-Le-Monde-Covet-Summit-2019-Approche7-300x200.jpg 300w, https:\/\/delightfull.eu\/inspirations\/wp-content\/uploads\/2019\/05\/Attention-\u00c0-Tou-Le-Monde-Covet-Summit-2019-Approche7-770x513.jpg 770w, https:\/\/delightfull.eu\/inspirations\/wp-content\/uploads\/2019\/05\/Attention-\u00c0-Tou-Le-Monde-Covet-Summit-2019-Approche7-370x247.jpg 370w, https:\/\/delightfull.eu\/inspirations\/wp-content\/uploads\/2019\/05\/Attention-\u00c0-Tou-Le-Monde-Covet-Summit-2019-Approche7-293x195.jpg 293w\" sizes=\"(max-width: 800px) 100vw, 800px\"><\/figure>\n\n\n\n<p>Un \u00e9v\u00e9nement qui c\u00e9l\u00e8bre le design et culture de meubles de luxe portugais.<\/p>\n\n\n\n<p>Avec des marques renomm\u00e9es comme <strong>Boca do Lobo<\/strong>, <strong>DelightFULL<\/strong>, <strong>Essential Home.<\/strong> Vous ne pouvez pas rater l\u2019opportunit\u00e9 de faire connaissance avec les personnes qui se cachent derri\u00e8re vos \u0153uvres pr\u00e9f\u00e9r\u00e9es.<\/p>\n\n\n\n<p>Nous esp\u00e9rons que vous avez appr\u00e9ci\u00e9 notre article sur Covet Summit 2019!<\/p>\n\n\n\n<hr class=\"wp-block-separator\">\n\n\n\n<p class=\"has-text-color has-vivid-red-color\"><strong>Lisez plus ici:\u00a0<\/strong><a rel=\"noreferrer noopener\" href=\"https:\/\/www.delightfull.eu\/inspirations\/styles\/les-meilleurs-designers-francais-presents-maison-obejt\/?utm_source=bmorais&amp;utm_medium=BlogInspirations&amp;utm_campaign=SeeAlso&amp;utm_content=France\" target=\"_blank\"><strong>Les Meilleurs Designers Fran\u00e7ais Pr\u00e9sents En Maison et Obejt 19!<\/strong><\/a><\/p>\n\n\n\n<hr class=\"wp-block-separator\">\n\n\n\n<p>Vous pouvez visiter nos conseils\u00a0<a href=\"https:\/\/www.pinterest.pt\/delightfulll\/unique-blog\/?utm_source=bmorais&amp;utm_medium=Inspirations&amp;utm_content=French\" target=\"_blank\" rel=\"noreferrer noopener\">Pinterest<\/a>\u00a0afin d\u2019obtenir plus d\u2019inspirations.\u00a0Plus d\u2019id\u00e9es pour vos projets et trouver l\u2019\u00e9clairage fonctionnel, \u00e9l\u00e9gant et appr\u00e9ciable et les choix de meubles.\u00a0Assurez-vous de t\u00e9l\u00e9charger notre livre \u00e9lectronique\u00a0<a href=\"https:\/\/www.delightfull.eu\/en\/catalogue?utm_source=bmorais&amp;utm_medium=Inspirations&amp;utm_campaign=catalogue&amp;utm_content=French\" target=\"_blank\" rel=\"noreferrer noopener\">\u00abConseils de d\u00e9coration int\u00e9rieure pour un foyer bien \u00e9clair\u00e9\u00bb!<\/a><\/p>\n\n\n\n<table class=\"wp-block-table\"><tbody><tr><td><a class=\"bannerDinamicAction\" href=\"https:\/\/www.delightfull.eu\/en\/all-products?utm_source=delightfull-inspirations&amp;utm_medium=ArticleBanner&amp;utm_campaign=DynamicBanners&amp;utm_term=310&amp;utm_content=heritage_collection\" target=\"_blank\" data-imageid=\"310\">\n    <img class=\"img-responsive\" src=\"https:\/\/www.delightfull.eu\/blog\/wp-content\/uploads\/2018\/03\/Banner-HERITAGE-2.jpg\" alt=\"heritage,collection\"><\/a><\/td><\/tr><\/tbody><\/table>\n","protected":false},"excerpt":{"rendered":"<p>Luxury Design &amp; Craftsmanship Summit, ou Covet Summit 2019\u00a0approche. Nous avons donc d\u00e9cid\u00e9 d\u2019\u00e9crire un article qui vous aidera \u00e0 comprendre qui, quoi, o\u00f9 et quand cet \u00e9v\u00e9nement commece. Dans deux jours cons\u00e9cutifs, 26 et 27 de june, vous aurez la chance de vivre cet \u00e9v\u00e9nement de design convoit\u00e9, appel\u00e9 Covet Summit 2019. Du 26 au 27 juin \u00e0 Porto, se organise un \u00e9v\u00e9nement de design portugais convoit\u00e9 du monde de Design et Culture d\u2019artinsat portugais. Situ\u00e9 \u00e0 Porto, l\u2019une [&hellip;]<\/p>\n","protected":false},"author":20,"featured_media":10003968,"comment_status":"open","ping_status":"open","sticky":false,"template":"","format":"standard","meta":{"footnotes":"","_links_to":"","_links_to_target":""},"categories":[4155,3916,7,2776,3915],"tags":[],"_links":{"self":[{"href":"https:\/\/delightfull.eu\/inspirations\/wp-json\/wp\/v2\/posts\/10003959"}],"collection":[{"href":"https:\/\/delightfull.eu\/inspirations\/wp-json\/wp\/v2\/posts"}],"about":[{"href":"https:\/\/delightfull.eu\/inspirations\/wp-json\/wp\/v2\/types\/post"}],"author":[{"embeddable":true,"href":"https:\/\/delightfull.eu\/inspirations\/wp-json\/wp\/v2\/users\/20"}],"replies":[{"embeddable":true,"href":"https:\/\/delightfull.eu\/inspirations\/wp-json\/wp\/v2\/comments?post=10003959"}],"version-history":[{"count":1,"href":"https:\/\/delightfull.eu\/inspirations\/wp-json\/wp\/v2\/posts\/10003959\/revisions"}],"predecessor-version":[{"id":10003969,"href":"https:\/\/delightfull.eu\/inspirations\/wp-json\/wp\/v2\/posts\/10003959\/revisions\/10003969"}],"wp:featuredmedia":[{"embeddable":true,"href":"https:\/\/delightfull.eu\/inspirations\/wp-json\/wp\/v2\/media\/10003968"}],"wp:attachment":[{"href":"https:\/\/delightfull.eu\/inspirations\/wp-json\/wp\/v2\/media?parent=10003959"}],"wp:term":[{"taxonomy":"category","embeddable":true,"href":"https:\/\/delightfull.eu\/inspirations\/wp-json\/wp\/v2\/categories?post=10003959"},{"taxonomy":"post_tag","embeddable":true,"href":"https:\/\/delightfull.eu\/inspirations\/wp-json\/wp\/v2\/tags?post=10003959"}],"curies":[{"name":"wp","href":"https:\/\/api.w.org\/{rel}","templated":true}]}}