{"id":10004135,"date":"2019-06-05T17:17:41","date_gmt":"2019-06-05T17:17:41","guid":{"rendered":"https:\/\/delightfull.eu\/inspirations\/?p=10004135"},"modified":"2019-06-05T17:21:13","modified_gmt":"2019-06-05T17:21:13","slug":"liste-des-meilleurs-designers-modernes-de-france","status":"publish","type":"post","link":"https:\/\/delightfull.eu\/inspirations\/2019\/06\/05\/liste-des-meilleurs-designers-modernes-de-france\/","title":{"rendered":"Liste Des Meilleurs Designers Modernes De France!"},"content":{"rendered":"\n<p>Aujourd\u2019hui, Paris est l\u2019une des <strong>capitales mondiales du design<\/strong> et, si vous recherchez parmi les meilleurs guides de design, vous d\u00e9couvrirez grands <strong>designers d\u2019int\u00e9rieur fran\u00e7ais<\/strong>. C\u2019est la raison pour laquelle nous avons d\u00e9cid\u00e9 de cr\u00e9er cet article afin de pr\u00e9senter cinq designers qui ont travailler en France. Noms comme Jean Novel ou Phillipe Starck sont les noms de certains designers de notre article.<\/p>\n\n\n\n<p class=\"has-large-font-size\">Phillipe Starck<\/p>\n\n\n\n<figure class=\"wp-block-image is-resized\"><img decoding=\"async\" src=\"https:\/\/delightfull.eu\/inspirations\/wp-content\/uploads\/2019\/06\/Liste-Des-Meilleurs-Designers-Modernes-De-France1.jpg\" alt=\"\" class=\"wp-image-10004138\" width=\"800\" srcset=\"https:\/\/delightfull.eu\/inspirations\/wp-content\/uploads\/2019\/06\/Liste-Des-Meilleurs-Designers-Modernes-De-France1.jpg 800w, https:\/\/delightfull.eu\/inspirations\/wp-content\/uploads\/2019\/06\/Liste-Des-Meilleurs-Designers-Modernes-De-France1-300x195.jpg 300w, https:\/\/delightfull.eu\/inspirations\/wp-content\/uploads\/2019\/06\/Liste-Des-Meilleurs-Designers-Modernes-De-France1-770x501.jpg 770w, https:\/\/delightfull.eu\/inspirations\/wp-content\/uploads\/2019\/06\/Liste-Des-Meilleurs-Designers-Modernes-De-France1-293x190.jpg 293w\" sizes=\"(max-width: 800px) 100vw, 800px\"><\/figure>\n\n\n\n<p>Philippe Starck est \u00e9galement un inventeur, cr\u00e9ateur, architecte, designer et directeur artistique. Philippe Starck est un homme honn\u00eate, il preserve la <strong>pure tradition des artistes de la Renaissance<\/strong>. Starck pense que la cr\u00e9ation doit am\u00e9liorer la vie des gens. Pour y parvenir, les artistes doivent se guider sur des <strong>principes compl\u00e9mentaires<\/strong> tels que des devoirs po\u00e9tiques et politiques, des attitudes pragmatiques et subversives, qui doivent \u00eatre partag\u00e9s par tous.<\/p>\n\n\n\n<p class=\"has-large-font-size\"> Jean Novel<\/p>\n\n\n\n<figure class=\"wp-block-image is-resized\"><img decoding=\"async\" src=\"https:\/\/delightfull.eu\/inspirations\/wp-content\/uploads\/2019\/06\/Liste-Des-Meilleurs-Designers-Modernes-De-France2-1.jpg\" alt=\"\" class=\"wp-image-10004139\" width=\"800\" srcset=\"https:\/\/delightfull.eu\/inspirations\/wp-content\/uploads\/2019\/06\/Liste-Des-Meilleurs-Designers-Modernes-De-France2-1.jpg 800w, https:\/\/delightfull.eu\/inspirations\/wp-content\/uploads\/2019\/06\/Liste-Des-Meilleurs-Designers-Modernes-De-France2-1-300x169.jpg 300w, https:\/\/delightfull.eu\/inspirations\/wp-content\/uploads\/2019\/06\/Liste-Des-Meilleurs-Designers-Modernes-De-France2-1-770x433.jpg 770w, https:\/\/delightfull.eu\/inspirations\/wp-content\/uploads\/2019\/06\/Liste-Des-Meilleurs-Designers-Modernes-De-France2-1-293x165.jpg 293w\" sizes=\"(max-width: 800px) 100vw, 800px\"><\/figure>\n\n\n\n<p>N\u00e9 \u00e0 Fumel, Jean Novel a commenc\u00e9 sur ch\u00e9mine de design cr\u00e9atif en France. Il est <strong>fondateur et conseiller artistique de la Biennale d\u2019architecture de la Biennale de Paris.<\/strong> Jean Nouvel dit de lui-m\u00eame qu\u2019il n\u2019est pas un designer, mais un architecte. Nouvel se sp\u00e9cialise dans le <strong>monde du design de mobilier<\/strong>, de la d\u00e9coration d\u2019int\u00e9rieur, de la sc\u00e9nographie et de la communication visuelle avec son \u00e9quipe.<\/p>\n\n\n\n<p class=\"has-large-font-size\">Jean-Louis Deniot<\/p>\n\n\n\n<figure class=\"wp-block-image is-resized\"><img decoding=\"async\" src=\"https:\/\/delightfull.eu\/inspirations\/wp-content\/uploads\/2019\/06\/Liste-Des-Meilleurs-Designers-Modernes-De-France3-683x1024.jpg\" alt=\"\" class=\"wp-image-10004140\" width=\"800\" srcset=\"https:\/\/delightfull.eu\/inspirations\/wp-content\/uploads\/2019\/06\/Liste-Des-Meilleurs-Designers-Modernes-De-France3-683x1024.jpg 683w, https:\/\/delightfull.eu\/inspirations\/wp-content\/uploads\/2019\/06\/Liste-Des-Meilleurs-Designers-Modernes-De-France3-200x300.jpg 200w, https:\/\/delightfull.eu\/inspirations\/wp-content\/uploads\/2019\/06\/Liste-Des-Meilleurs-Designers-Modernes-De-France3-293x440.jpg 293w, https:\/\/delightfull.eu\/inspirations\/wp-content\/uploads\/2019\/06\/Liste-Des-Meilleurs-Designers-Modernes-De-France3.jpg 768w\" sizes=\"(max-width: 683px) 100vw, 683px\"><\/figure>\n\n\n\n<p>Jean-Louis Deniot est un <strong>architecte d\u2019int\u00e9rieur <\/strong>dont le style est synonyme de style de vie et r\u00e9presente l\u2019harmonie et le bien-\u00eatre. Le designer n\u00e9 \u00e0 Paris, ville qu\u2019il aime \u00abjouer avec la superposition de textures et de mat\u00e9riaux\u00bb, en juxtaposant un march\u00e9 aux puces du<strong> milieu du si\u00e8cle \u00e0 des produits originales plus anciennes <\/strong>pour cr\u00e9er des int\u00e9rieurs subtilement affin\u00e9s qui sont \u00abun peu th\u00e9\u00e2traux\u00bb.<\/p>\n\n\n\n<p class=\"has-large-font-size\">Charles Zana<\/p>\n\n\n\n<figure class=\"wp-block-image is-resized\"><img decoding=\"async\" src=\"https:\/\/delightfull.eu\/inspirations\/wp-content\/uploads\/2019\/06\/Liste-Des-Meilleurs-Designers-Modernes-De-France4-768x1024.jpg\" alt=\"\" class=\"wp-image-10004141\" width=\"800\" srcset=\"https:\/\/delightfull.eu\/inspirations\/wp-content\/uploads\/2019\/06\/Liste-Des-Meilleurs-Designers-Modernes-De-France4.jpg 768w, https:\/\/delightfull.eu\/inspirations\/wp-content\/uploads\/2019\/06\/Liste-Des-Meilleurs-Designers-Modernes-De-France4-225x300.jpg 225w, https:\/\/delightfull.eu\/inspirations\/wp-content\/uploads\/2019\/06\/Liste-Des-Meilleurs-Designers-Modernes-De-France4-293x391.jpg 293w\" sizes=\"(max-width: 768px) 100vw, 768px\"><\/figure>\n\n\n\n<p>Charles Zana d\u00e9montre une <strong>approche unique pour chaque projet, \u00e9crivant une nouvelle histoire<\/strong> et lui donnant une plus grande valeur conceptuelle. En deux d\u00e9cennies, l\u2019architecte Charles Zana a trouv\u00e9 sa voix, forgeant son style et ses axes d\u2019influence, \u00e0 la recherche de clients exigeants exigeant une vision unique.<br><\/p>\n\n\n\n<p class=\"has-large-font-size\">India Mahdavi<\/p>\n\n\n\n<figure class=\"wp-block-image is-resized\"><img decoding=\"async\" src=\"https:\/\/delightfull.eu\/inspirations\/wp-content\/uploads\/2019\/06\/Liste-Des-Meilleurs-Designers-Modernes-De-France5.jpg\" alt=\"\" class=\"wp-image-10004142\" width=\"800\" srcset=\"https:\/\/delightfull.eu\/inspirations\/wp-content\/uploads\/2019\/06\/Liste-Des-Meilleurs-Designers-Modernes-De-France5.jpg 800w, https:\/\/delightfull.eu\/inspirations\/wp-content\/uploads\/2019\/06\/Liste-Des-Meilleurs-Designers-Modernes-De-France5-300x195.jpg 300w, https:\/\/delightfull.eu\/inspirations\/wp-content\/uploads\/2019\/06\/Liste-Des-Meilleurs-Designers-Modernes-De-France5-770x501.jpg 770w, https:\/\/delightfull.eu\/inspirations\/wp-content\/uploads\/2019\/06\/Liste-Des-Meilleurs-Designers-Modernes-De-France5-293x190.jpg 293w\" sizes=\"(max-width: 800px) 100vw, 800px\"><\/figure>\n\n\n\n<p>India Mahdavi est la reine des couleurs de l\u2019Europe. \u00c0 la fois <strong>architecte et designer<\/strong>, India Mahdavi a \u00e9t\u00e9 \u00e9lev\u00e9e par un p\u00e8re persan et une m\u00e8re \u00e9gypto-anglaise. Son design est caract\u00e9ris\u00e9 par<strong> une combinaison d\u2019humour, d\u2019\u00e9l\u00e9gance et de sensualit\u00e9. <\/strong>C\u2019est pourquoi elle est l\u2019une des plus c\u00e9l\u00e8bres designers d\u2019int\u00e9rieur fran\u00e7ais en activit\u00e9!<\/p>\n\n\n\n<hr class=\"wp-block-separator\">\n\n\n\n<p class=\"has-text-color has-vivid-red-color\"><strong>Lisez plus ici:\u00a0<\/strong><a rel=\"noreferrer noopener\" href=\"https:\/\/www.delightfull.eu\/inspirations\/styles\/les-meilleurs-designers-francais-presents-maison-obejt\/?utm_source=bmorais&amp;utm_medium=BlogInspirations&amp;utm_campaign=SeeAlso&amp;utm_content=France\" target=\"_blank\"><strong>Les Meilleurs Designers Fran\u00e7ais Pr\u00e9sents En Maison et Obejt 19!<\/strong><\/a><\/p>\n\n\n\n<hr class=\"wp-block-separator\">\n\n\n\n<p>Vous pouvez visiter nos conseils\u00a0<a href=\"https:\/\/www.pinterest.pt\/delightfulll\/unique-blog\/?utm_source=bmorais&amp;utm_medium=Inspirations&amp;utm_content=French\" target=\"_blank\" rel=\"noreferrer noopener\">Pinterest<\/a>\u00a0afin d\u2019obtenir plus d\u2019inspirations.\u00a0Plus d\u2019id\u00e9es pour vos projets et trouver l\u2019\u00e9clairage fonctionnel, \u00e9l\u00e9gant et appr\u00e9ciable et les choix de meubles.\u00a0Assurez-vous de t\u00e9l\u00e9charger notre livre \u00e9lectronique\u00a0<a href=\"https:\/\/www.delightfull.eu\/en\/catalogue?utm_source=bmorais&amp;utm_medium=Inspirations&amp;utm_campaign=catalogue&amp;utm_content=French\" target=\"_blank\" rel=\"noreferrer noopener\">\u00abConseils de d\u00e9coration int\u00e9rieure pour un foyer bien \u00e9clair\u00e9\u00bb!<\/a><\/p>\n\n\n\n<table class=\"wp-block-table\"><tbody><tr><td><a class=\"bannerDinamicAction\" href=\"https:\/\/www.delightfull.eu\/en\/all-products?utm_source=delightfull-inspirations&amp;utm_medium=ArticleBanner&amp;utm_campaign=DynamicBanners&amp;utm_term=310&amp;utm_content=heritage_collection\" target=\"_blank\" data-imageid=\"310\">\n    <img class=\"img-responsive\" src=\"https:\/\/www.delightfull.eu\/blog\/wp-content\/uploads\/2018\/03\/Banner-HERITAGE-2.jpg\" alt=\"heritage,collection\"><\/a><\/td><\/tr><\/tbody><\/table>\n","protected":false},"excerpt":{"rendered":"<p>Aujourd\u2019hui, Paris est l\u2019une des capitales mondiales du design et, si vous recherchez parmi les meilleurs guides de design, vous d\u00e9couvrirez grands designers d\u2019int\u00e9rieur fran\u00e7ais. C\u2019est la raison pour laquelle nous avons d\u00e9cid\u00e9 de cr\u00e9er cet article afin de pr\u00e9senter cinq designers qui ont travailler en France. Noms comme Jean Novel ou Phillipe Starck sont les noms de certains designers de notre article. Phillipe Starck Philippe Starck est \u00e9galement un inventeur, cr\u00e9ateur, architecte, designer et directeur artistique. Philippe Starck est [&hellip;]<\/p>\n","protected":false},"author":20,"featured_media":10004150,"comment_status":"open","ping_status":"open","sticky":false,"template":"","format":"standard","meta":{"footnotes":"","_links_to":"","_links_to_target":""},"categories":[4155,3420,3916,6,3915],"tags":[],"_links":{"self":[{"href":"https:\/\/delightfull.eu\/inspirations\/wp-json\/wp\/v2\/posts\/10004135"}],"collection":[{"href":"https:\/\/delightfull.eu\/inspirations\/wp-json\/wp\/v2\/posts"}],"about":[{"href":"https:\/\/delightfull.eu\/inspirations\/wp-json\/wp\/v2\/types\/post"}],"author":[{"embeddable":true,"href":"https:\/\/delightfull.eu\/inspirations\/wp-json\/wp\/v2\/users\/20"}],"replies":[{"embeddable":true,"href":"https:\/\/delightfull.eu\/inspirations\/wp-json\/wp\/v2\/comments?post=10004135"}],"version-history":[{"count":1,"href":"https:\/\/delightfull.eu\/inspirations\/wp-json\/wp\/v2\/posts\/10004135\/revisions"}],"predecessor-version":[{"id":10004152,"href":"https:\/\/delightfull.eu\/inspirations\/wp-json\/wp\/v2\/posts\/10004135\/revisions\/10004152"}],"wp:featuredmedia":[{"embeddable":true,"href":"https:\/\/delightfull.eu\/inspirations\/wp-json\/wp\/v2\/media\/10004150"}],"wp:attachment":[{"href":"https:\/\/delightfull.eu\/inspirations\/wp-json\/wp\/v2\/media?parent=10004135"}],"wp:term":[{"taxonomy":"category","embeddable":true,"href":"https:\/\/delightfull.eu\/inspirations\/wp-json\/wp\/v2\/categories?post=10004135"},{"taxonomy":"post_tag","embeddable":true,"href":"https:\/\/delightfull.eu\/inspirations\/wp-json\/wp\/v2\/tags?post=10004135"}],"curies":[{"name":"wp","href":"https:\/\/api.w.org\/{rel}","templated":true}]}}