{"id":10004502,"date":"2019-07-10T10:56:42","date_gmt":"2019-07-10T10:56:42","guid":{"rendered":"https:\/\/delightfull.eu\/inspirations\/?p=10004502"},"modified":"2023-03-02T18:02:51","modified_gmt":"2023-03-02T18:02:51","slug":"les-dix-meilleur-designers-francais-modernes","status":"publish","type":"post","link":"https:\/\/delightfull.eu\/inspirations\/2019\/07\/10\/les-dix-meilleur-designers-francais-modernes\/","title":{"rendered":"2023: Les Dix Meilleur Designers Fran\u00e7ais Modernes!"},"content":{"rendered":"\r\n<p>Aujourd\u2019hui, notre article est sur notre liste des <strong>10 meilleurs designers fran\u00e7ais modernes<\/strong>! Dans l\u2019\u00e9dition d\u2019aujourd\u2019hui, nous pr\u00e9senterons la deuxi\u00e8me partie de notre top 10 des <strong><em>designers fran\u00e7ais modernes<\/em><\/strong>! Nous esp\u00e9rons que cet article vous aidera dans le futur!<\/p>\r\n\r\n\r\n\r\n<p style=\"text-align: center;\">ALBERTO PINTO<\/p>\r\n\r\n\r\n\r\n<figure class=\"wp-block-image is-resized\"><img decoding=\"async\" class=\"wp-image-10004503\" src=\"https:\/\/delightfull.eu\/inspirations\/wp-content\/uploads\/2019\/07\/Alberto-Pinto-Interior-Design-Creating-Luxury-Pieces-W-A-French-Touch-3-1024x699.jpg\" alt=\"\" width=\"800\" srcset=\"https:\/\/delightfull.eu\/inspirations\/wp-content\/uploads\/2019\/07\/Alberto-Pinto-Interior-Design-Creating-Luxury-Pieces-W-A-French-Touch-3-1024x699.jpg 1024w, https:\/\/delightfull.eu\/inspirations\/wp-content\/uploads\/2019\/07\/Alberto-Pinto-Interior-Design-Creating-Luxury-Pieces-W-A-French-Touch-3-300x205.jpg 300w, https:\/\/delightfull.eu\/inspirations\/wp-content\/uploads\/2019\/07\/Alberto-Pinto-Interior-Design-Creating-Luxury-Pieces-W-A-French-Touch-3-770x526.jpg 770w, https:\/\/delightfull.eu\/inspirations\/wp-content\/uploads\/2019\/07\/Alberto-Pinto-Interior-Design-Creating-Luxury-Pieces-W-A-French-Touch-3-293x200.jpg 293w, https:\/\/delightfull.eu\/inspirations\/wp-content\/uploads\/2019\/07\/Alberto-Pinto-Interior-Design-Creating-Luxury-Pieces-W-A-French-Touch-3.jpg 1383w\" sizes=\"(max-width: 1024px) 100vw, 1024px\"><\/figure>\r\n\r\n\r\n\r\n<p>Nous commen\u00e7ons notre liste avec un <strong>designer fran\u00e7ais<\/strong> renomm\u00e9, Alberto Pinto. Alberto Pinto est connu grace \u00e0 la grandeur des sur projets, espaces gigantesques et finitions ambitieuses, c\u2019est la vision d\u2019Alberto Pinto.<\/p>\r\n\r\n\r\n\r\n<p>Alberto Pinto est aujourd\u2019hui consid\u00e9r\u00e9 comme l\u2019un des <strong>designers fran\u00e7ais modernes<\/strong> les plus influents. Alberto Pinto est surs designs sont hommages parfaits \u00e0 l\u2019<strong>architecture moderne<\/strong>.<\/p>\r\n\r\n\r\n\r\n<table class=\"wp-block-table\">\r\n<tbody>\r\n<tr>\r\n<td><a class=\"bannerDinamicAction\" href=\"https:\/\/www.delightfull.eu\/trends\/?utm_source=delightfull-inspirations&amp;utm_medium=dynamicbanner-articlebanner&amp;utm_campaign=trends&amp;utm_term=1799&amp;utm_content=delightfullclassicblue\" target=\"_blank\" data-imageid=\"1799\">\n    <img class=\"img-responsive\" src=\"https:\/\/www.delightfull.eu\/banners_impact\/articlebanner\/DL%20Classic%20Blue.jpg\" alt=\"DelightFULL Classic Blue\"><\/a><\/td>\r\n<\/tr>\r\n<\/tbody>\r\n<\/table>\r\n\r\n\r\n\r\n<p style=\"text-align: center;\">PHILIPPE STARCK<\/p>\r\n\r\n\r\n\r\n<figure class=\"wp-block-image is-resized\"><img decoding=\"async\" class=\"wp-image-10004504\" src=\"https:\/\/delightfull.eu\/inspirations\/wp-content\/uploads\/2019\/07\/felix.jpg\" alt=\"\" width=\"800\" srcset=\"https:\/\/delightfull.eu\/inspirations\/wp-content\/uploads\/2019\/07\/felix.jpg 952w, https:\/\/delightfull.eu\/inspirations\/wp-content\/uploads\/2019\/07\/felix-300x169.jpg 300w, https:\/\/delightfull.eu\/inspirations\/wp-content\/uploads\/2019\/07\/felix-770x433.jpg 770w, https:\/\/delightfull.eu\/inspirations\/wp-content\/uploads\/2019\/07\/felix-293x165.jpg 293w\" sizes=\"(max-width: 952px) 100vw, 952px\"><\/figure>\r\n\r\n\r\n\r\n<p>Philippe Starck a \u00e9tudi\u00e9 \u00e0 Nissim de Camondo, une \u00e9cole priv\u00e9e d\u2019Artd\u00e9co situ\u00e9e \u00e0 c\u00f4t\u00e9 de Montparnasse \u00e0 Paris.<\/p>\r\n\r\n\r\n\r\n<p>Philippe Starck a re\u00e7u le prix du Designer de l\u2019ann\u00e9e \u00e0 Maison et Objet de cette ann\u00e9e. Philippe Starck est l\u2019un des meilleurs designers fran\u00e7ais modernes.<\/p>\r\n\r\n\r\n\r\n<p style=\"text-align: center;\">JEAN NOUVEL<\/p>\r\n\r\n\r\n\r\n<figure class=\"wp-block-image\"><img loading=\"lazy\" decoding=\"async\" width=\"1024\" height=\"576\" class=\"wp-image-10004505\" src=\"https:\/\/delightfull.eu\/inspirations\/wp-content\/uploads\/2019\/07\/nouvel-1024x576.jpg\" alt=\"\" srcset=\"https:\/\/delightfull.eu\/inspirations\/wp-content\/uploads\/2019\/07\/nouvel-1024x576.jpg 1024w, https:\/\/delightfull.eu\/inspirations\/wp-content\/uploads\/2019\/07\/nouvel-300x169.jpg 300w, https:\/\/delightfull.eu\/inspirations\/wp-content\/uploads\/2019\/07\/nouvel-770x433.jpg 770w, https:\/\/delightfull.eu\/inspirations\/wp-content\/uploads\/2019\/07\/nouvel-293x165.jpg 293w, https:\/\/delightfull.eu\/inspirations\/wp-content\/uploads\/2019\/07\/nouvel-1400x788.jpg 1400w\" sizes=\"(max-width: 1024px) 100vw, 1024px\"><\/figure>\r\n\r\n\r\n\r\n<p>Jean Nouvel est consid\u00e9r\u00e9 comme l\u2019un des architectes les plus innovateurs au monde. L\u2019architecte fran\u00e7ais a construit mus\u00e9es, salles de concert, des centres de conf\u00e9rence, des th\u00e9\u00e2tres, des h\u00f4tels, des logements collectifs, des immeubles de bureaux, des centres commerciaux et des r\u00e9sidences priv\u00e9es dans le monde entier.<\/p>\r\n\r\n\r\n\r\n<p>Son entreprise, Atelier Jean Nouvel, est l\u2019un des plus grands studios d\u2019architecture en France, avec plus de 30 projets actifs dans le monde entier.<\/p>\r\n\r\n\r\n\r\n<p style=\"text-align: center;\">RAMY FISCHLER<\/p>\r\n\r\n\r\n\r\n<figure class=\"wp-block-image is-resized\"><img decoding=\"async\" class=\"wp-image-10004506\" src=\"https:\/\/delightfull.eu\/inspirations\/wp-content\/uploads\/2019\/07\/ramy-1024x705.jpg\" alt=\"\" width=\"800\" srcset=\"https:\/\/delightfull.eu\/inspirations\/wp-content\/uploads\/2019\/07\/ramy-1024x705.jpg 1024w, https:\/\/delightfull.eu\/inspirations\/wp-content\/uploads\/2019\/07\/ramy-300x206.jpg 300w, https:\/\/delightfull.eu\/inspirations\/wp-content\/uploads\/2019\/07\/ramy-770x530.jpg 770w, https:\/\/delightfull.eu\/inspirations\/wp-content\/uploads\/2019\/07\/ramy-293x202.jpg 293w, https:\/\/delightfull.eu\/inspirations\/wp-content\/uploads\/2019\/07\/ramy-1400x963.jpg 1400w, https:\/\/delightfull.eu\/inspirations\/wp-content\/uploads\/2019\/07\/ramy.jpg 1920w\" sizes=\"(max-width: 1024px) 100vw, 1024px\"><\/figure>\r\n\r\n\r\n\r\n<p>L\u2019enterprise du designer Ramy Fischler, RF Studio, est aussi ambitieuse et luxueuse. Avec son style profond\u00e9ment ancr\u00e9 dans l\u2019architecture et le design fran\u00e7ais classiques, Fishcler capture l\u2019architecture fran\u00e7aise classique de la meilleure fa\u00e7on possible.<\/p>\r\n\r\n\r\n\r\n<p style=\"text-align: center;\">JEAN-LOUIS DENIOT<\/p>\r\n\r\n\r\n\r\n<figure class=\"wp-block-image is-resized\"><img decoding=\"async\" class=\"wp-image-10004507\" src=\"https:\/\/delightfull.eu\/inspirations\/wp-content\/uploads\/2019\/07\/deniot2-1024x632.jpg\" alt=\"\" width=\"800\" srcset=\"https:\/\/delightfull.eu\/inspirations\/wp-content\/uploads\/2019\/07\/deniot2-1024x632.jpg 1024w, https:\/\/delightfull.eu\/inspirations\/wp-content\/uploads\/2019\/07\/deniot2-300x185.jpg 300w, https:\/\/delightfull.eu\/inspirations\/wp-content\/uploads\/2019\/07\/deniot2-770x475.jpg 770w, https:\/\/delightfull.eu\/inspirations\/wp-content\/uploads\/2019\/07\/deniot2-293x181.jpg 293w, https:\/\/delightfull.eu\/inspirations\/wp-content\/uploads\/2019\/07\/deniot2-1400x864.jpg 1400w\" sizes=\"(max-width: 1024px) 100vw, 1024px\"><\/figure>\r\n\r\n\r\n\r\n<p>Pr\u00e9sent\u00e9 sur les listes ELLE Decor et AD 100 des meilleurs designers d\u2019int\u00e9rieur du monde, Jean-Louis Deniot \u0153uvre depuis longtemps dans le domaine de la cr\u00e9ation d\u2019ambiances. Ses d\u00e9cors sont son terrain de jeu, des espaces o\u00f9 spontan\u00e9it\u00e9 et magie sont pr\u00e9sentes.<\/p>\r\n\r\n\r\n\r\n<table class=\"wp-block-table\">\r\n<tbody>\r\n<tr>\r\n<td><a class=\"bannerDinamicAction\" href=\"https:\/\/www.delightfull.eu\/en\/downloads-tools\/mid-century-modern-catalogue?utm_source=delightfull-inspirations&amp;utm_medium=dynamicbanner-articlebanner&amp;utm_campaign=modernhouse&amp;utm_term=2157&amp;utm_content=cataloguemodernhousenyc\" target=\"_blank\" data-imageid=\"2157\">\n    <img class=\"img-responsive\" src=\"https:\/\/www.delightfull.eu\/banners_impact\/articlebanner\/modern%20catalogue.jpg\" alt=\"Catalogue Modern House NYC\"><\/a><\/td>\r\n<\/tr>\r\n<\/tbody>\r\n<\/table>\r\n\r\n\r\n\r\n<p style=\"text-align: center;\">G\u00c9RARD FAIVRE<\/p>\r\n\r\n\r\n\r\n<figure class=\"wp-block-image is-resized\"><img decoding=\"async\" class=\"wp-image-10004508\" src=\"https:\/\/delightfull.eu\/inspirations\/wp-content\/uploads\/2019\/07\/faivre-1024x683.jpg\" alt=\"\" width=\"800\" srcset=\"https:\/\/delightfull.eu\/inspirations\/wp-content\/uploads\/2019\/07\/faivre-1024x683.jpg 1024w, https:\/\/delightfull.eu\/inspirations\/wp-content\/uploads\/2019\/07\/faivre-300x200.jpg 300w, https:\/\/delightfull.eu\/inspirations\/wp-content\/uploads\/2019\/07\/faivre-770x513.jpg 770w, https:\/\/delightfull.eu\/inspirations\/wp-content\/uploads\/2019\/07\/faivre-370x247.jpg 370w, https:\/\/delightfull.eu\/inspirations\/wp-content\/uploads\/2019\/07\/faivre-1155x770.jpg 1155w, https:\/\/delightfull.eu\/inspirations\/wp-content\/uploads\/2019\/07\/faivre-293x195.jpg 293w, https:\/\/delightfull.eu\/inspirations\/wp-content\/uploads\/2019\/07\/faivre-1400x933.jpg 1400w\" sizes=\"(max-width: 1024px) 100vw, 1024px\"><\/figure>\r\n\r\n\r\n\r\n<p>G\u00e9rard Faivre, reconnu comme l\u2019un des meilleurs architectes d\u2019int\u00e9rieur contemporains, a cr\u00e9\u00e9 le concept R\u00e9sidence G\u00e9rard Faivre, appartements et propri\u00e9t\u00e9s de luxe enti\u00e8rement r\u00e9nov\u00e9s, meubl\u00e9s et d\u00e9cor\u00e9s avec des services h\u00f4teliers totalement int\u00e9gr\u00e9s.<\/p>\r\n\r\n\r\n\r\n<p style=\"text-align: center;\">JACQUES GRANGE<\/p>\r\n\r\n\r\n\r\n<figure class=\"wp-block-image is-resized\"><img decoding=\"async\" class=\"wp-image-10004509\" src=\"https:\/\/delightfull.eu\/inspirations\/wp-content\/uploads\/2019\/07\/grange-1024x640.jpg\" alt=\"\" width=\"800\" srcset=\"https:\/\/delightfull.eu\/inspirations\/wp-content\/uploads\/2019\/07\/grange-1024x640.jpg 1024w, https:\/\/delightfull.eu\/inspirations\/wp-content\/uploads\/2019\/07\/grange-300x188.jpg 300w, https:\/\/delightfull.eu\/inspirations\/wp-content\/uploads\/2019\/07\/grange-770x481.jpg 770w, https:\/\/delightfull.eu\/inspirations\/wp-content\/uploads\/2019\/07\/grange-293x183.jpg 293w, https:\/\/delightfull.eu\/inspirations\/wp-content\/uploads\/2019\/07\/grange-1400x875.jpg 1400w, https:\/\/delightfull.eu\/inspirations\/wp-content\/uploads\/2019\/07\/grange.jpg 1920w\" sizes=\"(max-width: 1024px) 100vw, 1024px\"><\/figure>\r\n\r\n\r\n\r\n<p>Jacques Grange est sans aucun doute l\u2019un des meilleurs <strong>architectes d\u2019int\u00e9rieur et d\u00e9corateurs<\/strong> au monde. Connu pour son style exquis, caract\u00e9ris\u00e9 par une harmonie entre les go\u00fbts traditionnels et contemporains.<\/p>\r\n\r\n\r\n\r\n<p>C\u2019est gr\u00e2ce \u00e0 cet arri\u00e8re-plan et \u00e0 ces premi\u00e8res projets que Jacques Grange est capable de m\u00e9langer sans effort et d\u2019\u00e9l\u00e9ments de diff\u00e9rentes \u00e9poques \u2013 de l\u2019opulence. \u00abJe suis comme une \u00e9ponge\u00bb, dit-il.<\/p>\r\n\r\n\r\n\r\n<p style=\"text-align: center;\">PIERRE YOVANOVITCH<\/p>\r\n\r\n\r\n\r\n<figure class=\"wp-block-image is-resized\"><img decoding=\"async\" class=\"wp-image-10004510\" src=\"https:\/\/delightfull.eu\/inspirations\/wp-content\/uploads\/2019\/07\/Chateau-de-Fabregue-living-room-1024x682.jpg\" alt=\"\" width=\"800\" srcset=\"https:\/\/delightfull.eu\/inspirations\/wp-content\/uploads\/2019\/07\/Chateau-de-Fabregue-living-room-1024x682.jpg 1024w, https:\/\/delightfull.eu\/inspirations\/wp-content\/uploads\/2019\/07\/Chateau-de-Fabregue-living-room-300x200.jpg 300w, https:\/\/delightfull.eu\/inspirations\/wp-content\/uploads\/2019\/07\/Chateau-de-Fabregue-living-room-770x513.jpg 770w, https:\/\/delightfull.eu\/inspirations\/wp-content\/uploads\/2019\/07\/Chateau-de-Fabregue-living-room-370x247.jpg 370w, https:\/\/delightfull.eu\/inspirations\/wp-content\/uploads\/2019\/07\/Chateau-de-Fabregue-living-room-1155x770.jpg 1155w, https:\/\/delightfull.eu\/inspirations\/wp-content\/uploads\/2019\/07\/Chateau-de-Fabregue-living-room-293x195.jpg 293w, https:\/\/delightfull.eu\/inspirations\/wp-content\/uploads\/2019\/07\/Chateau-de-Fabregue-living-room.jpg 1274w\" sizes=\"(max-width: 1024px) 100vw, 1024px\"><\/figure>\r\n\r\n\r\n\r\n<p>Pierre Yovanovitch est un artiste. Il utilise le savoir-faire traditionnel des artisans fran\u00e7ais pour cr\u00e9er des int\u00e9rieurs uniques et des pi\u00e8ces en mat\u00e9riaux nobles tels que le marbre, la pierre, les m\u00e9taux ou le cuivre.<\/p>\r\n\r\n\r\n\r\n<p><strong>Architectural Digest <\/strong>a qualifi\u00e9 son travail de purement \u00abMade in France\u00bb et l\u2019a nomm\u00e9 sur la liste des <strong>100 meilleurs architectes d\u2019int\u00e9rieur<\/strong> de la prestigieuse liste <strong>AD100<\/strong> en 2010.<\/p>\r\n\r\n\r\n\r\n<p style=\"text-align: center;\">JACQUES GARCIA<\/p>\r\n\r\n\r\n\r\n<figure class=\"wp-block-image is-resized\"><img decoding=\"async\" class=\"wp-image-10004511\" src=\"https:\/\/delightfull.eu\/inspirations\/wp-content\/uploads\/2019\/07\/garcia-1024x676.jpg\" alt=\"\" width=\"800\" srcset=\"https:\/\/delightfull.eu\/inspirations\/wp-content\/uploads\/2019\/07\/garcia-1024x676.jpg 1024w, https:\/\/delightfull.eu\/inspirations\/wp-content\/uploads\/2019\/07\/garcia-300x198.jpg 300w, https:\/\/delightfull.eu\/inspirations\/wp-content\/uploads\/2019\/07\/garcia-770x509.jpg 770w, https:\/\/delightfull.eu\/inspirations\/wp-content\/uploads\/2019\/07\/garcia-293x194.jpg 293w, https:\/\/delightfull.eu\/inspirations\/wp-content\/uploads\/2019\/07\/garcia-1400x925.jpg 1400w\" sizes=\"(max-width: 1024px) 100vw, 1024px\"><\/figure>\r\n\r\n\r\n\r\n<p>N\u00e9 en 1947, Jacques Garcia fait preuve d\u2019un talent pour dessiner des objets d\u2019art d\u00e8s son plus jeune \u00e2ge. \u00c0 l\u2019\u00e2ge de huit ans, il a construit et am\u00e9nag\u00e9 sa premi\u00e8re structure chez son grand-parent.<\/p>\r\n\r\n\r\n\r\n<figure class=\"wp-block-image\"><img loading=\"lazy\" decoding=\"async\" width=\"1024\" height=\"683\" class=\"wp-image-10004514\" src=\"https:\/\/delightfull.eu\/inspirations\/wp-content\/uploads\/2019\/07\/19A2801-md-1024x683.jpg\" alt=\"\" srcset=\"https:\/\/delightfull.eu\/inspirations\/wp-content\/uploads\/2019\/07\/19A2801-md-1024x683.jpg 1024w, https:\/\/delightfull.eu\/inspirations\/wp-content\/uploads\/2019\/07\/19A2801-md-300x200.jpg 300w, https:\/\/delightfull.eu\/inspirations\/wp-content\/uploads\/2019\/07\/19A2801-md-770x513.jpg 770w, https:\/\/delightfull.eu\/inspirations\/wp-content\/uploads\/2019\/07\/19A2801-md-370x247.jpg 370w, https:\/\/delightfull.eu\/inspirations\/wp-content\/uploads\/2019\/07\/19A2801-md-1155x770.jpg 1155w, https:\/\/delightfull.eu\/inspirations\/wp-content\/uploads\/2019\/07\/19A2801-md-293x195.jpg 293w, https:\/\/delightfull.eu\/inspirations\/wp-content\/uploads\/2019\/07\/19A2801-md-1400x933.jpg 1400w\" sizes=\"(max-width: 1024px) 100vw, 1024px\"><\/figure>\r\n\r\n\r\n\r\n<p>Passionn\u00e9 d\u2019arts d\u00e8s son plus jeune \u00e2ge, Charles Zana est un designer et architecte fran\u00e7ais passionn\u00e9 qui associe art et technique dans chacun de ses projets.<\/p>\r\n\r\n\r\n<hr class=\"wp-block-separator\">\r\n\r\n\r\n<p class=\"has-text-color has-vivid-red-color\"><strong>Lisez plus ici:\u00a0<\/strong><a href=\"https:\/\/www.delightfull.eu\/inspirations\/styles\/les-meilleurs-designers-francais-presents-maison-obejt\/?utm_source=bmorais&amp;utm_medium=BlogInspirations&amp;utm_campaign=SeeAlso&amp;utm_content=France\" target=\"_blank\" rel=\"noreferrer noopener\"><strong>Les Meilleurs Designers Fran\u00e7ais Pr\u00e9sents En Maison et Obejt 19!<\/strong><\/a><\/p>\r\n\r\n\r\n<hr class=\"wp-block-separator\">\r\n\r\n\r\n<p>Vous pouvez visiter nos conseils\u00a0<a href=\"https:\/\/www.pinterest.pt\/delightfulll\/unique-blog\/?utm_source=bmorais&amp;utm_medium=Inspirations&amp;utm_content=French\" target=\"_blank\" rel=\"noreferrer noopener\">Pinterest<\/a>\u00a0afin d\u2019obtenir plus d\u2019inspirations.\u00a0Plus d\u2019id\u00e9es pour vos projets et trouver l\u2019\u00e9clairage fonctionnel, \u00e9l\u00e9gant et appr\u00e9ciable et les choix de meubles.\u00a0Assurez-vous de t\u00e9l\u00e9charger notre livre \u00e9lectronique\u00a0<a href=\"https:\/\/www.delightfull.eu\/en\/catalogue?utm_source=bmorais&amp;utm_medium=Inspirations&amp;utm_campaign=catalogue&amp;utm_content=French\" target=\"_blank\" rel=\"noreferrer noopener\">\u00abConseils de d\u00e9coration int\u00e9rieure pour un foyer bien \u00e9clair\u00e9\u00bb!<\/a><\/p>\r\n\r\n\r\n\r\n<table class=\"wp-block-table\">\r\n<tbody>\r\n<tr>\r\n<td><a class=\"bannerDinamicAction\" href=\"https:\/\/www.delightfull.eu\/en\/all-products?utm_source=delightfull-inspirations&amp;utm_medium=ArticleBanner&amp;utm_campaign=DynamicBanners&amp;utm_term=310&amp;utm_content=heritage_collection\" target=\"_blank\" data-imageid=\"310\">\n    <img class=\"img-responsive\" src=\"https:\/\/www.delightfull.eu\/blog\/wp-content\/uploads\/2018\/03\/Banner-HERITAGE-2.jpg\" alt=\"heritage,collection\"><\/a><\/td>\r\n<\/tr>\r\n<\/tbody>\r\n<\/table>\r\n","protected":false},"excerpt":{"rendered":"<p>Aujourd\u2019hui, notre article est sur notre liste des 10 meilleurs designers fran\u00e7ais modernes! Dans l\u2019\u00e9dition d\u2019aujourd\u2019hui, nous pr\u00e9senterons la deuxi\u00e8me partie de notre top 10 des designers fran\u00e7ais modernes! Nous esp\u00e9rons que cet article vous aidera dans le futur! ALBERTO PINTO Nous commen\u00e7ons notre liste avec un designer fran\u00e7ais renomm\u00e9, Alberto Pinto. Alberto Pinto est connu grace \u00e0 la grandeur des sur projets, espaces gigantesques et finitions ambitieuses, c\u2019est la vision d\u2019Alberto Pinto. Alberto Pinto est aujourd\u2019hui consid\u00e9r\u00e9 comme l\u2019un [&hellip;]<\/p>\n","protected":false},"author":20,"featured_media":10004516,"comment_status":"open","ping_status":"open","sticky":false,"template":"","format":"standard","meta":{"footnotes":"","_links_to":"","_links_to_target":""},"categories":[4155,3420,3916,3,3915],"tags":[1431,291,5151,5152,5153],"_links":{"self":[{"href":"https:\/\/delightfull.eu\/inspirations\/wp-json\/wp\/v2\/posts\/10004502"}],"collection":[{"href":"https:\/\/delightfull.eu\/inspirations\/wp-json\/wp\/v2\/posts"}],"about":[{"href":"https:\/\/delightfull.eu\/inspirations\/wp-json\/wp\/v2\/types\/post"}],"author":[{"embeddable":true,"href":"https:\/\/delightfull.eu\/inspirations\/wp-json\/wp\/v2\/users\/20"}],"replies":[{"embeddable":true,"href":"https:\/\/delightfull.eu\/inspirations\/wp-json\/wp\/v2\/comments?post=10004502"}],"version-history":[{"count":3,"href":"https:\/\/delightfull.eu\/inspirations\/wp-json\/wp\/v2\/posts\/10004502\/revisions"}],"predecessor-version":[{"id":10021105,"href":"https:\/\/delightfull.eu\/inspirations\/wp-json\/wp\/v2\/posts\/10004502\/revisions\/10021105"}],"wp:featuredmedia":[{"embeddable":true,"href":"https:\/\/delightfull.eu\/inspirations\/wp-json\/wp\/v2\/media\/10004516"}],"wp:attachment":[{"href":"https:\/\/delightfull.eu\/inspirations\/wp-json\/wp\/v2\/media?parent=10004502"}],"wp:term":[{"taxonomy":"category","embeddable":true,"href":"https:\/\/delightfull.eu\/inspirations\/wp-json\/wp\/v2\/categories?post=10004502"},{"taxonomy":"post_tag","embeddable":true,"href":"https:\/\/delightfull.eu\/inspirations\/wp-json\/wp\/v2\/tags?post=10004502"}],"curies":[{"name":"wp","href":"https:\/\/api.w.org\/{rel}","templated":true}]}}