{"id":10004533,"date":"2019-07-10T15:34:17","date_gmt":"2019-07-10T15:34:17","guid":{"rendered":"https:\/\/delightfull.eu\/inspirations\/?p=10004533"},"modified":"2019-07-10T15:34:19","modified_gmt":"2019-07-10T15:34:19","slug":"20-anos-de-decoracao-de-interiores-com-a-marca-portuguesa-5-janelas","status":"publish","type":"post","link":"https:\/\/delightfull.eu\/inspirations\/2019\/07\/10\/20-anos-de-decoracao-de-interiores-com-a-marca-portuguesa-5-janelas\/","title":{"rendered":"20 Anos De Decora\u00e7\u00e3o De Interiores Com A Marca Portuguesa 5 Janelas"},"content":{"rendered":"\n<h2 class=\"wp-block-heading\">\u201c<em>\u00c9 errado pensar em tend\u00eancias quando o ponto fulcral \u00e9 a necessidade do cliente\u201d <\/em>\n<\/h2>\n\n\n\n<p>Bem- vindo a mais um artigo Portugu\u00eas! Sabemos que sentiu a nossa falta, e sentiu mais falta ainda de ver uma <em><strong>marca portuguesa<\/strong><\/em> a aparecer no feed do blog, certo? N\u00e3o se preocupe, hoje trazemos uma das melhores: conhe\u00e7a <em>5 Janelas<\/em>!<\/p>\n\n\n\n<hr class=\"wp-block-separator\">\n\n\n\n<p><strong>Pode Ler Tamb\u00e9m:<\/strong> <\/p>\n\n\n\n<hr class=\"wp-block-separator\">\n\n\n\n<figure class=\"wp-block-image is-resized\"><a href=\"http:\/\/www.5janelas.com\/pt.php\" target=\"_blank\" rel=\"noreferrer noopener\"><img decoding=\"async\" src=\"https:\/\/delightfull.eu\/inspirations\/wp-content\/uploads\/2019\/07\/20-Anos-De-Decora%C3%A7%C3%A3o-De-Interiores-Com-A-Marca-Portuguesa-5-Janelas-683x1024.jpg\" alt=\"20 Anos De Decora\u00e7\u00e3o De Interiores Com A Marca Portuguesa 5 Janelas\" class=\"wp-image-10004543\" width=\"800\" srcset=\"https:\/\/delightfull.eu\/inspirations\/wp-content\/uploads\/2019\/07\/20-Anos-De-Decora\u00e7\u00e3o-De-Interiores-Com-A-Marca-Portuguesa-5-Janelas-683x1024.jpg 683w, https:\/\/delightfull.eu\/inspirations\/wp-content\/uploads\/2019\/07\/20-Anos-De-Decora\u00e7\u00e3o-De-Interiores-Com-A-Marca-Portuguesa-5-Janelas-200x300.jpg 200w, https:\/\/delightfull.eu\/inspirations\/wp-content\/uploads\/2019\/07\/20-Anos-De-Decora\u00e7\u00e3o-De-Interiores-Com-A-Marca-Portuguesa-5-Janelas-770x1154.jpg 770w, https:\/\/delightfull.eu\/inspirations\/wp-content\/uploads\/2019\/07\/20-Anos-De-Decora\u00e7\u00e3o-De-Interiores-Com-A-Marca-Portuguesa-5-Janelas-293x439.jpg 293w, https:\/\/delightfull.eu\/inspirations\/wp-content\/uploads\/2019\/07\/20-Anos-De-Decora\u00e7\u00e3o-De-Interiores-Com-A-Marca-Portuguesa-5-Janelas.jpg 800w\" sizes=\"(max-width: 683px) 100vw, 683px\"><\/a><\/figure>\n\n\n\n<blockquote class=\"wp-block-quote\"><p><em>H\u00e1 25 anos, um primeiro andar de um edif\u00edcio em Guimar\u00e3es recebia os primeiros passos de um\u00a0atelier\u00a0que roubou \u00e0s cinco janelas do espa\u00e7o a inspira\u00e7\u00e3o para o seu nome. <\/em><\/p><\/blockquote>\n\n\n\n<a class=\"bannerDinamicAction\" href=\"https:\/\/www.delightfull.eu\/trends\/?utm_source=delightfull-inspirations&amp;utm_medium=dynamicbanner-articlebanner&amp;utm_campaign=trends&amp;utm_term=1799&amp;utm_content=delightfullclassicblue\" target=\"_blank\" data-imageid=\"1799\">\n    <img class=\"img-responsive\" src=\"https:\/\/www.delightfull.eu\/banners_impact\/articlebanner\/DL%20Classic%20Blue.jpg\" alt=\"DelightFULL Classic Blue\"><\/a>\n\n\n\n<figure class=\"wp-block-image is-resized\"><a href=\"http:\/\/www.5janelas.com\/pt.php\" target=\"_blank\" rel=\"noreferrer noopener\"><img decoding=\"async\" src=\"https:\/\/delightfull.eu\/inspirations\/wp-content\/uploads\/2019\/07\/20-Anos-De-Decora%C3%A7%C3%A3o-De-Interiores-Com-A-Marca-Portuguesa-5-Janelas-2-1024x683.jpg\" alt=\"20 Anos De Decora\u00e7\u00e3o De Interiores Com A Marca Portuguesa 5 Janelas 2\" class=\"wp-image-10004538\" width=\"800\" srcset=\"https:\/\/delightfull.eu\/inspirations\/wp-content\/uploads\/2019\/07\/20-Anos-De-Decora\u00e7\u00e3o-De-Interiores-Com-A-Marca-Portuguesa-5-Janelas-2-1024x683.jpg 1024w, https:\/\/delightfull.eu\/inspirations\/wp-content\/uploads\/2019\/07\/20-Anos-De-Decora\u00e7\u00e3o-De-Interiores-Com-A-Marca-Portuguesa-5-Janelas-2-300x200.jpg 300w, https:\/\/delightfull.eu\/inspirations\/wp-content\/uploads\/2019\/07\/20-Anos-De-Decora\u00e7\u00e3o-De-Interiores-Com-A-Marca-Portuguesa-5-Janelas-2-770x513.jpg 770w, https:\/\/delightfull.eu\/inspirations\/wp-content\/uploads\/2019\/07\/20-Anos-De-Decora\u00e7\u00e3o-De-Interiores-Com-A-Marca-Portuguesa-5-Janelas-2-370x247.jpg 370w, https:\/\/delightfull.eu\/inspirations\/wp-content\/uploads\/2019\/07\/20-Anos-De-Decora\u00e7\u00e3o-De-Interiores-Com-A-Marca-Portuguesa-5-Janelas-2-1155x770.jpg 1155w, https:\/\/delightfull.eu\/inspirations\/wp-content\/uploads\/2019\/07\/20-Anos-De-Decora\u00e7\u00e3o-De-Interiores-Com-A-Marca-Portuguesa-5-Janelas-2-293x195.jpg 293w, https:\/\/delightfull.eu\/inspirations\/wp-content\/uploads\/2019\/07\/20-Anos-De-Decora\u00e7\u00e3o-De-Interiores-Com-A-Marca-Portuguesa-5-Janelas-2.jpg 1200w\" sizes=\"(max-width: 1024px) 100vw, 1024px\"><\/a><\/figure>\n\n\n\n<p>\u00c0 frente do projeto estava <em>Francisco Neves<\/em>, o homem que buscava a criatividade em todas as viagens, leituras, mem\u00f3rias dos lugares por onde passava. Ainda hoje assim \u00e9. \u00c0s <em>cinco janelas<\/em> do nome juntou cinco cadeiras \u00e0 imagem da marca, e\u00a0<em>voil\u00e1!<\/em>\u00a0Nascia a hist\u00f3ria de um dos mais consagrados\u00a0<em>designers\u00a0de interiores<\/em> do nosso pa\u00eds.<\/p>\n\n\n\n<figure class=\"wp-block-image is-resized\"><a href=\"http:\/\/www.5janelas.com\/pt.php\" target=\"_blank\" rel=\"noreferrer noopener\"><img decoding=\"async\" src=\"https:\/\/delightfull.eu\/inspirations\/wp-content\/uploads\/2019\/07\/20-Anos-De-Decora%C3%A7%C3%A3o-De-Interiores-Com-A-Marca-Portuguesa-5-Janelas-3-1024x682.jpg\" alt=\"20 Anos De Decora\u00e7\u00e3o De Interiores Com A Marca Portuguesa 5 Janelas 3\" class=\"wp-image-10004539\" width=\"800\" srcset=\"https:\/\/delightfull.eu\/inspirations\/wp-content\/uploads\/2019\/07\/20-Anos-De-Decora\u00e7\u00e3o-De-Interiores-Com-A-Marca-Portuguesa-5-Janelas-3-1024x682.jpg 1024w, https:\/\/delightfull.eu\/inspirations\/wp-content\/uploads\/2019\/07\/20-Anos-De-Decora\u00e7\u00e3o-De-Interiores-Com-A-Marca-Portuguesa-5-Janelas-3-300x200.jpg 300w, https:\/\/delightfull.eu\/inspirations\/wp-content\/uploads\/2019\/07\/20-Anos-De-Decora\u00e7\u00e3o-De-Interiores-Com-A-Marca-Portuguesa-5-Janelas-3-770x512.jpg 770w, https:\/\/delightfull.eu\/inspirations\/wp-content\/uploads\/2019\/07\/20-Anos-De-Decora\u00e7\u00e3o-De-Interiores-Com-A-Marca-Portuguesa-5-Janelas-3-370x247.jpg 370w, https:\/\/delightfull.eu\/inspirations\/wp-content\/uploads\/2019\/07\/20-Anos-De-Decora\u00e7\u00e3o-De-Interiores-Com-A-Marca-Portuguesa-5-Janelas-3-1155x770.jpg 1155w, https:\/\/delightfull.eu\/inspirations\/wp-content\/uploads\/2019\/07\/20-Anos-De-Decora\u00e7\u00e3o-De-Interiores-Com-A-Marca-Portuguesa-5-Janelas-3-293x195.jpg 293w, https:\/\/delightfull.eu\/inspirations\/wp-content\/uploads\/2019\/07\/20-Anos-De-Decora\u00e7\u00e3o-De-Interiores-Com-A-Marca-Portuguesa-5-Janelas-3-1400x932.jpg 1400w, https:\/\/delightfull.eu\/inspirations\/wp-content\/uploads\/2019\/07\/20-Anos-De-Decora\u00e7\u00e3o-De-Interiores-Com-A-Marca-Portuguesa-5-Janelas-3.jpg 2048w\" sizes=\"(max-width: 1024px) 100vw, 1024px\"><\/a><\/figure>\n\n\n\n<p>Hoje, com servi\u00e7os de <em>arquitetura de interiores<\/em> e decora\u00e7\u00e3o, o\u00a0<em>atelier\u00a05 Janelas<\/em> abarca ainda outros projetos em paralelo, como a galeria de arte apelidada Galeria 5, a loja de venda de artigos selecionados.<\/p>\n\n\n\n<figure class=\"wp-block-image is-resized\"><a href=\"http:\/\/www.5janelas.com\/pt.php\" target=\"_blank\" rel=\"noreferrer noopener\"><img decoding=\"async\" src=\"https:\/\/delightfull.eu\/inspirations\/wp-content\/uploads\/2019\/07\/20-Anos-De-Decora%C3%A7%C3%A3o-De-Interiores-Com-A-Marca-Portuguesa-5-Janelas-4-683x1024.jpg\" alt=\"20 Anos De Decora\u00e7\u00e3o De Interiores Com A Marca Portuguesa 5 Janelas 4\" class=\"wp-image-10004540\" width=\"800\" srcset=\"https:\/\/delightfull.eu\/inspirations\/wp-content\/uploads\/2019\/07\/20-Anos-De-Decora\u00e7\u00e3o-De-Interiores-Com-A-Marca-Portuguesa-5-Janelas-4-683x1024.jpg 683w, https:\/\/delightfull.eu\/inspirations\/wp-content\/uploads\/2019\/07\/20-Anos-De-Decora\u00e7\u00e3o-De-Interiores-Com-A-Marca-Portuguesa-5-Janelas-4-200x300.jpg 200w, https:\/\/delightfull.eu\/inspirations\/wp-content\/uploads\/2019\/07\/20-Anos-De-Decora\u00e7\u00e3o-De-Interiores-Com-A-Marca-Portuguesa-5-Janelas-4-770x1154.jpg 770w, https:\/\/delightfull.eu\/inspirations\/wp-content\/uploads\/2019\/07\/20-Anos-De-Decora\u00e7\u00e3o-De-Interiores-Com-A-Marca-Portuguesa-5-Janelas-4-293x439.jpg 293w, https:\/\/delightfull.eu\/inspirations\/wp-content\/uploads\/2019\/07\/20-Anos-De-Decora\u00e7\u00e3o-De-Interiores-Com-A-Marca-Portuguesa-5-Janelas-4.jpg 800w\" sizes=\"(max-width: 683px) 100vw, 683px\"><\/a><\/figure>\n\n\n\n<blockquote class=\"wp-block-quote\"><p><em>Do seu portf\u00f3lio constam projetos como a\u00a0<\/em><strong><em>Pastelaria Fina<\/em><\/strong><em>, a loja\u00a0<\/em><strong><em>Cofre<\/em><\/strong><em>, ambos em Guimar\u00e3es, como Stands em Feiras Internacionais (Heimtextil em Frankfurt). Para al\u00e9m de poderem ser vistos em revistas nacionais da especialidade, os seus trabalhos foram selecionados para a edi\u00e7\u00e3o 2013 do anu\u00e1rio\u00a0<\/em><strong><em>Andrew Martin Interior Design Review \u2013 vol 17<\/em><\/strong><em>.<\/em><\/p><\/blockquote>\n\n\n\n<figure class=\"wp-block-image is-resized\"><a href=\"http:\/\/www.5janelas.com\/pt.php\" target=\"_blank\" rel=\"noreferrer noopener\"><img decoding=\"async\" src=\"https:\/\/delightfull.eu\/inspirations\/wp-content\/uploads\/2019\/07\/20-Anos-De-Decora%C3%A7%C3%A3o-De-Interiores-Com-A-Marca-Portuguesa-5-Janelas-5.jpg\" alt=\"20 Anos De Decora\u00e7\u00e3o De Interiores Com A Marca Portuguesa 5 Janelas 5\" class=\"wp-image-10004541\" width=\"800\" srcset=\"https:\/\/delightfull.eu\/inspirations\/wp-content\/uploads\/2019\/07\/20-Anos-De-Decora\u00e7\u00e3o-De-Interiores-Com-A-Marca-Portuguesa-5-Janelas-5.jpg 825w, https:\/\/delightfull.eu\/inspirations\/wp-content\/uploads\/2019\/07\/20-Anos-De-Decora\u00e7\u00e3o-De-Interiores-Com-A-Marca-Portuguesa-5-Janelas-5-300x200.jpg 300w, https:\/\/delightfull.eu\/inspirations\/wp-content\/uploads\/2019\/07\/20-Anos-De-Decora\u00e7\u00e3o-De-Interiores-Com-A-Marca-Portuguesa-5-Janelas-5-770x513.jpg 770w, https:\/\/delightfull.eu\/inspirations\/wp-content\/uploads\/2019\/07\/20-Anos-De-Decora\u00e7\u00e3o-De-Interiores-Com-A-Marca-Portuguesa-5-Janelas-5-370x247.jpg 370w, https:\/\/delightfull.eu\/inspirations\/wp-content\/uploads\/2019\/07\/20-Anos-De-Decora\u00e7\u00e3o-De-Interiores-Com-A-Marca-Portuguesa-5-Janelas-5-293x195.jpg 293w\" sizes=\"(max-width: 825px) 100vw, 825px\"><\/a><\/figure>\n\n\n\n<p>J\u00e1 esteve tamb\u00e9m presente em programas como o \u2018Posso entrar?\u2019 da SIC Caras, onde Ana Marques foi conhecer a casa projetada por Francisco Neves, em Vilamoura, e  foi capa da CARAS Decora\u00e7\u00e3o de agosto de 2016.<\/p>\n\n\n\n<figure class=\"wp-block-image is-resized\"><a href=\"http:\/\/www.5janelas.com\/pt.php\" target=\"_blank\" rel=\"noreferrer noopener\"><img decoding=\"async\" src=\"https:\/\/delightfull.eu\/inspirations\/wp-content\/uploads\/2019\/07\/20-Anos-De-Decora%C3%A7%C3%A3o-De-Interiores-Com-A-Marca-Portuguesa-5-Janelas-6.jpg\" alt=\"20 Anos De Decora\u00e7\u00e3o De Interiores Com A Marca Portuguesa 5 Janelas 6\" class=\"wp-image-10004542\" width=\"800\" srcset=\"https:\/\/delightfull.eu\/inspirations\/wp-content\/uploads\/2019\/07\/20-Anos-De-Decora\u00e7\u00e3o-De-Interiores-Com-A-Marca-Portuguesa-5-Janelas-6.jpg 825w, https:\/\/delightfull.eu\/inspirations\/wp-content\/uploads\/2019\/07\/20-Anos-De-Decora\u00e7\u00e3o-De-Interiores-Com-A-Marca-Portuguesa-5-Janelas-6-300x200.jpg 300w, https:\/\/delightfull.eu\/inspirations\/wp-content\/uploads\/2019\/07\/20-Anos-De-Decora\u00e7\u00e3o-De-Interiores-Com-A-Marca-Portuguesa-5-Janelas-6-770x513.jpg 770w, https:\/\/delightfull.eu\/inspirations\/wp-content\/uploads\/2019\/07\/20-Anos-De-Decora\u00e7\u00e3o-De-Interiores-Com-A-Marca-Portuguesa-5-Janelas-6-370x247.jpg 370w, https:\/\/delightfull.eu\/inspirations\/wp-content\/uploads\/2019\/07\/20-Anos-De-Decora\u00e7\u00e3o-De-Interiores-Com-A-Marca-Portuguesa-5-Janelas-6-293x195.jpg 293w\" sizes=\"(max-width: 825px) 100vw, 825px\"><\/a><\/figure>\n\n\n\n<p>Acreditando que a necessidade do cliente \u00e9 mais importante que qualquer tend\u00eancia que possa criar, Francisco Neves mant\u00e9m-se ativo na reformula\u00e7\u00e3o de interiores, dando o seu toque \u00fanico de bom gosto e sofistica\u00e7\u00e3o. <\/p>\n\n\n\n<hr class=\"wp-block-separator\">\n\n\n\n<p><strong>Pode Ler Tamb\u00e9m:<\/strong> <\/p>\n\n\n\n<hr class=\"wp-block-separator\">\n\n\n\n<p>Visite a nossa p\u00e1gina nopara que lhe possamos oferecer mais inspira\u00e7\u00e3o. Aqui encontrar\u00e1 tudo o que precisa para os seus projetos de interiores e encontrar op\u00e7\u00f5es funcionais, elegantes e consider\u00e1veis de ilumina\u00e7\u00e3o e mobili\u00e1rio. Certifique-se que faz o\u00a0<a rel=\"noreferrer noopener\" href=\"http:\/\/www.delightfull.eu\/landing-page\/ebooks\/?utm_source=aalves&amp;utm_medium=BlogUnique&amp;utm_campaign=LinksTexto\" target=\"_blank\">download<\/a>\u00a0do nosso mais recente E-book: \u2018\u2018. <\/p>\n\n\n\n<a class=\"bannerDinamicAction\" href=\":\/\/\" target=\"_blank\" data-imageid=\"0\">\n    <img class=\"img-responsive\" src=\"\" alt=\"\"><\/a>\n","protected":false},"excerpt":{"rendered":"<p>\u201c\u00c9 errado pensar em tend\u00eancias quando o ponto fulcral \u00e9 a necessidade do cliente\u201d Bem- vindo a mais um artigo Portugu\u00eas! Sabemos que sentiu a nossa falta, e sentiu mais falta ainda de ver uma marca portuguesa a aparecer no feed do blog, certo? N\u00e3o se preocupe, hoje trazemos uma das melhores: conhe\u00e7a 5 Janelas! Pode Ler Tamb\u00e9m: H\u00e1 25 anos, um primeiro andar de um edif\u00edcio em Guimar\u00e3es recebia os primeiros passos de um\u00a0atelier\u00a0que roubou \u00e0s cinco janelas do [&hellip;]<\/p>\n","protected":false},"author":20,"featured_media":10004546,"comment_status":"open","ping_status":"open","sticky":false,"template":"","format":"standard","meta":{"footnotes":"","_links_to":"","_links_to_target":""},"categories":[3,3920,3915],"tags":[5158,4569,5160,5159,4158,3952,5157,4365],"_links":{"self":[{"href":"https:\/\/delightfull.eu\/inspirations\/wp-json\/wp\/v2\/posts\/10004533"}],"collection":[{"href":"https:\/\/delightfull.eu\/inspirations\/wp-json\/wp\/v2\/posts"}],"about":[{"href":"https:\/\/delightfull.eu\/inspirations\/wp-json\/wp\/v2\/types\/post"}],"author":[{"embeddable":true,"href":"https:\/\/delightfull.eu\/inspirations\/wp-json\/wp\/v2\/users\/20"}],"replies":[{"embeddable":true,"href":"https:\/\/delightfull.eu\/inspirations\/wp-json\/wp\/v2\/comments?post=10004533"}],"version-history":[{"count":7,"href":"https:\/\/delightfull.eu\/inspirations\/wp-json\/wp\/v2\/posts\/10004533\/revisions"}],"predecessor-version":[{"id":10004547,"href":"https:\/\/delightfull.eu\/inspirations\/wp-json\/wp\/v2\/posts\/10004533\/revisions\/10004547"}],"wp:featuredmedia":[{"embeddable":true,"href":"https:\/\/delightfull.eu\/inspirations\/wp-json\/wp\/v2\/media\/10004546"}],"wp:attachment":[{"href":"https:\/\/delightfull.eu\/inspirations\/wp-json\/wp\/v2\/media?parent=10004533"}],"wp:term":[{"taxonomy":"category","embeddable":true,"href":"https:\/\/delightfull.eu\/inspirations\/wp-json\/wp\/v2\/categories?post=10004533"},{"taxonomy":"post_tag","embeddable":true,"href":"https:\/\/delightfull.eu\/inspirations\/wp-json\/wp\/v2\/tags?post=10004533"}],"curies":[{"name":"wp","href":"https:\/\/api.w.org\/{rel}","templated":true}]}}