{"id":10007802,"date":"2020-02-20T15:39:04","date_gmt":"2020-02-20T15:39:04","guid":{"rendered":"https:\/\/delightfull.eu\/inspirations\/?p=10007802"},"modified":"2021-02-05T15:53:25","modified_gmt":"2021-02-05T15:53:25","slug":"madrid-design-festival-2020-the-highlights-check-out","status":"publish","type":"post","link":"https:\/\/delightfull.eu\/inspirations\/2020\/02\/20\/madrid-design-festival-2020-the-highlights-check-out\/","title":{"rendered":"Madrid Design Festival 2020: The Highlights (CHECK OUT!)"},"content":{"rendered":"\n<p class=\"has-text-align-center\"><strong><em><a href=\"https:\/\/delightfull.eu\/inspirations\/2020\/01\/24\/mid-century-lighting-is-taking-over-madrid\/\">Madrid<\/a><\/em> is the stage of one of the <em>top design events<\/em> that is happening, and today, <em>Inspirations Blog<\/em> will tell you all about <em><span style=\"text-decoration: underline;\"><a href=\"https:\/\/madriddesignfestival.com\/en\/\" target=\"_blank\" rel=\"noreferrer noopener\" aria-label=\"Madrid Design Festival (opens in a new tab)\">Madrid Design Festival<\/a><\/span> <\/em>2020!<\/strong><\/p>\n\n\n\n<p><strong><em><a href=\"https:\/\/madriddesignfestival.com\/en\/\" target=\"_blank\" rel=\"noreferrer noopener\" aria-label=\" (opens in a new tab)\">Madrid Design Festival<\/a><\/em><\/strong> is one of the <strong><em>top design events<\/em><\/strong> of the month. From the second of February until the 29th, Madrid be the stage of this <strong><em><a href=\"https:\/\/madriddesignfestival.com\/en\/\" target=\"_blank\" rel=\"noreferrer noopener\" aria-label=\"international design event (opens in a new tab)\">international design event<\/a><\/em><\/strong> that has the main goal to elevate the city to \u201c<em>a privileged position on the international arena\u201d<\/em>. Continue reading and check all all the highlights!<\/p>\n\n\n\n<hr class=\"wp-block-separator\">\n\n\n\n<p class=\"has-text-align-center\"><strong><a href=\"https:\/\/delightfull.eu\/inspirations\/2020\/01\/24\/mid-century-lighting-is-taking-over-madrid\/?utm_source=blog&amp;utm_medium=see-also&amp;utm_content=delightfullinspirations-inspirations&amp;utm_campaign=inspiration&amp;utm_term=jjusto\"> READ ALSO: Mid Century Lighting Is Taking Over Madrid!<\/a><\/strong><\/p>\n\n\n\n<hr class=\"wp-block-separator\">\n\n\n\n<figure class=\"wp-block-image size-large\"><a href=\"https:\/\/delightfull.eu\/inspirations\/2020\/01\/24\/mid-century-lighting-is-taking-over-madrid\/\"><img loading=\"lazy\" decoding=\"async\" width=\"800\" height=\"534\" src=\"https:\/\/delightfull.eu\/inspirations\/wp-content\/uploads\/2020\/02\/2-19.jpg\" alt=\"Madrid Design Festival 2020: The Highlights (CHECK OUT!)\" class=\"wp-image-10007806\" srcset=\"https:\/\/delightfull.eu\/inspirations\/wp-content\/uploads\/2020\/02\/2-19.jpg 800w, https:\/\/delightfull.eu\/inspirations\/wp-content\/uploads\/2020\/02\/2-19-300x200.jpg 300w, https:\/\/delightfull.eu\/inspirations\/wp-content\/uploads\/2020\/02\/2-19-770x514.jpg 770w, https:\/\/delightfull.eu\/inspirations\/wp-content\/uploads\/2020\/02\/2-19-370x247.jpg 370w, https:\/\/delightfull.eu\/inspirations\/wp-content\/uploads\/2020\/02\/2-19-293x196.jpg 293w\" sizes=\"(max-width: 800px) 100vw, 800px\"><\/a><\/figure>\n\n\n\n<p><strong><em><a href=\"https:\/\/madriddesignfestival.com\/en\/\" target=\"_blank\" rel=\"noreferrer noopener\" aria-label=\"Madrid Design Festival (opens in a new tab)\">Madrid Design Festival<\/a><\/em><\/strong><em> is a design event created<\/em><strong><em> <\/em><\/strong> by La F\u00e1brica under the direction of \u00c1lvaro Mat\u00edas, and this year\u2019s edition is encompassing all the <strong><em>design fields<\/em><\/strong> since <strong><em>architecture<\/em><\/strong> to <strong><em><a href=\"https:\/\/www.delightfull.eu\/en\/graphic-lamps?utm_source=blog&amp;utm_medium=article-text&amp;utm_content=delightfullinspirations-inspirations&amp;utm_campaign=inspiration&amp;utm_term=jjusto\" target=\"_blank\" rel=\"noreferrer noopener\" aria-label=\"graphic design (opens in a new tab)\">graphic design<\/a><\/em><\/strong>, <em>\u201ccommunications to interior design, all of them hybridising into a <a href=\"https:\/\/delightfull.eu\/inspirations\/2018\/12\/13\/flawless-contemporary-bedroom-designs-youll-dream-about-inside-them\/\">contemporary<\/a> and innovative format\u201d.<\/em> <\/p>\n\n\n\n<a class=\"bannerDinamicAction\" href=\"https:\/\/www.delightfull.eu\/trends\/?utm_source=delightfull-inspirations&amp;utm_medium=dynamicbanner-articlebanner&amp;utm_campaign=trends&amp;utm_term=1799&amp;utm_content=delightfullclassicblue\" target=\"_blank\" data-imageid=\"1799\">\n    <img class=\"img-responsive\" src=\"https:\/\/www.delightfull.eu\/banners_impact\/articlebanner\/DL%20Classic%20Blue.jpg\" alt=\"DelightFULL Classic Blue\"><\/a>\n\n\n\n<figure class=\"wp-block-image size-large is-resized\"><a href=\"https:\/\/delightfull.eu\/inspirations\/2020\/02\/10\/contemporary-interior-design-inspirations-patricia-urquiola\/\"><img decoding=\"async\" src=\"https:\/\/delightfull.eu\/inspirations\/wp-content\/uploads\/2020\/02\/3-19-1024x625.jpg\" alt=\"Madrid Design Festival 2020: The Highlights (CHECK OUT!)\" class=\"wp-image-10007807\" width=\"800\" srcset=\"https:\/\/delightfull.eu\/inspirations\/wp-content\/uploads\/2020\/02\/3-19-1024x625.jpg 1024w, https:\/\/delightfull.eu\/inspirations\/wp-content\/uploads\/2020\/02\/3-19-300x183.jpg 300w, https:\/\/delightfull.eu\/inspirations\/wp-content\/uploads\/2020\/02\/3-19-770x470.jpg 770w, https:\/\/delightfull.eu\/inspirations\/wp-content\/uploads\/2020\/02\/3-19-293x179.jpg 293w, https:\/\/delightfull.eu\/inspirations\/wp-content\/uploads\/2020\/02\/3-19-1400x854.jpg 1400w, https:\/\/delightfull.eu\/inspirations\/wp-content\/uploads\/2020\/02\/3-19.jpg 1500w\" sizes=\"(max-width: 1024px) 100vw, 1024px\"><\/a><\/figure>\n\n\n\n<blockquote class=\"wp-block-quote\"><p><em>\u201c<a href=\"https:\/\/madriddesignfestival.com\/en\/\" target=\"_blank\" rel=\"noreferrer noopener\" aria-label=\"Madrid Design Festival (opens in a new tab)\">Madrid Design Festival<\/a> is a widespread project that infiltrates every  corner of the city, becoming the very best tool to democratize design and transmit the importance of this discipline that transforms our lives each and every day\u201d<\/em><\/p><\/blockquote>\n\n\n\n<figure class=\"wp-block-image size-large\"><a href=\"https:\/\/delightfull.eu\/inspirations\/2020\/01\/24\/mid-century-lighting-is-taking-over-madrid\/\"><img loading=\"lazy\" decoding=\"async\" width=\"800\" height=\"416\" src=\"https:\/\/delightfull.eu\/inspirations\/wp-content\/uploads\/2020\/02\/4-19.jpg\" alt=\"Madrid Design Festival 2020: The Highlights (CHECK OUT!)\" class=\"wp-image-10007808\" srcset=\"https:\/\/delightfull.eu\/inspirations\/wp-content\/uploads\/2020\/02\/4-19.jpg 800w, https:\/\/delightfull.eu\/inspirations\/wp-content\/uploads\/2020\/02\/4-19-300x156.jpg 300w, https:\/\/delightfull.eu\/inspirations\/wp-content\/uploads\/2020\/02\/4-19-770x400.jpg 770w, https:\/\/delightfull.eu\/inspirations\/wp-content\/uploads\/2020\/02\/4-19-293x152.jpg 293w\" sizes=\"(max-width: 800px) 100vw, 800px\"><\/a><\/figure>\n\n\n\n<p>Redesign the world is the message that the event want to spread: <em>\u201ca language capable of generate methodologies, change mentalities, positively alter our environment\u201d<\/em>. Nowadays, <strong><em>design<\/em><\/strong> is seen as a tool to solve the world biggest issues and <strong><em>interior designer<\/em><\/strong>s and architects are creating new environments with open spaces, design pieces using natural and recycled materials. <\/p>\n\n\n\n<figure class=\"wp-block-image size-large is-resized\"><a href=\"https:\/\/delightfull.eu\/inspirations\/2020\/01\/24\/mid-century-lighting-is-taking-over-madrid\/\"><img decoding=\"async\" src=\"https:\/\/delightfull.eu\/inspirations\/wp-content\/uploads\/2020\/02\/5-15.jpg\" alt=\"Madrid Design Festival 2020: The Highlights (CHECK OUT!)\" class=\"wp-image-10007809\" width=\"800\" srcset=\"https:\/\/delightfull.eu\/inspirations\/wp-content\/uploads\/2020\/02\/5-15.jpg 960w, https:\/\/delightfull.eu\/inspirations\/wp-content\/uploads\/2020\/02\/5-15-300x300.jpg 300w, https:\/\/delightfull.eu\/inspirations\/wp-content\/uploads\/2020\/02\/5-15-100x100.jpg 100w, https:\/\/delightfull.eu\/inspirations\/wp-content\/uploads\/2020\/02\/5-15-770x770.jpg 770w, https:\/\/delightfull.eu\/inspirations\/wp-content\/uploads\/2020\/02\/5-15-75x75.jpg 75w, https:\/\/delightfull.eu\/inspirations\/wp-content\/uploads\/2020\/02\/5-15-293x293.jpg 293w, https:\/\/delightfull.eu\/inspirations\/wp-content\/uploads\/2020\/02\/5-15-390x390.jpg 390w, https:\/\/delightfull.eu\/inspirations\/wp-content\/uploads\/2020\/02\/5-15-585x585.jpg 585w, https:\/\/delightfull.eu\/inspirations\/wp-content\/uploads\/2020\/02\/5-15-900x900.jpg 900w\" sizes=\"(max-width: 960px) 100vw, 960px\"><\/a><\/figure>\n\n\n\n<p><em>\u201cThe festival is full of ambitious proposals that will place design on the city\u2019s cultural calendar, attracting\u00a0<strong>national and international<\/strong>\u00a0visitors to its exhibits and workshops that will be held at different places throughout the capital\u201d.  <\/em>If you\u2019re a designer lover, this is a event you absolutely have to attend, because you\u2019ll have the chance to see the brand new design pieces renowned designers are creating, and also the opportunity to witness the work of emerging talents. <\/p>\n\n\n\n<figure class=\"wp-block-image size-large is-resized\"><a href=\"https:\/\/delightfull.eu\/inspirations\/2020\/01\/24\/mid-century-lighting-is-taking-over-madrid\/\"><img decoding=\"async\" src=\"https:\/\/delightfull.eu\/inspirations\/wp-content\/uploads\/2020\/02\/7-15.jpg\" alt=\"Madrid Design Festival 2020: The Highlights (CHECK OUT!)\" class=\"wp-image-10007810\" width=\"800\" srcset=\"https:\/\/delightfull.eu\/inspirations\/wp-content\/uploads\/2020\/02\/7-15.jpg 1024w, https:\/\/delightfull.eu\/inspirations\/wp-content\/uploads\/2020\/02\/7-15-300x177.jpg 300w, https:\/\/delightfull.eu\/inspirations\/wp-content\/uploads\/2020\/02\/7-15-770x455.jpg 770w, https:\/\/delightfull.eu\/inspirations\/wp-content\/uploads\/2020\/02\/7-15-293x173.jpg 293w\" sizes=\"(max-width: 1024px) 100vw, 1024px\"><\/a><\/figure>\n\n\n\n<p>A city-wide celebration with colorful design waiitng for you!<\/p>\n\n\n\n<hr class=\"wp-block-separator\">\n\n\n\n<p class=\"has-text-align-center\"><strong>HIGHLIGHTS <\/strong><\/p>\n\n\n\n<hr class=\"wp-block-separator\">\n\n\n\n<figure class=\"wp-block-embed-youtube wp-block-embed is-type-video is-provider-youtube wp-embed-aspect-16-9 wp-has-aspect-ratio\"><div class=\"wp-block-embed__wrapper\">\n<iframe loading=\"lazy\" title=\"Madrid Design Festival 2020\" width=\"1200\" height=\"675\" src=\"https:\/\/www.youtube.com\/embed\/xUgs1ItKln8?feature=oembed\" frameborder=\"0\" allow=\"accelerometer; autoplay; encrypted-media; gyroscope; picture-in-picture\" allowfullscreen><\/iframe>\n<\/div><\/figure>\n\n\n\n<hr class=\"wp-block-separator\">\n\n\n\n<p class=\"has-text-align-center\"><strong>FEEL INSPIRED BY MADRID DESIGN FESTIVAL 2020 TRENDS<\/strong><\/p>\n\n\n\n<hr class=\"wp-block-separator\">\n\n\n\n<figure class=\"wp-block-image size-large is-resized\"><a href=\"https:\/\/shop.delightfull.eu\/sinatra-iii-floor-lamp?utm_source=blog&amp;utm_medium=article-image&amp;utm_content=delightfullinspirations-inspirations&amp;utm_campaign=inspiration&amp;utm_term=jjusto\" target=\"_blank\" rel=\"noreferrer noopener\"><img decoding=\"async\" src=\"https:\/\/delightfull.eu\/inspirations\/wp-content\/uploads\/2020\/02\/8-10.jpg\" alt=\"Madrid Design Festival 2020: The Highlights (CHECK OUT!)\" class=\"wp-image-10007813\" width=\"800\" srcset=\"https:\/\/delightfull.eu\/inspirations\/wp-content\/uploads\/2020\/02\/8-10.jpg 840w, https:\/\/delightfull.eu\/inspirations\/wp-content\/uploads\/2020\/02\/8-10-300x225.jpg 300w, https:\/\/delightfull.eu\/inspirations\/wp-content\/uploads\/2020\/02\/8-10-770x578.jpg 770w, https:\/\/delightfull.eu\/inspirations\/wp-content\/uploads\/2020\/02\/8-10-293x220.jpg 293w\" sizes=\"(max-width: 840px) 100vw, 840px\"><\/a><\/figure>\n\n\n\n<div class=\"wp-block-button aligncenter is-style-outline\"><a class=\"wp-block-button__link\" href=\"https:\/\/shop.delightfull.eu\/sinatra-iii-floor-lamp?utm_source=blog&amp;utm_medium=article-image&amp;utm_content=delightfullinspirations-inspirations&amp;utm_campaign=inspiration&amp;utm_term=jjusto\">BUY NOW<\/a><\/div>\n\n\n\n<hr class=\"wp-block-separator\">\n\n\n\n<p class=\"has-text-align-center\"><strong><a href=\"https:\/\/delightfull.eu\/inspirations\/2020\/02\/13\/what-is-hot-on-instagram-the-5-best-influencers-of-milan\/\">READ ALSO: What is Hot on Instagram: The 5 Best Influencers of Milan!<\/a><\/strong><\/p>\n\n\n\n<hr class=\"wp-block-separator\">\n\n\n\n<h3 class=\"has-text-align-center wp-block-heading\">Did you like our article about\u00a0<em><span style=\"text-decoration: underline;\">Madrid Design Festival 2020: The Highlights (CHECK OUT!)<\/span><\/em>?<\/h3>\n\n\n\n<a class=\"bannerDinamicAction\" href=\"https:\/\/www.delightfull.eu\/en\/ebooks?utm_source=delightfull-inspirations&amp;utm_medium=dynamicbanner-articlebanner&amp;utm_campaign=tradeshows&amp;utm_term=1795&amp;utm_content=isalonidl\" target=\"_blank\" data-imageid=\"1795\">\n    <img class=\"img-responsive\" src=\"https:\/\/www.delightfull.eu\/banners_impact\/articlebanner\/DL.jpg\" alt=\"IsaloniDL\"><\/a>\n\n\n\n<p>You can visit our\u00a0<a href=\"http:\/\/www.pinterest.com\/delightfulll\/unique-blog\/#utm_source=abernardo&amp;utm_medium=BlogI&amp;utm_campaign=LinksTexto\"><strong>Pinterest<\/strong><\/a>\u00a0boards in order to get more inspirations. Get more ideas for your projects and find functional, stylish and sizable lighting and furniture choices. Make sure to\u00a0<a href=\"http:\/\/www.delightfull.eu\/landing-page\/ebooks\/?utm_source=abernardo&amp;utm_medium=BlogUnique&amp;utm_campaign=LinksTexto\"><strong>download<\/strong><\/a>\u00a0our \u2018<a href=\"http:\/\/www.delightfull.eu\/landing-page\/ebooks\/?utm_source=abernardo&amp;utm_medium=BlogUnique&amp;utm_campaign=LinksTexto\"><strong>Interior Design Tips for a Well-Lit Home<\/strong><\/a>\u2018 eBook!<\/p>\n","protected":false},"excerpt":{"rendered":"<p>Madrid is the stage of one of the top design events that is happening, and today, Inspirations Blog will tell you all about Madrid Design Festival 2020! Madrid Design Festival is one of the top design events of the month. From the second of February until the 29th, Madrid be the stage of this international design event that has the main goal to elevate the city to \u201ca privileged position on the international arena\u201d. Continue reading and check all all [&hellip;]<\/p>\n","protected":false},"author":20,"featured_media":10007815,"comment_status":"open","ping_status":"open","sticky":false,"template":"","format":"standard","meta":{"footnotes":"","_links_to":"","_links_to_target":""},"categories":[2776],"tags":[],"_links":{"self":[{"href":"https:\/\/delightfull.eu\/inspirations\/wp-json\/wp\/v2\/posts\/10007802"}],"collection":[{"href":"https:\/\/delightfull.eu\/inspirations\/wp-json\/wp\/v2\/posts"}],"about":[{"href":"https:\/\/delightfull.eu\/inspirations\/wp-json\/wp\/v2\/types\/post"}],"author":[{"embeddable":true,"href":"https:\/\/delightfull.eu\/inspirations\/wp-json\/wp\/v2\/users\/20"}],"replies":[{"embeddable":true,"href":"https:\/\/delightfull.eu\/inspirations\/wp-json\/wp\/v2\/comments?post=10007802"}],"version-history":[{"count":10,"href":"https:\/\/delightfull.eu\/inspirations\/wp-json\/wp\/v2\/posts\/10007802\/revisions"}],"predecessor-version":[{"id":10014296,"href":"https:\/\/delightfull.eu\/inspirations\/wp-json\/wp\/v2\/posts\/10007802\/revisions\/10014296"}],"wp:featuredmedia":[{"embeddable":true,"href":"https:\/\/delightfull.eu\/inspirations\/wp-json\/wp\/v2\/media\/10007815"}],"wp:attachment":[{"href":"https:\/\/delightfull.eu\/inspirations\/wp-json\/wp\/v2\/media?parent=10007802"}],"wp:term":[{"taxonomy":"category","embeddable":true,"href":"https:\/\/delightfull.eu\/inspirations\/wp-json\/wp\/v2\/categories?post=10007802"},{"taxonomy":"post_tag","embeddable":true,"href":"https:\/\/delightfull.eu\/inspirations\/wp-json\/wp\/v2\/tags?post=10007802"}],"curies":[{"name":"wp","href":"https:\/\/api.w.org\/{rel}","templated":true}]}}