{"id":18949,"date":"2018-12-11T12:07:03","date_gmt":"2018-12-11T12:07:03","guid":{"rendered":"https:\/\/www.delightfull.eu\/inspirations\/?p=18949"},"modified":"2018-12-11T12:07:03","modified_gmt":"2018-12-11T12:07:03","slug":"coleccion-lamparas-graficas-para-casa-presentacion","status":"publish","type":"post","link":"https:\/\/delightfull.eu\/inspirations\/2018\/12\/11\/coleccion-lamparas-graficas-para-casa-presentacion\/","title":{"rendered":"Colecci\u00f3n De L\u00e1mparas Gr\u00e1ficas Para Tu Casa: La Presentaci\u00f3n"},"content":{"rendered":"\n<h2 style=\"text-align: center;\">L\u00e1mparas Gr\u00e1ficas, Presentaci\u00f3n<\/h2>\n<p>\u00a1 Hoy nos vamos a focar en las <span style=\"color: #008080;\"><a style=\"color: #008080;\" href=\"https:\/\/www.delightfull.eu\/inspirations\/trends\/hot-pinterest-marquee-lamps-celebrate-2019\/?utm_source=iteixeira&amp;utm_medium=Inspirations&amp;utm_campaign=Linkstexto\" target=\"_blank\" rel=\"noopener\"><strong><em>L\u00e1mparas Gr\u00e1ficas<\/em><\/strong><\/a><\/span>, si no las conoces esta es la oportunidad para eso! Ven con nosotros en esto viaje!<\/p>\n<hr>\n<p><strong><em>INSP\u00cdRATE AQU\u00cd:<\/em><\/strong>\u00a0<span style=\"color: #008080;\"><a style=\"color: #008080;\" title=\"Pantone Color Del A\u00f1o 2019: Coral Va Rellenar El Design de Tu Casa\" href=\"https:\/\/www.delightfull.eu\/inspirations\/worldwide\/spanish\/pantone-color-del-ano-2019-coral-rellenar-design-casa\/?utm_source=iteixeira&amp;utm_medium=Inspirations&amp;utm_campaign=Seealso\" target=\"_blank\" rel=\"noopener\">Pantone Color Del A\u00f1o 2019: Coral Va Rellenar El Design de Tu Casa<\/a><\/span><\/p>\n<hr>\n<p><a href=\"https:\/\/www.delightfull.eu\/en\/graphic-lamps\/graphic\/letter-e?utm_source=iteixeira&amp;utm_medium=Inspirations&amp;utm_campaign=PecaDL\" target=\"_blank\" rel=\"noopener\"><img loading=\"lazy\" decoding=\"async\" class=\"alignnone wp-image-18971 size-full\" src=\"https:\/\/delightfull.eu\/inspirations\/wp-content\/uploads\/2018\/12\/Colecci%C3%B3n-De-L%C3%A1mparas-Gr%C3%A1ficas-Para-Tu-Casa_-La-Presentaci%C3%B3n-2.png\" alt=\"Colecci\u00f3n De L\u00e1mparas Gr\u00e1ficas Para Tu Casa_ La Presentaci\u00f3n (2)\" width=\"800\" height=\"800\" srcset=\"https:\/\/delightfull.eu\/inspirations\/wp-content\/uploads\/2018\/12\/Colecci\u00f3n-De-L\u00e1mparas-Gr\u00e1ficas-Para-Tu-Casa_-La-Presentaci\u00f3n-2.png 800w, https:\/\/delightfull.eu\/inspirations\/wp-content\/uploads\/2018\/12\/Colecci\u00f3n-De-L\u00e1mparas-Gr\u00e1ficas-Para-Tu-Casa_-La-Presentaci\u00f3n-2-100x100.png 100w, https:\/\/delightfull.eu\/inspirations\/wp-content\/uploads\/2018\/12\/Colecci\u00f3n-De-L\u00e1mparas-Gr\u00e1ficas-Para-Tu-Casa_-La-Presentaci\u00f3n-2-300x300.png 300w, https:\/\/delightfull.eu\/inspirations\/wp-content\/uploads\/2018\/12\/Colecci\u00f3n-De-L\u00e1mparas-Gr\u00e1ficas-Para-Tu-Casa_-La-Presentaci\u00f3n-2-770x770.png 770w, https:\/\/delightfull.eu\/inspirations\/wp-content\/uploads\/2018\/12\/Colecci\u00f3n-De-L\u00e1mparas-Gr\u00e1ficas-Para-Tu-Casa_-La-Presentaci\u00f3n-2-75x75.png 75w, https:\/\/delightfull.eu\/inspirations\/wp-content\/uploads\/2018\/12\/Colecci\u00f3n-De-L\u00e1mparas-Gr\u00e1ficas-Para-Tu-Casa_-La-Presentaci\u00f3n-2-293x293.png 293w, https:\/\/delightfull.eu\/inspirations\/wp-content\/uploads\/2018\/12\/Colecci\u00f3n-De-L\u00e1mparas-Gr\u00e1ficas-Para-Tu-Casa_-La-Presentaci\u00f3n-2-390x390.png 390w, https:\/\/delightfull.eu\/inspirations\/wp-content\/uploads\/2018\/12\/Colecci\u00f3n-De-L\u00e1mparas-Gr\u00e1ficas-Para-Tu-Casa_-La-Presentaci\u00f3n-2-585x585.png 585w\" sizes=\"(max-width: 800px) 100vw, 800px\"><\/a><br>\n<em><a href=\"https:\/\/www.delightfull.eu\/en\/graphic-lamps\/graphic\/letter-e?utm_source=iteixeira&amp;utm_medium=Inspirations&amp;utm_campaign=Buynow\" target=\"_blank\" rel=\"noopener\"><img loading=\"lazy\" decoding=\"async\" class=\"alignnone wp-image-18850 size-full\" src=\"https:\/\/delightfull.eu\/inspirations\/wp-content\/uploads\/2018\/12\/BOT%C3%83O-BUY-NOW.png\" alt=\"\" width=\"665\" height=\"60\" srcset=\"https:\/\/delightfull.eu\/inspirations\/wp-content\/uploads\/2018\/12\/BOT\u00c3O-BUY-NOW.png 665w, https:\/\/delightfull.eu\/inspirations\/wp-content\/uploads\/2018\/12\/BOT\u00c3O-BUY-NOW-300x27.png 300w\" sizes=\"(max-width: 665px) 100vw, 665px\"><\/a><\/em><br>\n<span style=\"color: #008080;\"><a style=\"color: #008080;\" href=\"https:\/\/www.delightfull.eu\/inspirations\/trends\/hot-pinterest-marquee-lamps-celebrate-2019\/?utm_source=iteixeira&amp;utm_medium=Inspirations&amp;utm_campaign=Linkstexto\" target=\"_blank\" rel=\"noopener\"><em>Interiorismo y design<\/em><\/a><\/span> con las l\u00e1mparas de <em><span style=\"color: #008080;\"><a style=\"color: #008080;\" href=\"https:\/\/www.delightfull.eu\/inspirations\/trends\/hot-pinterest-marquee-lamps-celebrate-2019\/?utm_source=iteixeira&amp;utm_medium=Inspirations&amp;utm_campaign=Linkstexto\" target=\"_blank\" rel=\"noopener\">design gr\u00e1fico<\/a><\/span>,\u00a0<\/em>nuestro foco para hoy. \u00bf Alguna vez has pensado en tener una de estas en tu casa? Esta es tu oportunidad para tenerlo, esta collecci\u00f3n es \u00fanica y puede ser tuya.<br>\n<a class=\"bannerDinamicAction\" href=\":\/\/\" target=\"_blank\" data-imageid=\"0\">\n    <img class=\"img-responsive\" src=\"\" alt=\"\"><\/a><br>\n\u00a0<br>\n<a href=\"https:\/\/delightfull.eu\/inspirations\/wp-content\/uploads\/2018\/12\/Colecci%C3%B3n-De-L%C3%A1mparas-Gr%C3%A1ficas-Para-Tu-Casa_-La-Presentaci%C3%B3n-3.png\"><img loading=\"lazy\" decoding=\"async\" class=\"alignnone wp-image-18972 size-full\" src=\"https:\/\/delightfull.eu\/inspirations\/wp-content\/uploads\/2018\/12\/Colecci%C3%B3n-De-L%C3%A1mparas-Gr%C3%A1ficas-Para-Tu-Casa_-La-Presentaci%C3%B3n-3.png\" alt=\"Colecci\u00f3n De L\u00e1mparas Gr\u00e1ficas Para Tu Casa_ La Presentaci\u00f3n (3)\" width=\"800\" height=\"800\" srcset=\"https:\/\/delightfull.eu\/inspirations\/wp-content\/uploads\/2018\/12\/Colecci\u00f3n-De-L\u00e1mparas-Gr\u00e1ficas-Para-Tu-Casa_-La-Presentaci\u00f3n-3.png 800w, https:\/\/delightfull.eu\/inspirations\/wp-content\/uploads\/2018\/12\/Colecci\u00f3n-De-L\u00e1mparas-Gr\u00e1ficas-Para-Tu-Casa_-La-Presentaci\u00f3n-3-100x100.png 100w, https:\/\/delightfull.eu\/inspirations\/wp-content\/uploads\/2018\/12\/Colecci\u00f3n-De-L\u00e1mparas-Gr\u00e1ficas-Para-Tu-Casa_-La-Presentaci\u00f3n-3-300x300.png 300w, https:\/\/delightfull.eu\/inspirations\/wp-content\/uploads\/2018\/12\/Colecci\u00f3n-De-L\u00e1mparas-Gr\u00e1ficas-Para-Tu-Casa_-La-Presentaci\u00f3n-3-770x770.png 770w, https:\/\/delightfull.eu\/inspirations\/wp-content\/uploads\/2018\/12\/Colecci\u00f3n-De-L\u00e1mparas-Gr\u00e1ficas-Para-Tu-Casa_-La-Presentaci\u00f3n-3-75x75.png 75w, https:\/\/delightfull.eu\/inspirations\/wp-content\/uploads\/2018\/12\/Colecci\u00f3n-De-L\u00e1mparas-Gr\u00e1ficas-Para-Tu-Casa_-La-Presentaci\u00f3n-3-293x293.png 293w, https:\/\/delightfull.eu\/inspirations\/wp-content\/uploads\/2018\/12\/Colecci\u00f3n-De-L\u00e1mparas-Gr\u00e1ficas-Para-Tu-Casa_-La-Presentaci\u00f3n-3-390x390.png 390w, https:\/\/delightfull.eu\/inspirations\/wp-content\/uploads\/2018\/12\/Colecci\u00f3n-De-L\u00e1mparas-Gr\u00e1ficas-Para-Tu-Casa_-La-Presentaci\u00f3n-3-585x585.png 585w\" sizes=\"(max-width: 800px) 100vw, 800px\"><\/a><br>\n<em><a href=\"https:\/\/delightfull.eu\/inspirations\/wp-content\/uploads\/2018\/12\/BOT%C3%83O-BUY-NOW.png\"><img loading=\"lazy\" decoding=\"async\" class=\"alignnone wp-image-18850 size-full\" src=\"https:\/\/delightfull.eu\/inspirations\/wp-content\/uploads\/2018\/12\/BOT%C3%83O-BUY-NOW.png\" alt=\"\" width=\"665\" height=\"60\" srcset=\"https:\/\/delightfull.eu\/inspirations\/wp-content\/uploads\/2018\/12\/BOT\u00c3O-BUY-NOW.png 665w, https:\/\/delightfull.eu\/inspirations\/wp-content\/uploads\/2018\/12\/BOT\u00c3O-BUY-NOW-300x27.png 300w\" sizes=\"(max-width: 665px) 100vw, 665px\"><\/a><\/em><br>\nTienes todas las letras del abced\u00e1rio, todos los n\u00fameros y el s\u00edmbolo del d\u00f3lar. Ahoras es importante referir que vamos imaginar que quieres la letra E pero en el formato de la letra G, puedes pedirlo. Las l\u00e1mparas tienen costumizaci\u00f3n, as\u00ed que puedes tener las que quieras y en el formato que m\u00e1s se aproxima de ti.<br>\n<a href=\"https:\/\/www.delightfull.eu\/inspirations\/trends\/hot-pinterest-marquee-lamps-celebrate-2019\/?utm_source=iteixeira&amp;utm_medium=Inspirations&amp;utm_campaign=Imagem\" target=\"_blank\" rel=\"noopener\"><img loading=\"lazy\" decoding=\"async\" class=\"alignnone wp-image-18973 size-full\" src=\"https:\/\/delightfull.eu\/inspirations\/wp-content\/uploads\/2018\/12\/Colecci%C3%B3n-De-L%C3%A1mparas-Gr%C3%A1ficas-Para-Tu-Casa_-La-Presentaci%C3%B3n-4.png\" alt=\"Colecci\u00f3n De L\u00e1mparas Gr\u00e1ficas Para Tu Casa_ La Presentaci\u00f3n (4)\" width=\"800\" height=\"800\" srcset=\"https:\/\/delightfull.eu\/inspirations\/wp-content\/uploads\/2018\/12\/Colecci\u00f3n-De-L\u00e1mparas-Gr\u00e1ficas-Para-Tu-Casa_-La-Presentaci\u00f3n-4.png 800w, https:\/\/delightfull.eu\/inspirations\/wp-content\/uploads\/2018\/12\/Colecci\u00f3n-De-L\u00e1mparas-Gr\u00e1ficas-Para-Tu-Casa_-La-Presentaci\u00f3n-4-100x100.png 100w, https:\/\/delightfull.eu\/inspirations\/wp-content\/uploads\/2018\/12\/Colecci\u00f3n-De-L\u00e1mparas-Gr\u00e1ficas-Para-Tu-Casa_-La-Presentaci\u00f3n-4-300x300.png 300w, https:\/\/delightfull.eu\/inspirations\/wp-content\/uploads\/2018\/12\/Colecci\u00f3n-De-L\u00e1mparas-Gr\u00e1ficas-Para-Tu-Casa_-La-Presentaci\u00f3n-4-770x770.png 770w, https:\/\/delightfull.eu\/inspirations\/wp-content\/uploads\/2018\/12\/Colecci\u00f3n-De-L\u00e1mparas-Gr\u00e1ficas-Para-Tu-Casa_-La-Presentaci\u00f3n-4-75x75.png 75w, https:\/\/delightfull.eu\/inspirations\/wp-content\/uploads\/2018\/12\/Colecci\u00f3n-De-L\u00e1mparas-Gr\u00e1ficas-Para-Tu-Casa_-La-Presentaci\u00f3n-4-293x293.png 293w, https:\/\/delightfull.eu\/inspirations\/wp-content\/uploads\/2018\/12\/Colecci\u00f3n-De-L\u00e1mparas-Gr\u00e1ficas-Para-Tu-Casa_-La-Presentaci\u00f3n-4-390x390.png 390w, https:\/\/delightfull.eu\/inspirations\/wp-content\/uploads\/2018\/12\/Colecci\u00f3n-De-L\u00e1mparas-Gr\u00e1ficas-Para-Tu-Casa_-La-Presentaci\u00f3n-4-585x585.png 585w\" sizes=\"(max-width: 800px) 100vw, 800px\"><\/a><br>\nCreemos que esta collecci\u00f3n va a rellenar tu espacio en casa, va a darle un toque especial y \u00fanico. Imag\u00ednese, la primer letra de tu nombre, tu novio y tu hijo o de otra manera, la primera letra de um empresa en tu empresa tal c\u00f3mo un log\u00f3tipo.<br>\n<a href=\"https:\/\/www.delightfull.eu\/inspirations\/trends\/hot-pinterest-marquee-lamps-celebrate-2019\/?utm_source=iteixeira&amp;utm_medium=Inspirations&amp;utm_campaign=Imagem\" target=\"_blank\" rel=\"noopener\"><img loading=\"lazy\" decoding=\"async\" class=\"alignnone wp-image-18976 size-full\" src=\"https:\/\/delightfull.eu\/inspirations\/wp-content\/uploads\/2018\/12\/Colecci%C3%B3n-De-L%C3%A1mparas-Gr%C3%A1ficas-Para-Tu-Casa_-La-Presentaci%C3%B3n-5.png\" alt=\"Colecci\u00f3n De L\u00e1mparas Gr\u00e1ficas Para Tu Casa_ La Presentaci\u00f3n (5)\" width=\"800\" height=\"800\" srcset=\"https:\/\/delightfull.eu\/inspirations\/wp-content\/uploads\/2018\/12\/Colecci\u00f3n-De-L\u00e1mparas-Gr\u00e1ficas-Para-Tu-Casa_-La-Presentaci\u00f3n-5.png 800w, https:\/\/delightfull.eu\/inspirations\/wp-content\/uploads\/2018\/12\/Colecci\u00f3n-De-L\u00e1mparas-Gr\u00e1ficas-Para-Tu-Casa_-La-Presentaci\u00f3n-5-100x100.png 100w, https:\/\/delightfull.eu\/inspirations\/wp-content\/uploads\/2018\/12\/Colecci\u00f3n-De-L\u00e1mparas-Gr\u00e1ficas-Para-Tu-Casa_-La-Presentaci\u00f3n-5-300x300.png 300w, https:\/\/delightfull.eu\/inspirations\/wp-content\/uploads\/2018\/12\/Colecci\u00f3n-De-L\u00e1mparas-Gr\u00e1ficas-Para-Tu-Casa_-La-Presentaci\u00f3n-5-770x770.png 770w, https:\/\/delightfull.eu\/inspirations\/wp-content\/uploads\/2018\/12\/Colecci\u00f3n-De-L\u00e1mparas-Gr\u00e1ficas-Para-Tu-Casa_-La-Presentaci\u00f3n-5-75x75.png 75w, https:\/\/delightfull.eu\/inspirations\/wp-content\/uploads\/2018\/12\/Colecci\u00f3n-De-L\u00e1mparas-Gr\u00e1ficas-Para-Tu-Casa_-La-Presentaci\u00f3n-5-293x293.png 293w, https:\/\/delightfull.eu\/inspirations\/wp-content\/uploads\/2018\/12\/Colecci\u00f3n-De-L\u00e1mparas-Gr\u00e1ficas-Para-Tu-Casa_-La-Presentaci\u00f3n-5-390x390.png 390w, https:\/\/delightfull.eu\/inspirations\/wp-content\/uploads\/2018\/12\/Colecci\u00f3n-De-L\u00e1mparas-Gr\u00e1ficas-Para-Tu-Casa_-La-Presentaci\u00f3n-5-585x585.png 585w\" sizes=\"(max-width: 800px) 100vw, 800px\"><\/a><br>\nTodas estas<span style=\"color: #008080;\"> <a style=\"color: #008080;\" href=\"https:\/\/www.delightfull.eu\/inspirations\/trends\/hot-pinterest-marquee-lamps-celebrate-2019\/?utm_source=iteixeira&amp;utm_medium=Inspirations&amp;utm_campaign=Linkstexto\" target=\"_blank\" rel=\"noopener\"><em>L\u00e1mparas Gr\u00e1ficas<\/em><\/a><\/span> son muy versatiles, pueden ser utilizadas para el interior o para el exterior, como puedes ver en esto image aqu\u00ed.<br>\n<a class=\"bannerDinamicAction\" href=\"https:\/\/www.delightfull.eu\/en\/graphic-lamps?utm_source=delightfull-inspirations&amp;utm_medium=dynamicbanner-articlebanner&amp;utm_campaign=product&amp;utm_term=311&amp;utm_content=graphiccollection\" target=\"_blank\" data-imageid=\"311\">\n    <img class=\"img-responsive\" src=\"https:\/\/www.delightfull.eu\/banners_impact\/articlebanner\/DLgraphic.jpg\" alt=\"Graphic Collection\"><\/a><br>\n\u00a0<br>\n<a href=\"https:\/\/www.delightfull.eu\/inspirations\/trends\/hot-pinterest-marquee-lamps-celebrate-2019\/?utm_source=iteixeira&amp;utm_medium=Inspirations&amp;utm_campaign=Imagem\" target=\"_blank\" rel=\"noopener\"><img loading=\"lazy\" decoding=\"async\" class=\"alignnone wp-image-18978 size-full\" src=\"https:\/\/delightfull.eu\/inspirations\/wp-content\/uploads\/2018\/12\/Colecci%C3%B3n-De-L%C3%A1mparas-Gr%C3%A1ficas-Para-Tu-Casa_-La-Presentaci%C3%B3n-6.png\" alt=\"Colecci\u00f3n De L\u00e1mparas Gr\u00e1ficas Para Tu Casa_ La Presentaci\u00f3n (6)\" width=\"800\" height=\"800\" srcset=\"https:\/\/delightfull.eu\/inspirations\/wp-content\/uploads\/2018\/12\/Colecci\u00f3n-De-L\u00e1mparas-Gr\u00e1ficas-Para-Tu-Casa_-La-Presentaci\u00f3n-6.png 800w, https:\/\/delightfull.eu\/inspirations\/wp-content\/uploads\/2018\/12\/Colecci\u00f3n-De-L\u00e1mparas-Gr\u00e1ficas-Para-Tu-Casa_-La-Presentaci\u00f3n-6-100x100.png 100w, https:\/\/delightfull.eu\/inspirations\/wp-content\/uploads\/2018\/12\/Colecci\u00f3n-De-L\u00e1mparas-Gr\u00e1ficas-Para-Tu-Casa_-La-Presentaci\u00f3n-6-300x300.png 300w, https:\/\/delightfull.eu\/inspirations\/wp-content\/uploads\/2018\/12\/Colecci\u00f3n-De-L\u00e1mparas-Gr\u00e1ficas-Para-Tu-Casa_-La-Presentaci\u00f3n-6-770x770.png 770w, https:\/\/delightfull.eu\/inspirations\/wp-content\/uploads\/2018\/12\/Colecci\u00f3n-De-L\u00e1mparas-Gr\u00e1ficas-Para-Tu-Casa_-La-Presentaci\u00f3n-6-75x75.png 75w, https:\/\/delightfull.eu\/inspirations\/wp-content\/uploads\/2018\/12\/Colecci\u00f3n-De-L\u00e1mparas-Gr\u00e1ficas-Para-Tu-Casa_-La-Presentaci\u00f3n-6-293x293.png 293w, https:\/\/delightfull.eu\/inspirations\/wp-content\/uploads\/2018\/12\/Colecci\u00f3n-De-L\u00e1mparas-Gr\u00e1ficas-Para-Tu-Casa_-La-Presentaci\u00f3n-6-390x390.png 390w, https:\/\/delightfull.eu\/inspirations\/wp-content\/uploads\/2018\/12\/Colecci\u00f3n-De-L\u00e1mparas-Gr\u00e1ficas-Para-Tu-Casa_-La-Presentaci\u00f3n-6-585x585.png 585w\" sizes=\"(max-width: 800px) 100vw, 800px\"><\/a><br>\n<em><a href=\"https:\/\/delightfull.eu\/inspirations\/wp-content\/uploads\/2018\/12\/BOT%C3%83O-BUY-NOW.png\"><img loading=\"lazy\" decoding=\"async\" class=\"alignnone wp-image-18850 size-full\" src=\"https:\/\/delightfull.eu\/inspirations\/wp-content\/uploads\/2018\/12\/BOT%C3%83O-BUY-NOW.png\" alt=\"\" width=\"665\" height=\"60\" srcset=\"https:\/\/delightfull.eu\/inspirations\/wp-content\/uploads\/2018\/12\/BOT\u00c3O-BUY-NOW.png 665w, https:\/\/delightfull.eu\/inspirations\/wp-content\/uploads\/2018\/12\/BOT\u00c3O-BUY-NOW-300x27.png 300w\" sizes=\"(max-width: 665px) 100vw, 665px\"><\/a><\/em><br>\n\u00a1Ahora, ahora es el tiempo para tenerlas!\u00a0\u00bf Por qu\u00e9 esperar? Todas tienen su efecto \u00fanico, todas pueden combinar com el interiorismo de tu casa. S\u00f3lo tu puedes escogerlas, s\u00f3lo tu tienes la capacidad de ver lo que es mejor para ti y para tu casa.<\/p>\n<hr>\n<p><span style=\"color: #000000;\"><strong><em>DESCUBRE M\u00c1S AQU\u00cd:<\/em><\/strong><\/span>\u00a0<span style=\"color: #008080;\"><a style=\"color: #008080;\" title=\"Patricia Bustos Studio: Los Mejores Proyectos De Interiorismo\" href=\"https:\/\/www.delightfull.eu\/inspirations\/worldwide\/spanish\/patricia-bustos-studio-los-mejores-proyectos-interiorismo\/?utm_source=iteixeira&amp;utm_medium=Inspirations&amp;utm_campaign=Seealso\" target=\"_blank\" rel=\"noopener\">Patricia Bustos Studio: Los Mejores Proyectos De Interiorismo<\/a><\/span><\/p>\n<hr>\n<p style=\"text-align: center;\">Puedes visitar nuestras im\u00e1genes que est\u00e1n en\u00a0<a href=\"https:\/\/www.pinterest.pt\/delightfulll\/unique-blog\/#utm_source=abernardo&amp;utm_medium=BlogI&amp;utm_campaign=LinksTexto\" target=\"_blank\" rel=\"noopener\">Pinterest<\/a>, as\u00ed puedes ver m\u00e1s inspiraciones. Tambi\u00e9n puedes obtener m\u00e1s ideas para tus proyectos de trabajo y encontrar una variedad de l\u00e1mparas llenas de estilo. Asegura tu download de nuestro\u00a0 \u2018<a href=\"http:\/\/www.delightfull.eu\/landing-page\/ebooks\/?utm_source=abernardo&amp;utm_medium=BlogUnique&amp;utm_campaign=LinksTexto\">Interior Design Tips for a Well-Lit Home<\/a>\u2018 eBook!<\/p>\n<a class=\"bannerDinamicAction\" href=\"https:\/\/www.delightfull.eu\/en\/heritage\/table\/?utm_source=delightfull-inspirations&amp;utm_medium=ArticleBanner&amp;utm_campaign=DynamicBanners&amp;utm_term=195&amp;utm_content=DianatablelampDelightfull\" target=\"_blank\" data-imageid=\"195\">\n    <img class=\"img-responsive\" src=\"https:\/\/modernfloorlamps.net\/wp-content\/uploads\/2018\/07\/dl-banner-diana-table-hor1.gif\" alt=\"DianatablelampDelightfullgif\"><\/a>\n","protected":false},"excerpt":{"rendered":"<p>L\u00e1mparas Gr\u00e1ficas, Presentaci\u00f3n \u00a1 Hoy nos vamos a focar en las L\u00e1mparas Gr\u00e1ficas, si no las conoces esta es la oportunidad para eso! Ven con nosotros en esto viaje! INSP\u00cdRATE AQU\u00cd:\u00a0Pantone Color Del A\u00f1o 2019: Coral Va Rellenar El Design de Tu Casa Interiorismo y design con las l\u00e1mparas de design gr\u00e1fico,\u00a0nuestro foco para hoy. \u00bf Alguna vez has pensado en tener una de estas en tu casa? Esta es tu oportunidad para tenerlo, esta collecci\u00f3n es \u00fanica y puede [&hellip;]<\/p>\n","protected":false},"author":20,"featured_media":18979,"comment_status":"open","ping_status":"open","sticky":false,"template":"","format":"standard","meta":{"footnotes":"","_links_to":"","_links_to_target":""},"categories":[3919],"tags":[4027,3937,4026,4028,4025],"_links":{"self":[{"href":"https:\/\/delightfull.eu\/inspirations\/wp-json\/wp\/v2\/posts\/18949"}],"collection":[{"href":"https:\/\/delightfull.eu\/inspirations\/wp-json\/wp\/v2\/posts"}],"about":[{"href":"https:\/\/delightfull.eu\/inspirations\/wp-json\/wp\/v2\/types\/post"}],"author":[{"embeddable":true,"href":"https:\/\/delightfull.eu\/inspirations\/wp-json\/wp\/v2\/users\/20"}],"replies":[{"embeddable":true,"href":"https:\/\/delightfull.eu\/inspirations\/wp-json\/wp\/v2\/comments?post=18949"}],"version-history":[{"count":7,"href":"https:\/\/delightfull.eu\/inspirations\/wp-json\/wp\/v2\/posts\/18949\/revisions"}],"predecessor-version":[{"id":18985,"href":"https:\/\/delightfull.eu\/inspirations\/wp-json\/wp\/v2\/posts\/18949\/revisions\/18985"}],"wp:featuredmedia":[{"embeddable":true,"href":"https:\/\/delightfull.eu\/inspirations\/wp-json\/wp\/v2\/media\/18979"}],"wp:attachment":[{"href":"https:\/\/delightfull.eu\/inspirations\/wp-json\/wp\/v2\/media?parent=18949"}],"wp:term":[{"taxonomy":"category","embeddable":true,"href":"https:\/\/delightfull.eu\/inspirations\/wp-json\/wp\/v2\/categories?post=18949"},{"taxonomy":"post_tag","embeddable":true,"href":"https:\/\/delightfull.eu\/inspirations\/wp-json\/wp\/v2\/tags?post=18949"}],"curies":[{"name":"wp","href":"https:\/\/api.w.org\/{rel}","templated":true}]}}